{"id":25668,"date":"2025-12-12T16:56:59","date_gmt":"2025-12-12T20:56:59","guid":{"rendered":"https:\/\/agromt.news\/?p=25668"},"modified":"2025-12-12T16:56:59","modified_gmt":"2025-12-12T20:56:59","slug":"produtores-temem-prejuizos-apos-homologacao-de-terras-indigenas","status":"publish","type":"post","link":"https:\/\/agromt.news\/?p=25668","title":{"rendered":"Produtores temem preju\u00edzos ap\u00f3s homologa\u00e7\u00e3o de terras ind\u00edgenas"},"content":{"rendered":"<p> <br \/>\n<\/p>\n<div>\n<figure><img decoding=\"async\" src=\"https:\/\/agromt.news\/wp-content\/uploads\/2025\/12\/Produtores-temem-prejuizos-apos-homologacao-de-terras-indigenas.png\" alt=\"indigenas; homologa\u00e7\u00e3o de terras\" \/><figcaption>Foto: reprodu\u00e7\u00e3o\/Planeta Campo<\/figcaption><\/figure>\n<\/div>\n<p>Produtores rurais de <a href=\"https:\/\/www.canalrural.com.br\/tag\/mato-grosso\/\">Mato Grosso<\/a> vivem um cen\u00e1rio de inseguran\u00e7a ap\u00f3s as novas homologa\u00e7\u00f5es de terras ind\u00edgenas assinadas pelo governo federal. <\/p>\n<p>Segundo o Instituto Mato-grossense de Economia Agropecu\u00e1ria (<a href=\"https:\/\/www.canalrural.com.br\/tag\/imea\/\">Imea<\/a>), a medida pode comprometer mais de R$ 170 milh\u00f5es em produ\u00e7\u00e3o agropecu\u00e1ria e colocar em risco quase 500 empregos, afetando fam\u00edlias que h\u00e1 d\u00e9cadas trabalham e investem na regi\u00e3o.<\/p>\n<ul class=\"wp-block-list\">\n<li><em>Veja em primeira m\u00e3o tudo sobre agricultura, pecu\u00e1ria, economia e previs\u00e3o do tempo:<\/em><a href=\"https:\/\/news.google.com\/publications\/CAAqBwgKMPKZlQswq_mqAw?hl=pt-BR&amp;gl=BR&amp;ceid=BR%3Apt-419\"><em> <\/em><strong><em>siga o Canal Rural no Google News!<\/em><\/strong><\/a><\/li>\n<\/ul>\n<p>Em Brasnorte, o produtor rural, Valdir Pedro Orso construiu, ao longo de quatro d\u00e9cadas, uma \u00e1rea de 2.950 hectares no sistema de integra\u00e7\u00e3o lavoura-pecu\u00e1ria. Cada cerca, tronco e \u00e1rvore plantada representa uma linha da trajet\u00f3ria iniciada nos anos 1980, quando, segundo ele, todas as aberturas foram feitas com licen\u00e7as regulares.<\/p>\n<p>\u201cEsses p\u00e9s de manga eu plantei, t\u00eam 44 anos, \u00e9 uma hist\u00f3ria. Agora dizem que vou ter que pagar, mas eu n\u00e3o vendi, todo o dinheiro que me derem \u00e9 pouco. \u00c9 injusti\u00e7a, porque n\u00e3o est\u00e3o dando chance para a gente se defender\u201d, afirma.<\/p>\n<p>De acordo com o produtor rural, Fl\u00e1vio Giacomet, ele trabalhava com manejo florestal sustent\u00e1vel em quase 5 mil hectares, atividade que empregava cerca de 30 trabalhadores. <\/p>\n<p>Giacomet diz ter adquirido a \u00e1rea legalmente e seguido todas as normas t\u00e9cnicas, incluindo a preserva\u00e7\u00e3o de \u00e1rvores marcadas como porta-sementes, mesmo assim, o manejo foi suspenso em 2004 pelo Instituto Brasileiro do Meio Ambiente e dos Recursos Naturais Renov\u00e1veis (<a href=\"https:\/\/www.canalrural.com.br\/tag\/ibama\/\">Ibama<\/a>).<\/p>\n<p>Desde ent\u00e3o, o produtor afirma nunca ter conseguido reativar a atividade. Nesse per\u00edodo, registrou boletins de ocorr\u00eancia por furto de madeira dentro da propriedade, na tentativa de proteger a \u00e1rea.<\/p>\n<h3 class=\"wp-block-heading\" id=\"h-impacto-economico\"><strong>Impacto econ\u00f4mico<\/strong><\/h3>\n<p>S\u00f3 em Brasnorte, o Imea identificou cerca de 250 mil hectares dentro da \u00e1rea prevista para expans\u00e3o da Terra Ind\u00edgena Manoki. Nesse territ\u00f3rio est\u00e3o 871 hectares de soja, 2,4 mil hectares de milho segunda safra, um rebanho de 44 mil cabe\u00e7as e mais de 15 mil animais abatidos por ano.<\/p>\n<p>O movimento econ\u00f4mico ultrapassa R$ 80 milh\u00f5es anuais, sustentando 242 empregos diretos. Produtores afirmam ainda que a amplia\u00e7\u00e3o atinge pequenos propriet\u00e1rios do assentamento Banco da Terra, onde cerca de 30 fam\u00edlias possuem \u00e1reas de aproximadamente 100 hectares cada.<\/p>\n<h3 class=\"wp-block-heading\" id=\"h-riscos-juridicos-e-economicos\"><strong>Riscos jur\u00eddicos e econ\u00f4micos<\/strong><\/h3>\n<p>De acordo com o Imea, al\u00e9m da Terra Manoki, foram homologadas as \u00e1reas Orapuru (Conquista do Oeste e Nova Lacerda), Esta\u00e7\u00e3o Parecis (Diamantino), Reserva Canela do Araguaia. Juntas, as homologa\u00e7\u00f5es podem gerar preju\u00edzo superior a R$ 170 milh\u00f5es e eliminar mais de 400 empregos.<\/p>\n<p>N\u00e3o foi respeitado os crit\u00e9rios e, acima de tudo, muitas delas n\u00e3o h\u00e1 nem comprova\u00e7\u00e3o da presen\u00e7a de ind\u00edgenas nelas. No m\u00ednimo, no m\u00ednimo deveria ocorrer uma desapropria\u00e7\u00e3o com indeniza\u00e7\u00e3o justa para que essas fam\u00edlias pudessem se restabelecer em outras localidades e continuar produzindo&#8221;, afirma o presidente da Aprosoja Mato Grosso, Lucas Costa Beber.\u00a0<\/p>\n<p>O post <a href=\"https:\/\/www.canalrural.com.br\/agricultura\/produtores-temem-prejuizos-apos-homologacao-de-terras-indigenas\/\">Produtores temem preju\u00edzos ap\u00f3s homologa\u00e7\u00e3o de terras ind\u00edgenas<\/a> apareceu primeiro em <a href=\"https:\/\/www.canalrural.com.br\">Canal Rural<\/a>.<\/p>\n<p><br \/>\n<br \/><a href=\"https:\/\/www.canalrural.com.br\/agricultura\/produtores-temem-prejuizos-apos-homologacao-de-terras-indigenas\/\">Source link <\/a><\/p>\n","protected":false},"excerpt":{"rendered":"<p>Foto: reprodu\u00e7\u00e3o\/Planeta Campo Produtores rurais de Mato Grosso vivem um cen\u00e1rio de inseguran\u00e7a ap\u00f3s as novas homologa\u00e7\u00f5es de terras ind\u00edgenas<\/p>\n","protected":false},"author":1,"featured_media":25669,"comment_status":"open","ping_status":"open","sticky":false,"template":"","format":"standard","meta":{"_monsterinsights_skip_tracking":false,"_monsterinsights_sitenote_active":false,"_monsterinsights_sitenote_note":"","_monsterinsights_sitenote_category":0,"_uf_show_specific_survey":0,"_uf_disable_surveys":false,"footnotes":""},"categories":[1],"tags":[],"class_list":["post-25668","post","type-post","status-publish","format-standard","has-post-thumbnail","hentry","category-news"],"_links":{"self":[{"href":"https:\/\/agromt.news\/index.php?rest_route=\/wp\/v2\/posts\/25668"}],"collection":[{"href":"https:\/\/agromt.news\/index.php?rest_route=\/wp\/v2\/posts"}],"about":[{"href":"https:\/\/agromt.news\/index.php?rest_route=\/wp\/v2\/types\/post"}],"author":[{"embeddable":true,"href":"https:\/\/agromt.news\/index.php?rest_route=\/wp\/v2\/users\/1"}],"replies":[{"embeddable":true,"href":"https:\/\/agromt.news\/index.php?rest_route=%2Fwp%2Fv2%2Fcomments&post=25668"}],"version-history":[{"count":0,"href":"https:\/\/agromt.news\/index.php?rest_route=\/wp\/v2\/posts\/25668\/revisions"}],"wp:featuredmedia":[{"embeddable":true,"href":"https:\/\/agromt.news\/index.php?rest_route=\/wp\/v2\/media\/25669"}],"wp:attachment":[{"href":"https:\/\/agromt.news\/index.php?rest_route=%2Fwp%2Fv2%2Fmedia&parent=25668"}],"wp:term":[{"taxonomy":"category","embeddable":true,"href":"https:\/\/agromt.news\/index.php?rest_route=%2Fwp%2Fv2%2Fcategories&post=25668"},{"taxonomy":"post_tag","embeddable":true,"href":"https:\/\/agromt.news\/index.php?rest_route=%2Fwp%2Fv2%2Ftags&post=25668"}],"curies":[{"name":"wp","href":"https:\/\/api.w.org\/{rel}","templated":true}]}}