{"id":25662,"date":"2025-12-12T16:11:36","date_gmt":"2025-12-12T20:11:36","guid":{"rendered":"https:\/\/agromt.news\/?p=25662"},"modified":"2025-12-12T16:11:36","modified_gmt":"2025-12-12T20:11:36","slug":"mexico-novas-tarifas-podem-atingir-r-17-bi-em-exportacoes-brasileiras-diz-cni","status":"publish","type":"post","link":"https:\/\/agromt.news\/?p=25662","title":{"rendered":"M\u00e9xico: novas tarifas podem atingir R$ 1,7 bi em exporta\u00e7\u00f5es brasileiras, diz CNI"},"content":{"rendered":"<p> <br \/>\n<\/p>\n<div>\n<figure><img decoding=\"async\" src=\"https:\/\/agromt.news\/wp-content\/uploads\/2025\/12\/Mexico-novas-tarifas-podem-atingir-R-17-bi-em-exportacoes.jpg\" alt=\"Foto: Pixabay.\" \/><figcaption>Foto: Pixabay.<\/figcaption><\/figure>\n<\/div>\n<p>Em estimativa inicial, a Confedera\u00e7\u00e3o Nacional da Ind\u00fastria (CNI) calculou que as novas medidas tarif\u00e1rias do M\u00e9xico poder\u00e3o impactar US$ 1,7 bilh\u00e3o (14,7%) do que foi exportado pelo Brasil ao M\u00e9xico em 2024. A CNI aguarda a confirma\u00e7\u00e3o de poss\u00edveis altera\u00e7\u00f5es no escopo da medida para estimar um impacto mais preciso sobre as exporta\u00e7\u00f5es brasileiras.<\/p>\n<p>O Congresso mexicano aprovou na quarta-feira (10), um aumento de pelo menos 35% nas tarifas de importa\u00e7\u00e3o de 1,4 mil produtos de 12 pa\u00edses com os quais n\u00e3o possui acordos comerciais, entre eles o Brasil e a <a href=\"https:\/\/www.canalrural.com.br\/economia\/mexico-aprova-tarifas-de-ate-50-sobre-produtos-chineses\/\" target=\"_blank\" rel=\"noreferrer noopener\">China<\/a> &#8211; este \u00faltimo o principal pa\u00eds afetado. A expectativa \u00e9 de que as novas tarifas entrem em vigor a partir de 1\u00ba de janeiro de 2026.<\/p>\n<p>A medida foi aprovada pela C\u00e2mara dos Deputados e pelo Senado no mesmo dia. O partido da presidente Claudia Sheinbaum, que afirmou que as tarifas eram necess\u00e1rias para impulsionar a produ\u00e7\u00e3o nacional, controla ambas as Casas.<\/p>\n<ul class=\"wp-block-list\">\n<li><em>Veja em primeira m\u00e3o tudo sobre agricultura, pecu\u00e1ria, economia e previs\u00e3o do tempo:<\/em><a href=\"https:\/\/news.google.com\/publications\/CAAqBwgKMPKZlQswq_mqAw?hl=pt-BR&amp;gl=BR&amp;ceid=BR%3Apt-419\"> <em>siga o Canal Rural no Google News!<\/em><\/a><\/li>\n<\/ul>\n<h2 class=\"wp-block-heading\" id=\"h-cni-defende-que-brasil-avance-na-negociacao-com-o-mexico\">CNI defende que Brasil avance na negocia\u00e7\u00e3o com o M\u00e9xico <\/h2>\n<p>A entidade da ind\u00fastria brasileira defende que o governo avance na negocia\u00e7\u00e3o de acordo de livre com\u00e9rcio mais abrangente com o M\u00e9xico, mercado priorit\u00e1rio da agenda internacional da ind\u00fastria nacional. &#8220;A medida \u00e9 considerada fundamental para proteger e ampliar a rela\u00e7\u00e3o comercial bilateral, sobretudo neste momento&#8221;, sustenta a CNI.<\/p>\n<p>Um dos principais pontos destacados na an\u00e1lise preliminar da CNI \u00e9 que os acordos bilaterais vigentes s\u00e3o insuficientes e, principalmente neste momento, pode haver redu\u00e7\u00e3o da competitividade brasileira.<\/p>\n<p>Para a CNI, \u00e9 importante que os governos do Brasil e do M\u00e9xico intensifiquem o di\u00e1logo bilateral, de modo a isentar ou diferenciar os produtos brasileiros das tarifas de importa\u00e7\u00e3o anunciadas pelo M\u00e9xico, que a entidade afirma irem na contram\u00e3o das negocia\u00e7\u00f5es em curso. <\/p>\n<p>&#8220;Isso permitir\u00e1 a manuten\u00e7\u00e3o do compromisso conjunto de modernizar a rela\u00e7\u00e3o econ\u00f4mica, \u00e0 medida que se cumpre com celeridade o cronograma do plano de trabalho para atualiza\u00e7\u00e3o dos acordos comerciais&#8221;, completa a CNI.<\/p>\n<p>At\u00e9 o momento, o governo brasileiro n\u00e3o se manifestou publicamente sobre o tema, que ainda est\u00e1 em avalia\u00e7\u00e3o no Minist\u00e9rio do Desenvolvimento, Ind\u00fastria, Com\u00e9rcio e Servi\u00e7os (MDIC), chefiado pelo vice-presidente Geraldo Alckmin.<\/p>\n<p>O post <a href=\"https:\/\/www.canalrural.com.br\/economia\/novas-tarifas-impostas-pelo-mexico-podem-atingir-r-17-bi-em-exportacoes-brasileiras-diz-cni\/\">M\u00e9xico: novas tarifas podem atingir R$ 1,7 bi em exporta\u00e7\u00f5es brasileiras, diz CNI<\/a> apareceu primeiro em <a href=\"https:\/\/www.canalrural.com.br\">Canal Rural<\/a>.<\/p>\n<p><br \/>\n<br \/><a href=\"https:\/\/www.canalrural.com.br\/economia\/novas-tarifas-impostas-pelo-mexico-podem-atingir-r-17-bi-em-exportacoes-brasileiras-diz-cni\/\">Source link <\/a><\/p>\n","protected":false},"excerpt":{"rendered":"<p>Foto: Pixabay. Em estimativa inicial, a Confedera\u00e7\u00e3o Nacional da Ind\u00fastria (CNI) calculou que as novas medidas tarif\u00e1rias do M\u00e9xico poder\u00e3o<\/p>\n","protected":false},"author":1,"featured_media":25663,"comment_status":"open","ping_status":"open","sticky":false,"template":"","format":"standard","meta":{"_monsterinsights_skip_tracking":false,"_monsterinsights_sitenote_active":false,"_monsterinsights_sitenote_note":"","_monsterinsights_sitenote_category":0,"_uf_show_specific_survey":0,"_uf_disable_surveys":false,"footnotes":""},"categories":[1],"tags":[],"class_list":["post-25662","post","type-post","status-publish","format-standard","has-post-thumbnail","hentry","category-news"],"_links":{"self":[{"href":"https:\/\/agromt.news\/index.php?rest_route=\/wp\/v2\/posts\/25662"}],"collection":[{"href":"https:\/\/agromt.news\/index.php?rest_route=\/wp\/v2\/posts"}],"about":[{"href":"https:\/\/agromt.news\/index.php?rest_route=\/wp\/v2\/types\/post"}],"author":[{"embeddable":true,"href":"https:\/\/agromt.news\/index.php?rest_route=\/wp\/v2\/users\/1"}],"replies":[{"embeddable":true,"href":"https:\/\/agromt.news\/index.php?rest_route=%2Fwp%2Fv2%2Fcomments&post=25662"}],"version-history":[{"count":0,"href":"https:\/\/agromt.news\/index.php?rest_route=\/wp\/v2\/posts\/25662\/revisions"}],"wp:featuredmedia":[{"embeddable":true,"href":"https:\/\/agromt.news\/index.php?rest_route=\/wp\/v2\/media\/25663"}],"wp:attachment":[{"href":"https:\/\/agromt.news\/index.php?rest_route=%2Fwp%2Fv2%2Fmedia&parent=25662"}],"wp:term":[{"taxonomy":"category","embeddable":true,"href":"https:\/\/agromt.news\/index.php?rest_route=%2Fwp%2Fv2%2Fcategories&post=25662"},{"taxonomy":"post_tag","embeddable":true,"href":"https:\/\/agromt.news\/index.php?rest_route=%2Fwp%2Fv2%2Ftags&post=25662"}],"curies":[{"name":"wp","href":"https:\/\/api.w.org\/{rel}","templated":true}]}}