{"id":25607,"date":"2025-12-11T19:45:56","date_gmt":"2025-12-11T23:45:56","guid":{"rendered":"https:\/\/agromt.news\/?p=25607"},"modified":"2025-12-11T19:45:56","modified_gmt":"2025-12-11T23:45:56","slug":"plantio-de-soja-avanca-no-oeste-da-bahia","status":"publish","type":"post","link":"https:\/\/agromt.news\/?p=25607","title":{"rendered":"Plantio de soja avan\u00e7a no Oeste da Bahia"},"content":{"rendered":"<p> <br \/>\n<\/p>\n<div>\n<div class=\"row\">\n<div class=\"col-lg col-infos mt-0 mt-lg-0\">\n<div class=\"section-sub-title\">\n<p itemprop=\"description\">&#13;<br \/>\n                                Apesar do cen\u00e1rio positivo, o clima \u00famido favorece o surgimento de pragas&#13;\n                            <\/p>\n<\/p><\/div>\n<div class=\"container\">\n<div class=\"row\">\n<div class=\"col-lg p-0\">\n<div>\n<div class=\"block-news-main-infos mt-3 text-start\">\n<p>                                            <strong class=\"fn\" itemprop=\"author\" style=\"color: rgb(112, 112, 112); \">&#13;<br \/>\n                                                <a href=\"https:\/\/www.agrolink.com.br\/noticias\/javascript:;\" class=\"text-uppercase\" target=\"_blank\" style=\"color: rgb(112, 112, 112); \" rel=\"noopener\">Agrolink<\/a>&#13;<br \/>\n&#13;<br \/>\n                                                    &#8211; Aline Merladete&#13;<br \/>\n&#13;<br \/>\n                                            <\/strong><br \/>\n                                        <\/p>\n<p>                                            <abbr><time datetime=\"2025 - 12 - 10T14:59\" itemprop=\"datePublished dateModified\"> Publicado em 10\/12\/2025 \u00e0s 14:59h.<\/time><\/abbr>\n                                    <\/div>\n<\/p><\/div>\n<\/p><\/div>\n<div class=\"col-lg p-0 text-lg-end\">\n<div>\n<div id=\"mdEnviarPagina\" class=\"modal fade\" role=\"dialog\">\n<div class=\"modal-dialog\">\n<div class=\"modal-content\">\n<div class=\"modal-body\">\n<p><strong>Estimado usu\u00e1rio.<\/strong><br \/>Preencha o formul\u00e1rio abaixo para remeter a p\u00e1gina.<\/p>\n<\/p><\/div>\n<\/p><\/div>\n<\/p><\/div>\n<\/div><\/div>\n<\/p><\/div>\n<\/p><\/div>\n<\/p><\/div>\n<\/p><\/div>\n<\/p><\/div>\n<div class=\"row justify-content-md-center mt-3\">\n<div class=\"col-lg-auto col-image block-news-main-image\">\n<p>                                <img decoding=\"async\" src=\"https:\/\/www.agrolink.com.br\/upload\/imagens-resizes\/f26d9088a52149b784d3c80fe903e969_858x483.jpg\" class=\"lazyload img-fluid\"\/><br \/>\n                                                <span class=\"publicity-photo d-block mt-1\">Foto: Pixabay<\/span><\/p><\/div>\n<\/p><\/div>\n<div class=\"section-description section-description-noticias mt-3\">\n<p style=\"text-align:justify\">A semeadura da <a href=\"https:\/\/www.agrolink.com.br\/culturas\/soja?utm_source=agrolink-detalhe-noticia&amp;utm_medium=detalhe-noticia&amp;utm_campaign=links-internos\" target=\"_blank\" rel=\"noopener\">soja<\/a> na safra 2025\/26 entra na reta final no Oeste da Bahia, com 97,9% da \u00e1rea estimada de 2,218 milh\u00f5es de hectares j\u00e1 conclu\u00edda. O avan\u00e7o expressivo, segundo dados divulgados pela Aiba, foi favorecido pelas chuvas abundantes de novembro, que garantiram boa emerg\u00eancia e desenvolvimento inicial das lavouras.&#13;\n<\/p>\n<p style=\"text-align:justify\">Apesar do cen\u00e1rio positivo, o clima \u00famido favorece o surgimento de pragas e doen\u00e7as. A Aiba alerta para o aumento da press\u00e3o de percevejos, lagartas do g\u00eanero Spodoptera e mosca-branca, especialmente em n\u00facleos produtivos mais adensados. A ferrugem asi\u00e1tica, principal doen\u00e7a da cultura, tamb\u00e9m demanda a\u00e7\u00f5es preventivas com urg\u00eancia.&#13;\n<\/p>\n<p style=\"text-align:justify\">A produtividade m\u00e9dia projetada para a soja \u00e9 de 68 sacas por hectare, mantendo o mesmo n\u00edvel da safra anterior, com estimativa de produ\u00e7\u00e3o total em 9,049 milh\u00f5es de toneladas.<\/p>\n<p style=\"text-align:justify\">Do ponto de vista econ\u00f4mico, 40% da safra 2025\/26 j\u00e1 foi comercializada at\u00e9 30 de novembro, com valor m\u00e9dio de R$ 127,00 por saca. O ritmo est\u00e1 abaixo do registrado no mesmo per\u00edodo da temporada anterior, que fechou com 99% de comercializa\u00e7\u00e3o.\u00a0Regionalmente, os maiores incrementos de \u00e1rea cultivada ocorreram nas regi\u00f5es 03 e 04, com crescimentos de 9,9% e 16%, respectivamente. A \u00fanica queda foi observada na regi\u00e3o 05 (-16%).&#13;\n<\/p>\n<p style=\"text-align:justify\">\u00a0<\/p>\n<\/p><\/div>\n<\/p><\/div>\n<p><script data-cfasync=\"false\">\n    !function (f, b, e, v, n, t, s) {\n        if (f.fbq) return; n = f.fbq = function () {\n            n.callMethod ?\n                n.callMethod.apply(n, arguments) : n.queue.push(arguments)\n        };\n        if (!f._fbq) f._fbq = n; n.push = n; n.loaded = !0; n.version = '2.0';\n        n.queue = []; t = b.createElement(e); t.async = !0;\n        t.src = v; s = b.getElementsByTagName(e)[0];\n        s.parentNode.insertBefore(t, s)\n    }(window, document, 'script',\n        'https:\/\/connect.facebook.net\/en_US\/fbevents.js');\n    fbq('init', '522546078623747');\n    fbq('track', 'PageView');\n<\/script><br \/>\n<br \/><br \/>\n<br \/><a href=\"https:\/\/www.agrolink.com.br\/noticias\/plantio-de-soja-avanca-no-oeste-da-bahia_508852.html\">Source link <\/a><\/p>\n","protected":false},"excerpt":{"rendered":"<p>&#13; Apesar do cen\u00e1rio positivo, o clima \u00famido favorece o surgimento de pragas&#13; &#13; Agrolink&#13; &#13; &#8211; Aline Merladete&#13; &#13;<\/p>\n","protected":false},"author":1,"featured_media":2955,"comment_status":"open","ping_status":"open","sticky":false,"template":"","format":"standard","meta":{"_monsterinsights_skip_tracking":false,"_monsterinsights_sitenote_active":false,"_monsterinsights_sitenote_note":"","_monsterinsights_sitenote_category":0,"_uf_show_specific_survey":0,"_uf_disable_surveys":false,"footnotes":""},"categories":[8,1,14],"tags":[],"class_list":["post-25607","post","type-post","status-publish","format-standard","has-post-thumbnail","hentry","category-agro","category-news","category-politica-agro"],"_links":{"self":[{"href":"https:\/\/agromt.news\/index.php?rest_route=\/wp\/v2\/posts\/25607"}],"collection":[{"href":"https:\/\/agromt.news\/index.php?rest_route=\/wp\/v2\/posts"}],"about":[{"href":"https:\/\/agromt.news\/index.php?rest_route=\/wp\/v2\/types\/post"}],"author":[{"embeddable":true,"href":"https:\/\/agromt.news\/index.php?rest_route=\/wp\/v2\/users\/1"}],"replies":[{"embeddable":true,"href":"https:\/\/agromt.news\/index.php?rest_route=%2Fwp%2Fv2%2Fcomments&post=25607"}],"version-history":[{"count":0,"href":"https:\/\/agromt.news\/index.php?rest_route=\/wp\/v2\/posts\/25607\/revisions"}],"wp:featuredmedia":[{"embeddable":true,"href":"https:\/\/agromt.news\/index.php?rest_route=\/wp\/v2\/media\/2955"}],"wp:attachment":[{"href":"https:\/\/agromt.news\/index.php?rest_route=%2Fwp%2Fv2%2Fmedia&parent=25607"}],"wp:term":[{"taxonomy":"category","embeddable":true,"href":"https:\/\/agromt.news\/index.php?rest_route=%2Fwp%2Fv2%2Fcategories&post=25607"},{"taxonomy":"post_tag","embeddable":true,"href":"https:\/\/agromt.news\/index.php?rest_route=%2Fwp%2Fv2%2Ftags&post=25607"}],"curies":[{"name":"wp","href":"https:\/\/api.w.org\/{rel}","templated":true}]}}