{"id":25605,"date":"2025-12-11T19:35:07","date_gmt":"2025-12-11T23:35:07","guid":{"rendered":"https:\/\/agromt.news\/?p=25605"},"modified":"2025-12-11T19:35:07","modified_gmt":"2025-12-11T23:35:07","slug":"superou-todas-as-nossas-expectativas-diz-ceo-da-upl-sobre-webserie-gravada-na-cop30","status":"publish","type":"post","link":"https:\/\/agromt.news\/?p=25605","title":{"rendered":"\u2018Superou todas as nossas expectativas\u2019, diz CEO da UPL sobre webs\u00e9rie gravada na COP30"},"content":{"rendered":"<p> <br \/>\n<\/p>\n<div>\n<figure><img decoding=\"async\" src=\"https:\/\/agromt.news\/wp-content\/uploads\/2025\/12\/\u2018Superou-todas-as-nossas-expectativas-diz-CEO-da-UPL-sobre.png\" alt=\"Rog\u00e9rio Castro\" \/><figcaption>Foto: reprodu\u00e7\u00e3o\/Planeta Campo<\/figcaption><\/figure>\n<\/div>\n<p>O Canal Rural lan\u00e7ou no YouTube uma webs\u00e9rie especial chamada Upcast que re\u00fane entrevistas e conte\u00fados gravados durante a COP30, destacando a pesquisa, a inova\u00e7\u00e3o e o trabalho sustent\u00e1vel desenvolvido pelo agroneg\u00f3cio brasileiro. <\/p>\n<p>A produ\u00e7\u00e3o foi realizada em parceria com a UPL, que montou um espa\u00e7o exclusivo dentro da Agrizone, a \u00e1rea dedicada ao agro na confer\u00eancia clim\u00e1tica, montada pela primeira vez em uma COP.<\/p>\n<ul class=\"wp-block-list\">\n<li><em>Veja em primeira m\u00e3o tudo sobre agricultura, pecu\u00e1ria, economia e previs\u00e3o do tempo:<\/em><a href=\"https:\/\/news.google.com\/publications\/CAAqBwgKMPKZlQswq_mqAw?hl=pt-BR&amp;gl=BR&amp;ceid=BR%3Apt-419\"><em> <\/em><strong><em>siga o Canal Rural no Google News!<\/em><\/strong><\/a><\/li>\n<\/ul>\n<p>De acordo com o CEO da UPL Brasil, Rog\u00e9rio Castro, a webs\u00e9rie foi inicialmente planejada para abordar apenas alguns temas, mas rapidamente superou as expectativas com a participa\u00e7\u00e3o de convidados de destaque. &#8220;Tivemos muitas visitas que traziam exemplos e que eles extrapolaram o nosso roteiro&#8221;, afirma Castro.<\/p>\n<p>Entre as visitas que enriqueceram o conte\u00fado est\u00e3o nomes como Roberto Rodrigues, Gilberto Tomasoni, al\u00e9m do presidente da Frigol e da presidente da Embrapa. &#8220;S\u00f3 personalidades de peso&#8221;, destaca Castro.<\/p>\n<p><strong>Dividida em 11 epis\u00f3dios, a s\u00e9rie aborda temas como:<\/strong><\/p>\n<ul class=\"wp-block-list\">\n<li>Soja de baixo carbono<\/li>\n<li>Vinhos e caf\u00e9s de baixo carbono<\/li>\n<li>Pecu\u00e1ria sustent\u00e1vel<\/li>\n<li>Uso da terra no Brasil<\/li>\n<li>Biocombust\u00edveis <\/li>\n<li>Agricultura regenerativa<\/li>\n<li>Pacto Agrosustent\u00e1vel (PAS)<\/li>\n<\/ul>\n<p>A webs\u00e9rie j\u00e1 est\u00e1 dispon\u00edvel no YouTube do Canal Rural, trazendo informa\u00e7\u00f5es exclusivas e exemplos pr\u00e1ticos de sustentabilidade aplicados ao campo. \u201c\u00c9 um conte\u00fado feito para inspirar e mostrar que \u00e9 poss\u00edvel produzir bem e de forma sustent\u00e1vel\u201d, concluiu Castro.<\/p>\n<h2 class=\"wp-block-heading\" id=\"h-iniciativa-durante-a-cop30\">Iniciativa durante a COP30<\/h2>\n<p>Durante a COP30, a UPL tamb\u00e9m apresentou duas iniciativas que chamaram a aten\u00e7\u00e3o do p\u00fablico. A empresa patrocinou todo o caf\u00e9 servido tanto na Agrizone quanto na Blue Zone, garantindo que os mais de 30 mil visitantes da confer\u00eancia experimentassem um caf\u00e9 de baixo carbono produzido por um de seus clientes. <\/p>\n<p>Al\u00e9m disso, promoveu um coquetel especial para apresentar o vinho de baixo carbono da vin\u00edcola Guatambu, de Dom Pedrito, Rio Grande do Sul, considerado um dos tr\u00eas \u00fanicos r\u00f3tulos desse tipo identificados no mundo. As a\u00e7\u00f5es refor\u00e7aram a mensagem de que \u00e9 poss\u00edvel produzir com qualidade e sustentabilidade.<\/p>\n<p>O post <a href=\"https:\/\/www.canalrural.com.br\/cop30\/superou-todas-as-nossas-expectativas-diz-ceo-da-upl-sobre-webserie-gravada-na-cop30\/\">&#8216;Superou todas as nossas expectativas&#8217;, diz CEO da UPL sobre webs\u00e9rie gravada na COP30<\/a> apareceu primeiro em <a href=\"https:\/\/www.canalrural.com.br\">Canal Rural<\/a>.<\/p>\n<p><br \/>\n<br \/><a href=\"https:\/\/www.canalrural.com.br\/cop30\/superou-todas-as-nossas-expectativas-diz-ceo-da-upl-sobre-webserie-gravada-na-cop30\/\">Source link <\/a><\/p>\n","protected":false},"excerpt":{"rendered":"<p>Foto: reprodu\u00e7\u00e3o\/Planeta Campo O Canal Rural lan\u00e7ou no YouTube uma webs\u00e9rie especial chamada Upcast que re\u00fane entrevistas e conte\u00fados gravados<\/p>\n","protected":false},"author":1,"featured_media":25606,"comment_status":"open","ping_status":"open","sticky":false,"template":"","format":"standard","meta":{"_monsterinsights_skip_tracking":false,"_monsterinsights_sitenote_active":false,"_monsterinsights_sitenote_note":"","_monsterinsights_sitenote_category":0,"_uf_show_specific_survey":0,"_uf_disable_surveys":false,"footnotes":""},"categories":[1],"tags":[],"class_list":["post-25605","post","type-post","status-publish","format-standard","has-post-thumbnail","hentry","category-news"],"_links":{"self":[{"href":"https:\/\/agromt.news\/index.php?rest_route=\/wp\/v2\/posts\/25605"}],"collection":[{"href":"https:\/\/agromt.news\/index.php?rest_route=\/wp\/v2\/posts"}],"about":[{"href":"https:\/\/agromt.news\/index.php?rest_route=\/wp\/v2\/types\/post"}],"author":[{"embeddable":true,"href":"https:\/\/agromt.news\/index.php?rest_route=\/wp\/v2\/users\/1"}],"replies":[{"embeddable":true,"href":"https:\/\/agromt.news\/index.php?rest_route=%2Fwp%2Fv2%2Fcomments&post=25605"}],"version-history":[{"count":0,"href":"https:\/\/agromt.news\/index.php?rest_route=\/wp\/v2\/posts\/25605\/revisions"}],"wp:featuredmedia":[{"embeddable":true,"href":"https:\/\/agromt.news\/index.php?rest_route=\/wp\/v2\/media\/25606"}],"wp:attachment":[{"href":"https:\/\/agromt.news\/index.php?rest_route=%2Fwp%2Fv2%2Fmedia&parent=25605"}],"wp:term":[{"taxonomy":"category","embeddable":true,"href":"https:\/\/agromt.news\/index.php?rest_route=%2Fwp%2Fv2%2Fcategories&post=25605"},{"taxonomy":"post_tag","embeddable":true,"href":"https:\/\/agromt.news\/index.php?rest_route=%2Fwp%2Fv2%2Ftags&post=25605"}],"curies":[{"name":"wp","href":"https:\/\/api.w.org\/{rel}","templated":true}]}}