{"id":25600,"date":"2025-12-11T18:49:26","date_gmt":"2025-12-11T22:49:26","guid":{"rendered":"https:\/\/agromt.news\/?p=25600"},"modified":"2025-12-11T18:49:26","modified_gmt":"2025-12-11T22:49:26","slug":"ex-presidente-do-incra-vai-assumir-secretaria-de-agricultura-em-sp","status":"publish","type":"post","link":"https:\/\/agromt.news\/?p=25600","title":{"rendered":"Ex-presidente do Incra vai assumir secretaria de Agricultura em SP"},"content":{"rendered":"<p> <br \/>\n<\/p>\n<div>\n<figure><img decoding=\"async\" src=\"https:\/\/agromt.news\/wp-content\/uploads\/2025\/12\/Ex-presidente-do-Incra-vai-assumir-secretaria-de-Agricultura-em-SP.webp.webp\" alt=\"Geraldo Melo Filho\" \/><figcaption>Foto: Valter Campanato\/Ag\u00eancia Brasil<\/figcaption><\/figure>\n<\/div>\n<p>O governo de <strong><a href=\"http:\/\/www.canalrural.com.br\/tag\/sao-paulo\/\">S\u00e3o Paulo<\/a><\/strong> vai nomear Geraldo Melo Filho, ex-presidente do  Instituto Nacional de Coloniza\u00e7\u00e3o e Reforma Agr\u00e1ria (Incra), para comandar a Secretaria de Agricultura e Abastecimento a partir de 2026. <\/p>\n<p>A escolha, de acordo com informa\u00e7\u00f5es de fontes pr\u00f3ximas ao governo, ocorre em meio ao processo de transi\u00e7\u00e3o provocado pela sa\u00edda do atual secret\u00e1rio, Guilherme Piai (Republicanos), que deixar\u00e1 o cargo no fim deste ano para concentrar esfor\u00e7os em sua pr\u00e9-campanha para deputado federal.<\/p>\n<ul class=\"wp-block-list\">\n<li><em>Veja em primeira m\u00e3o tudo sobre agricultura, pecu\u00e1ria, economia e previs\u00e3o do tempo:<\/em><a href=\"https:\/\/news.google.com\/publications\/CAAqBwgKMPKZlQswq_mqAw?hl=pt-BR&amp;gl=BR&amp;ceid=BR%3Apt-419\"><em> <\/em><strong><em>siga o Canal Rural no Google News!<\/em><\/strong><\/a><\/li>\n<\/ul>\n<p>Geraldo Melo Filho presidiu o Incra entre 2019 e 2022, durante o governo do ent\u00e3o presidente Jair Bolsonaro (PL). Atualmente, ele dirige o Instituto Pensar Agropecu\u00e1ria (IPA), entidade sem fins lucrativos que atua na articula\u00e7\u00e3o pol\u00edtica do setor agr\u00edcola, ligada \u00e0 Frente Parlamentar da Agricultura (FPA).<\/p>\n<p>Piai deve permanecer \u00e0 frente da pasta at\u00e9 31 de dezembro. A mudan\u00e7a busca garantir continuidade \u00e0s pol\u00edticas em andamento e manter di\u00e1logo com o setor produtivo.<\/p>\n<p>No dia 15 de dezembro, o Pal\u00e1cio dos Bandeirantes sediar\u00e1 um evento que marcar\u00e1 a despedida de Piai e apresentar\u00e1 um pacote de entregas da secretaria. <\/p>\n<p>O post <a href=\"https:\/\/www.canalrural.com.br\/agricultura\/ex-presidente-do-incra-vai-assumir-secretaria-de-agricultura-em-sp\/\">Ex-presidente do Incra vai assumir secretaria de Agricultura em SP<\/a> apareceu primeiro em <a href=\"https:\/\/www.canalrural.com.br\">Canal Rural<\/a>.<\/p>\n<p><br \/>\n<br \/><a href=\"https:\/\/www.canalrural.com.br\/agricultura\/ex-presidente-do-incra-vai-assumir-secretaria-de-agricultura-em-sp\/\">Source link <\/a><\/p>\n","protected":false},"excerpt":{"rendered":"<p>Foto: Valter Campanato\/Ag\u00eancia Brasil O governo de S\u00e3o Paulo vai nomear Geraldo Melo Filho, ex-presidente do Instituto Nacional de Coloniza\u00e7\u00e3o<\/p>\n","protected":false},"author":1,"featured_media":25601,"comment_status":"open","ping_status":"open","sticky":false,"template":"","format":"standard","meta":{"_monsterinsights_skip_tracking":false,"_monsterinsights_sitenote_active":false,"_monsterinsights_sitenote_note":"","_monsterinsights_sitenote_category":0,"_uf_show_specific_survey":0,"_uf_disable_surveys":false,"footnotes":""},"categories":[1],"tags":[],"class_list":["post-25600","post","type-post","status-publish","format-standard","has-post-thumbnail","hentry","category-news"],"_links":{"self":[{"href":"https:\/\/agromt.news\/index.php?rest_route=\/wp\/v2\/posts\/25600"}],"collection":[{"href":"https:\/\/agromt.news\/index.php?rest_route=\/wp\/v2\/posts"}],"about":[{"href":"https:\/\/agromt.news\/index.php?rest_route=\/wp\/v2\/types\/post"}],"author":[{"embeddable":true,"href":"https:\/\/agromt.news\/index.php?rest_route=\/wp\/v2\/users\/1"}],"replies":[{"embeddable":true,"href":"https:\/\/agromt.news\/index.php?rest_route=%2Fwp%2Fv2%2Fcomments&post=25600"}],"version-history":[{"count":0,"href":"https:\/\/agromt.news\/index.php?rest_route=\/wp\/v2\/posts\/25600\/revisions"}],"wp:featuredmedia":[{"embeddable":true,"href":"https:\/\/agromt.news\/index.php?rest_route=\/wp\/v2\/media\/25601"}],"wp:attachment":[{"href":"https:\/\/agromt.news\/index.php?rest_route=%2Fwp%2Fv2%2Fmedia&parent=25600"}],"wp:term":[{"taxonomy":"category","embeddable":true,"href":"https:\/\/agromt.news\/index.php?rest_route=%2Fwp%2Fv2%2Fcategories&post=25600"},{"taxonomy":"post_tag","embeddable":true,"href":"https:\/\/agromt.news\/index.php?rest_route=%2Fwp%2Fv2%2Ftags&post=25600"}],"curies":[{"name":"wp","href":"https:\/\/api.w.org\/{rel}","templated":true}]}}