{"id":25589,"date":"2025-12-11T16:18:08","date_gmt":"2025-12-11T20:18:08","guid":{"rendered":"https:\/\/agromt.news\/?p=25589"},"modified":"2025-12-11T16:18:08","modified_gmt":"2025-12-11T20:18:08","slug":"diminuicao-das-chuvas-e-avanco-do-greening-devem-reduzir-producao-de-citros","status":"publish","type":"post","link":"https:\/\/agromt.news\/?p=25589","title":{"rendered":"Diminui\u00e7\u00e3o das chuvas e avan\u00e7o do greening devem reduzir produ\u00e7\u00e3o de citros"},"content":{"rendered":"<p> <br \/>\n<\/p>\n<div>\n<figure><img decoding=\"async\" src=\"https:\/\/agromt.news\/wp-content\/uploads\/2025\/12\/Diminuicao-das-chuvas-e-avanco-do-greening-devem-reduzir-producao.jpg\" alt=\"greening\" \/><figcaption>Foto: divulga\u00e7\u00e3o\/Prefeitura Municipal de Cap\u00e3o Bonito<\/figcaption><\/figure>\n<\/div>\n<p>A nova proje\u00e7\u00e3o do Fundo de Defesa da Citricultura (<a href=\"https:\/\/www.canalrural.com.br\/tag\/fundecitrus\/\">Fundecitrus<\/a>) para a safra de laranja 2025\/26 acendeu um alerta no setor. A estimativa, divulgada nesta semana, aponta redu\u00e7\u00e3o de 3,9% na produ\u00e7\u00e3o do cintur\u00e3o citr\u00edcola de S\u00e3o Paulo e Tri\u00e2ngulo Sudoeste Mineiro em rela\u00e7\u00e3o ao levantamento de setembro. <\/p>\n<p>Com isso, a maior regi\u00e3o produtora de citros do pa\u00eds deve colher 294,8 milh\u00f5es de caixas de laranja. Quando comparado \u00e0 primeira previs\u00e3o apresentada em maio, o recuo \u00e9 de 6%. <\/p>\n<ul class=\"wp-block-list\">\n<li><em>Veja em primeira m\u00e3o tudo sobre agricultura, pecu\u00e1ria, economia e previs\u00e3o do tempo:<\/em><a href=\"https:\/\/news.google.com\/publications\/CAAqBwgKMPKZlQswq_mqAw?hl=pt-BR&amp;gl=BR&amp;ceid=BR%3Apt-419\"><em> <\/em><strong><em>siga o Canal Rural no Google News!<\/em><\/strong><\/a><\/li>\n<\/ul>\n<p>Segundo o Fundecitrus, dois fatores principais explicam o comportamento da safra: a alta taxa de queda de frutos, que atinge 23% devido ao avan\u00e7o do greening, considerada a doen\u00e7a mais destrutiva dos citros, e a redu\u00e7\u00e3o no tamanho das frutas provocada pela irregularidade das chuvas.<\/p>\n<p>&#8220;Nos meses de maio a novembro, o Parque Citr\u00edcula teve chuvas 20% abaixo da m\u00e9dia hist\u00f3rica. Em setembro 70% abaixo da m\u00e9dia hist\u00f3rica. Ent\u00e3o, uma boa parte da safra foi colhida nessas condi\u00e7\u00f5es de menor quantidade de chuva.\u00a0Isso impacta no peso das frutas e impacta na proje\u00e7\u00e3o final&#8221;, destaca o coordenador de pesquisa e estimativa de safra do Fundecitrus, Guilherme Rodriguez.<\/p>\n<p>Segundo Rodriguez, o Fundecitrus segue monitorando o desenvolvimento da safra. A pr\u00f3xima atualiza\u00e7\u00e3o dos n\u00fameros est\u00e1 prevista para 10 de fevereiro de 2026.<\/p>\n<p>O post <a href=\"https:\/\/www.canalrural.com.br\/agricultura\/diminuicao-das-chuvas-e-avanco-do-greening-devem-reduzir-producao-de-citros\/\">Diminui\u00e7\u00e3o das chuvas e avan\u00e7o do greening devem reduzir produ\u00e7\u00e3o de citros<\/a> apareceu primeiro em <a href=\"https:\/\/www.canalrural.com.br\">Canal Rural<\/a>.<\/p>\n<p><br \/>\n<br \/><a href=\"https:\/\/www.canalrural.com.br\/agricultura\/diminuicao-das-chuvas-e-avanco-do-greening-devem-reduzir-producao-de-citros\/\">Source link <\/a><\/p>\n","protected":false},"excerpt":{"rendered":"<p>Foto: divulga\u00e7\u00e3o\/Prefeitura Municipal de Cap\u00e3o Bonito A nova proje\u00e7\u00e3o do Fundo de Defesa da Citricultura (Fundecitrus) para a safra de<\/p>\n","protected":false},"author":1,"featured_media":25590,"comment_status":"open","ping_status":"open","sticky":false,"template":"","format":"standard","meta":{"_monsterinsights_skip_tracking":false,"_monsterinsights_sitenote_active":false,"_monsterinsights_sitenote_note":"","_monsterinsights_sitenote_category":0,"_uf_show_specific_survey":0,"_uf_disable_surveys":false,"footnotes":""},"categories":[1],"tags":[],"class_list":["post-25589","post","type-post","status-publish","format-standard","has-post-thumbnail","hentry","category-news"],"_links":{"self":[{"href":"https:\/\/agromt.news\/index.php?rest_route=\/wp\/v2\/posts\/25589"}],"collection":[{"href":"https:\/\/agromt.news\/index.php?rest_route=\/wp\/v2\/posts"}],"about":[{"href":"https:\/\/agromt.news\/index.php?rest_route=\/wp\/v2\/types\/post"}],"author":[{"embeddable":true,"href":"https:\/\/agromt.news\/index.php?rest_route=\/wp\/v2\/users\/1"}],"replies":[{"embeddable":true,"href":"https:\/\/agromt.news\/index.php?rest_route=%2Fwp%2Fv2%2Fcomments&post=25589"}],"version-history":[{"count":0,"href":"https:\/\/agromt.news\/index.php?rest_route=\/wp\/v2\/posts\/25589\/revisions"}],"wp:featuredmedia":[{"embeddable":true,"href":"https:\/\/agromt.news\/index.php?rest_route=\/wp\/v2\/media\/25590"}],"wp:attachment":[{"href":"https:\/\/agromt.news\/index.php?rest_route=%2Fwp%2Fv2%2Fmedia&parent=25589"}],"wp:term":[{"taxonomy":"category","embeddable":true,"href":"https:\/\/agromt.news\/index.php?rest_route=%2Fwp%2Fv2%2Fcategories&post=25589"},{"taxonomy":"post_tag","embeddable":true,"href":"https:\/\/agromt.news\/index.php?rest_route=%2Fwp%2Fv2%2Ftags&post=25589"}],"curies":[{"name":"wp","href":"https:\/\/api.w.org\/{rel}","templated":true}]}}