{"id":25588,"date":"2025-12-11T15:53:35","date_gmt":"2025-12-11T19:53:35","guid":{"rendered":"https:\/\/agromt.news\/?p=25588"},"modified":"2025-12-11T15:53:35","modified_gmt":"2025-12-11T19:53:35","slug":"instabilidades-elevam-risco-de-alagamentos-no-fim-de-semana","status":"publish","type":"post","link":"https:\/\/agromt.news\/?p=25588","title":{"rendered":"Instabilidades elevam risco de alagamentos no fim de semana"},"content":{"rendered":"<p> <br \/>\n<\/p>\n<div>\n<p style=\"text-align:justify\">De acordo com informa\u00e7\u00f5es do Meteored, um ciclone extratropical atua sobre a Regi\u00e3o Sul e provoca chuvas intensas, tempestades, rajadas de vento e queda de granizo em \u00e1reas do Sul, Sudeste e Centro-Oeste. O sistema, somado ao transporte de umidade da Regi\u00e3o Norte, deve manter o avan\u00e7o de precipita\u00e7\u00f5es no centro-sul do pa\u00eds nos pr\u00f3ximos dias, com acumulados que podem ultrapassar 200 mil\u00edmetros no oeste do Paran\u00e1 at\u00e9 domingo (14).&#13;\n<\/p>\n<p style=\"text-align:justify\">O Meteored informa que, na quinta-feira (11), o tempo volta a ficar firme, com muitas nuvens no Sul e em S\u00e3o Paulo. Chuvas fracas e isoladas ainda s\u00e3o previstas no Centro-Oeste e no Rio de Janeiro, enquanto em Minas Gerais e Esp\u00edrito Santo podem ocorrer pancadas de chuva \u00e0 tarde. As rajadas de vento permanecem acima dos 60 km\/h no Sudeste e no leste do Sul, podendo atingir 90 km\/h no litoral norte do Rio Grande do Sul e no leste de Santa Catarina.<\/p>\n<p style=\"text-align:justify\">A partir da sexta-feira (12) pela manh\u00e3, o Meteored aponta que um novo fluxo de umidade da Regi\u00e3o Norte intensifica novamente as chuvas no Sul, com possibilidade de elevados volumes em curto per\u00edodo e tempestades isoladas. As \u00e1reas com maior risco incluem Mato Grosso do Sul, Paran\u00e1 \u2014 especialmente a faixa oeste \u2014 e S\u00e3o Paulo. Minas Gerais tamb\u00e9m pode registrar pancadas isoladas.&#13;\n<\/p>\n<p style=\"text-align:justify\">A tend\u00eancia para o fim de semana, segundo o Meteored, \u00e9 de intensifica\u00e7\u00e3o das instabilidades em Santa Catarina, Paran\u00e1, Mato Grosso do Sul e Sudeste, devido ao fortalecimento do fluxo de umidade. Entre s\u00e1bado (13) e domingo (14), s\u00e3o esperadas chuvas intensas e tempestades, principalmente entre a tarde e o in\u00edcio da noite, com risco de alagamentos em \u00e1reas urbanas.<\/p>\n<p style=\"text-align:justify\">O centro-sul do pa\u00eds deve registrar acumulados acima de 100 mil\u00edmetros at\u00e9 o fim de semana. At\u00e9 as 21h de domingo (14), os volumes ultrapassam 120 mil\u00edmetros no centro-sul do Rio Grande do Sul, norte de Santa Catarina, Paran\u00e1, centro-sul de S\u00e3o Paulo e centro-leste de Mato Grosso do Sul, com destaque para o oeste paranaense, onde podem atingir 200 mil\u00edmetros. Entre os acumulados previstos, o Meteored aponta 122 mm em Dourados, 110 mm em Presidente Prudente, 126 mm em Bauru, 183 mm em Ourinhos, 173,4 mm em Itapeva, 120,5 mm em Itai\u00f3polis, 120,3 mm em Luiz Alves, 214,7 mm em Maring\u00e1, 223,8 mm em Campo Mour\u00e3o, 178,2 mm em Cianorte e 187,4 mm em Colorado. O Meteored ressalta que o solo saturado aumenta o risco de alagamentos e deslizamentos.&#13;\n<\/p>\n<\/p><\/div>\n<p><script data-cfasync=\"false\">\n    !function (f, b, e, v, n, t, s) {\n        if (f.fbq) return; n = f.fbq = function () {\n            n.callMethod ?\n                n.callMethod.apply(n, arguments) : n.queue.push(arguments)\n        };\n        if (!f._fbq) f._fbq = n; n.push = n; n.loaded = !0; n.version = '2.0';\n        n.queue = []; t = b.createElement(e); t.async = !0;\n        t.src = v; s = b.getElementsByTagName(e)[0];\n        s.parentNode.insertBefore(t, s)\n    }(window, document, 'script',\n        'https:\/\/connect.facebook.net\/en_US\/fbevents.js');\n    fbq('init', '522546078623747');\n    fbq('track', 'PageView');\n<\/script><br \/>\n<br \/><br \/>\n<br \/><a href=\"https:\/\/www.agrolink.com.br\/noticias\/instabilidades-elevam-risco-de-alagamentos-no-fim-de-semana_508854.html\">Source link <\/a><\/p>\n","protected":false},"excerpt":{"rendered":"<p>De acordo com informa\u00e7\u00f5es do Meteored, um ciclone extratropical atua sobre a Regi\u00e3o Sul e provoca chuvas intensas, tempestades, rajadas<\/p>\n","protected":false},"author":1,"featured_media":2984,"comment_status":"open","ping_status":"open","sticky":false,"template":"","format":"standard","meta":{"_monsterinsights_skip_tracking":false,"_monsterinsights_sitenote_active":false,"_monsterinsights_sitenote_note":"","_monsterinsights_sitenote_category":0,"_uf_show_specific_survey":0,"_uf_disable_surveys":false,"footnotes":""},"categories":[8,1,14],"tags":[],"class_list":["post-25588","post","type-post","status-publish","format-standard","has-post-thumbnail","hentry","category-agro","category-news","category-politica-agro"],"_links":{"self":[{"href":"https:\/\/agromt.news\/index.php?rest_route=\/wp\/v2\/posts\/25588"}],"collection":[{"href":"https:\/\/agromt.news\/index.php?rest_route=\/wp\/v2\/posts"}],"about":[{"href":"https:\/\/agromt.news\/index.php?rest_route=\/wp\/v2\/types\/post"}],"author":[{"embeddable":true,"href":"https:\/\/agromt.news\/index.php?rest_route=\/wp\/v2\/users\/1"}],"replies":[{"embeddable":true,"href":"https:\/\/agromt.news\/index.php?rest_route=%2Fwp%2Fv2%2Fcomments&post=25588"}],"version-history":[{"count":0,"href":"https:\/\/agromt.news\/index.php?rest_route=\/wp\/v2\/posts\/25588\/revisions"}],"wp:featuredmedia":[{"embeddable":true,"href":"https:\/\/agromt.news\/index.php?rest_route=\/wp\/v2\/media\/2984"}],"wp:attachment":[{"href":"https:\/\/agromt.news\/index.php?rest_route=%2Fwp%2Fv2%2Fmedia&parent=25588"}],"wp:term":[{"taxonomy":"category","embeddable":true,"href":"https:\/\/agromt.news\/index.php?rest_route=%2Fwp%2Fv2%2Fcategories&post=25588"},{"taxonomy":"post_tag","embeddable":true,"href":"https:\/\/agromt.news\/index.php?rest_route=%2Fwp%2Fv2%2Ftags&post=25588"}],"curies":[{"name":"wp","href":"https:\/\/api.w.org\/{rel}","templated":true}]}}