{"id":25578,"date":"2025-12-11T13:54:02","date_gmt":"2025-12-11T17:54:02","guid":{"rendered":"https:\/\/agromt.news\/?p=25578"},"modified":"2025-12-11T13:54:02","modified_gmt":"2025-12-11T17:54:02","slug":"milho-verao-se-aproxima-da-conclusao-com-988-da-area-plantada","status":"publish","type":"post","link":"https:\/\/agromt.news\/?p=25578","title":{"rendered":"Milho ver\u00e3o se aproxima da conclus\u00e3o com 98,8% da \u00e1rea plantada"},"content":{"rendered":"<p> <br \/>\n<\/p>\n<div>\n<div class=\"row\">\n<div class=\"col-lg col-infos mt-0 mt-lg-0\">\n<div class=\"section-sub-title\">\n<p itemprop=\"description\">&#13;<br \/>\n                                A produtividade m\u00e9dia esperada \u00e9 de 187 sacas por hectare&#13;\n                            <\/p>\n<\/p><\/div>\n<div class=\"container\">\n<div class=\"row\">\n<div class=\"col-lg p-0\">\n<div>\n<div class=\"block-news-main-infos mt-3 text-start\">\n<p>                                            <strong class=\"fn\" itemprop=\"author\" style=\"color: rgb(112, 112, 112); \">&#13;<br \/>\n                                                <a href=\"https:\/\/www.agrolink.com.br\/noticias\/javascript:;\" class=\"text-uppercase\" target=\"_blank\" style=\"color: rgb(112, 112, 112); \" rel=\"noopener\">Agrolink<\/a>&#13;<br \/>\n&#13;<br \/>\n                                                    &#8211; Aline Merladete&#13;<br \/>\n&#13;<br \/>\n                                            <\/strong><br \/>\n                                        <\/p>\n<p>                                            <abbr><time datetime=\"2025 - 12 - 10T15:40\" itemprop=\"datePublished dateModified\"> Publicado em 10\/12\/2025 \u00e0s 15:40h.<\/time><\/abbr>\n                                    <\/div>\n<\/p><\/div>\n<\/p><\/div>\n<div class=\"col-lg p-0 text-lg-end\">\n<div>\n<div id=\"mdEnviarPagina\" class=\"modal fade\" role=\"dialog\">\n<div class=\"modal-dialog\">\n<div class=\"modal-content\">\n<div class=\"modal-body\">\n<p><strong>Estimado usu\u00e1rio.<\/strong><br \/>Preencha o formul\u00e1rio abaixo para remeter a p\u00e1gina.<\/p>\n<\/p><\/div>\n<\/p><\/div>\n<\/p><\/div>\n<\/div><\/div>\n<\/p><\/div>\n<\/p><\/div>\n<\/p><\/div>\n<\/p><\/div>\n<\/p><\/div>\n<div class=\"row justify-content-md-center mt-3\">\n<div class=\"col-lg-auto col-image block-news-main-image\">\n<p>                                <img decoding=\"async\" src=\"https:\/\/www.agrolink.com.br\/upload\/imagens-resizes\/574b335d2fe5493b9536088fdeeef40d_858x483.jpg\" class=\"lazyload img-fluid\"\/><br \/>\n                                                <span class=\"publicity-photo d-block mt-1\">Foto: Nadia Borges<\/span><\/p><\/div>\n<\/p><\/div>\n<div class=\"section-description section-description-noticias mt-3\">\n<p style=\"text-align:justify\">O plantio do <a href=\"https:\/\/www.agrolink.com.br\/culturas\/milho?utm_source=agrolink-detalhe-noticia&amp;utm_medium=detalhe-noticia&amp;utm_campaign=links-internos&#9;\" target=\"_blank\" rel=\"noopener\">milho<\/a> ver\u00e3o no Oeste da Bahia praticamente se encerrou, atingindo 98,8% dos 120 mil hectares previstos para a safra 2025\/26, conforme levantamento da Aiba. A janela de plantio foi marcada por varia\u00e7\u00f5es clim\u00e1ticas entre microrregi\u00f5es, mas n\u00e3o impediu o avan\u00e7o do calend\u00e1rio agr\u00edcola.&#13;\n<\/p>\n<p style=\"text-align:justify\">A produtividade m\u00e9dia esperada \u00e9 de 187 sacas por hectare, com uma produ\u00e7\u00e3o estimada em 1,346 milh\u00e3o de toneladas, volume 14,3% superior ao da safra anterior. A expans\u00e3o de \u00e1rea reflete um cen\u00e1rio de maior confian\u00e7a no cereal, impulsionado por pre\u00e7os e pela demanda interna.<\/p>\n<p style=\"text-align:justify\">Nas \u00e1reas mais precoces, os produtores j\u00e1 direcionam esfor\u00e7os ao controle de pragas, como lagartas do g\u00eanero Spodoptera e cigarrinhas, estas \u00faltimas associadas aos enfezamentos que comprometem o desempenho das lavouras. A Aiba recomenda ado\u00e7\u00e3o de pr\u00e1ticas integradas de manejo para reduzir os impactos desses agentes.&#13;\n<\/p>\n<p style=\"text-align:justify\">A comercializa\u00e7\u00e3o da safra 2025\/26 atingiu 38% at\u00e9 o fim de novembro, com valor m\u00e9dio de R$ 62,00 por saca. Apesar de ainda abaixo do pico da temporada anterior, o desempenho reflete estabilidade de mercado e boas perspectivas.<\/p>\n<p style=\"text-align:justify\">Outro ponto de destaque \u00e9 o milho irrigado (segunda safra), que teve sua estimativa de \u00e1rea revista de 25 mil para 75 mil hectares com base em dados geoespaciais validados pela Aiba, mantendo produtividade m\u00e9dia de 190 sacas por hectare e produ\u00e7\u00e3o estimada em 855 mil toneladas.<\/p>\n<p>\u00a0<\/p>\n<\/p><\/div>\n<\/p><\/div>\n<p><script data-cfasync=\"false\">\n    !function (f, b, e, v, n, t, s) {\n        if (f.fbq) return; n = f.fbq = function () {\n            n.callMethod ?\n                n.callMethod.apply(n, arguments) : n.queue.push(arguments)\n        };\n        if (!f._fbq) f._fbq = n; n.push = n; n.loaded = !0; n.version = '2.0';\n        n.queue = []; t = b.createElement(e); t.async = !0;\n        t.src = v; s = b.getElementsByTagName(e)[0];\n        s.parentNode.insertBefore(t, s)\n    }(window, document, 'script',\n        'https:\/\/connect.facebook.net\/en_US\/fbevents.js');\n    fbq('init', '522546078623747');\n    fbq('track', 'PageView');\n<\/script><br \/>\n<br \/><br \/>\n<br \/><a href=\"https:\/\/www.agrolink.com.br\/noticias\/milho-verao-se-aproxima-da-conclusao-com-98-8--da-area-plantada_508855.html\">Source link <\/a><\/p>\n","protected":false},"excerpt":{"rendered":"<p>&#13; A produtividade m\u00e9dia esperada \u00e9 de 187 sacas por hectare&#13; &#13; Agrolink&#13; &#13; &#8211; Aline Merladete&#13; &#13; Publicado em<\/p>\n","protected":false},"author":1,"featured_media":3610,"comment_status":"open","ping_status":"open","sticky":false,"template":"","format":"standard","meta":{"_monsterinsights_skip_tracking":false,"_monsterinsights_sitenote_active":false,"_monsterinsights_sitenote_note":"","_monsterinsights_sitenote_category":0,"_uf_show_specific_survey":0,"_uf_disable_surveys":false,"footnotes":""},"categories":[8,1,14],"tags":[],"class_list":["post-25578","post","type-post","status-publish","format-standard","has-post-thumbnail","hentry","category-agro","category-news","category-politica-agro"],"_links":{"self":[{"href":"https:\/\/agromt.news\/index.php?rest_route=\/wp\/v2\/posts\/25578"}],"collection":[{"href":"https:\/\/agromt.news\/index.php?rest_route=\/wp\/v2\/posts"}],"about":[{"href":"https:\/\/agromt.news\/index.php?rest_route=\/wp\/v2\/types\/post"}],"author":[{"embeddable":true,"href":"https:\/\/agromt.news\/index.php?rest_route=\/wp\/v2\/users\/1"}],"replies":[{"embeddable":true,"href":"https:\/\/agromt.news\/index.php?rest_route=%2Fwp%2Fv2%2Fcomments&post=25578"}],"version-history":[{"count":0,"href":"https:\/\/agromt.news\/index.php?rest_route=\/wp\/v2\/posts\/25578\/revisions"}],"wp:featuredmedia":[{"embeddable":true,"href":"https:\/\/agromt.news\/index.php?rest_route=\/wp\/v2\/media\/3610"}],"wp:attachment":[{"href":"https:\/\/agromt.news\/index.php?rest_route=%2Fwp%2Fv2%2Fmedia&parent=25578"}],"wp:term":[{"taxonomy":"category","embeddable":true,"href":"https:\/\/agromt.news\/index.php?rest_route=%2Fwp%2Fv2%2Fcategories&post=25578"},{"taxonomy":"post_tag","embeddable":true,"href":"https:\/\/agromt.news\/index.php?rest_route=%2Fwp%2Fv2%2Ftags&post=25578"}],"curies":[{"name":"wp","href":"https:\/\/api.w.org\/{rel}","templated":true}]}}