{"id":25576,"date":"2025-12-11T13:33:26","date_gmt":"2025-12-11T17:33:26","guid":{"rendered":"https:\/\/agromt.news\/?p=25576"},"modified":"2025-12-11T13:33:26","modified_gmt":"2025-12-11T17:33:26","slug":"chuva-acima-de-100-mm-e-rajadas-de-mais-de-50-km-h-colocam-areas-em-estado-de-atencao","status":"publish","type":"post","link":"https:\/\/agromt.news\/?p=25576","title":{"rendered":"Chuva acima de 100 mm e rajadas de mais de 50 km\/h colocam \u00e1reas em estado de aten\u00e7\u00e3o"},"content":{"rendered":"<p> <br \/>\n<\/p>\n<div>\n<figure><img decoding=\"async\" src=\"https:\/\/agromt.news\/wp-content\/uploads\/2025\/12\/Chuva-acima-de-100-mm-e-rajadas-de-mais-de.jpg\" alt=\"chuva forte e temporal na previs\u00e3o do tempo\" \/><figcaption>Foto: Pixabay<\/figcaption><\/figure>\n<\/div>\n<p>\u00c1reas de instabilidade que devem se formar no Paraguai, a partir da tarde desta quinta-feira (11), v\u00e3o avan\u00e7ar em dire\u00e7\u00e3o ao <strong><a href=\"https:\/\/www.canalrural.com.br\/nacional\/parana\/\">Paran\u00e1 <\/a><\/strong>causando chuva, vento e possibilidade de queda de granizo. De acordo com Danilo Siden, meteorologista do Instituto Nacional de Meteorologia <strong><a href=\"http:\/\/www.canalrural.com.br\/tag\/inmet\/\">(Inmet)<\/a><\/strong>, a tend\u00eancia \u00e9 alterar o clima neste estado da Regi\u00e3o Sul a partir da madrugada.<\/p>\n<div data-icp-cta=\"1\" id=\"icp-cta-unique\">Voc\u00ea quer entender como usar o clima a seu favor?<b> <\/b><a href=\"https:\/\/climacampo.canalrural.com.br\/climacampo_-01\">Preparamos um e-book exclusivo<\/a> para ajudar produtores rurais a se antecipar \u00e0s mudan\u00e7as do tempo e planejar melhor suas a\u00e7\u00f5es. Com base em previs\u00f5es meteorol\u00f3gicas confi\u00e1veis, ele oferece orienta\u00e7\u00f5es pr\u00e1ticas para proteger sua lavoura e otimizar seus resultados.<\/div>\n<p>\u201cAs \u00e1reas de instabilidade, que devem se formar no Paraguai na tarde ou noite de hoje, v\u00e3o avan\u00e7ando e ao longo da madrugada devem come\u00e7ar a atingir o Paran\u00e1 de hoje para amanh\u00e3\u201d, informou Siden, destacando que a quantidade de chuva forte \u00e9 relevante.<\/p>\n<ul class=\"wp-block-list\">\n<li><em>Veja em primeira m\u00e3o tudo sobre agricultura, pecu\u00e1ria, economia e previs\u00e3o do tempo:<\/em><a href=\"https:\/\/news.google.com\/publications\/CAAqBwgKMPKZlQswq_mqAw?hl=pt-BR&amp;gl=BR&amp;ceid=BR%3Apt-419\"><em> <\/em><strong><em>siga o Canal Rural no Google News!<\/em><\/strong><\/a><\/li>\n<\/ul>\n<p>\u201cTemos aviso de possibilidade de chuva acima de 100 mil\u00edmetros (mm) a partir de amanh\u00e3, rajadas de vento pontualmente fortes e queda de granizo. As rajadas devem ultrapassar de 50 quil\u00f4metros por hora\u201d, informou, acrescentando que a chuva j\u00e1 deve ser sentida entre a madrugada e a manh\u00e3 desta sexta-feira (12), seguindo at\u00e9 s\u00e1bado.<\/p>\n<p>\u201cA partir de s\u00e1bado (13) essa \u00e1rea [de instabilidade] deve se encaminhar do Paran\u00e1 para S\u00e3o Paulo, sul de Minas e sul do estado do Rio.\u201d, alertou o meteorologista do Inmet.<\/p>\n<h2 class=\"wp-block-heading\" id=\"h-outros-estados\">Outros estados<\/h2>\n<p>O sul de Minas Gerais, norte do Rio de Janeiro, S\u00e3o Paulo, Santa Catarina e Esp\u00edrito Santo ainda v\u00e3o registrar chuva forte como efeito do ciclone extratropical que come\u00e7ou a atuar no sul do pa\u00eds na segunda-feira (8) e provocou estragos no Rio Grande do Sul, Paran\u00e1, Santa Catarina e S\u00e3o Paulo.<\/p>\n<p>Segundo Siden, embora o ciclone esteja mais afastado no oceano na altura do Rio Grande do Sul, ainda modifica as condi\u00e7\u00f5es clim\u00e1ticas em algumas regi\u00f5es.<\/p>\n<p>\u201cContinua a condi\u00e7\u00e3o de rajada forte hoje, mas menos intensa do que ontem. O aviso \u00e9 de 50 quil\u00f4metros por hora\u201d, apontou.<\/p>\n<p>O meteorologista acrescentou que o Inmet vai divulgar, na tarde desta quinta-feira, um aviso com o resumo da situa\u00e7\u00e3o do clima no pa\u00eds por causa dos efeitos do ciclone extratropical.<\/p>\n<p>O post <a href=\"https:\/\/www.canalrural.com.br\/tempo\/chuva-acima-de-100-mm-e-rajadas-de-mais-de-50-km-h-colocam-areas-em-estado-de-atencao\/\">Chuva acima de 100 mm e rajadas de mais de 50 km\/h colocam \u00e1reas em estado de aten\u00e7\u00e3o<\/a> apareceu primeiro em <a href=\"https:\/\/www.canalrural.com.br\">Canal Rural<\/a>.<\/p>\n<p><br \/>\n<br \/><a href=\"https:\/\/www.canalrural.com.br\/tempo\/chuva-acima-de-100-mm-e-rajadas-de-mais-de-50-km-h-colocam-areas-em-estado-de-atencao\/\">Source link <\/a><\/p>\n","protected":false},"excerpt":{"rendered":"<p>Foto: Pixabay \u00c1reas de instabilidade que devem se formar no Paraguai, a partir da tarde desta quinta-feira (11), v\u00e3o avan\u00e7ar<\/p>\n","protected":false},"author":1,"featured_media":25577,"comment_status":"open","ping_status":"open","sticky":false,"template":"","format":"standard","meta":{"_monsterinsights_skip_tracking":false,"_monsterinsights_sitenote_active":false,"_monsterinsights_sitenote_note":"","_monsterinsights_sitenote_category":0,"_uf_show_specific_survey":0,"_uf_disable_surveys":false,"footnotes":""},"categories":[1],"tags":[],"class_list":["post-25576","post","type-post","status-publish","format-standard","has-post-thumbnail","hentry","category-news"],"_links":{"self":[{"href":"https:\/\/agromt.news\/index.php?rest_route=\/wp\/v2\/posts\/25576"}],"collection":[{"href":"https:\/\/agromt.news\/index.php?rest_route=\/wp\/v2\/posts"}],"about":[{"href":"https:\/\/agromt.news\/index.php?rest_route=\/wp\/v2\/types\/post"}],"author":[{"embeddable":true,"href":"https:\/\/agromt.news\/index.php?rest_route=\/wp\/v2\/users\/1"}],"replies":[{"embeddable":true,"href":"https:\/\/agromt.news\/index.php?rest_route=%2Fwp%2Fv2%2Fcomments&post=25576"}],"version-history":[{"count":0,"href":"https:\/\/agromt.news\/index.php?rest_route=\/wp\/v2\/posts\/25576\/revisions"}],"wp:featuredmedia":[{"embeddable":true,"href":"https:\/\/agromt.news\/index.php?rest_route=\/wp\/v2\/media\/25577"}],"wp:attachment":[{"href":"https:\/\/agromt.news\/index.php?rest_route=%2Fwp%2Fv2%2Fmedia&parent=25576"}],"wp:term":[{"taxonomy":"category","embeddable":true,"href":"https:\/\/agromt.news\/index.php?rest_route=%2Fwp%2Fv2%2Fcategories&post=25576"},{"taxonomy":"post_tag","embeddable":true,"href":"https:\/\/agromt.news\/index.php?rest_route=%2Fwp%2Fv2%2Ftags&post=25576"}],"curies":[{"name":"wp","href":"https:\/\/api.w.org\/{rel}","templated":true}]}}