{"id":25567,"date":"2025-12-11T10:07:04","date_gmt":"2025-12-11T14:07:04","guid":{"rendered":"https:\/\/agromt.news\/?p=25567"},"modified":"2025-12-11T10:07:04","modified_gmt":"2025-12-11T14:07:04","slug":"china-pede-que-praticas-protecionistas-do-mexico-sejam-revistas","status":"publish","type":"post","link":"https:\/\/agromt.news\/?p=25567","title":{"rendered":"China pede que \u2018pr\u00e1ticas protecionistas\u2019 do M\u00e9xico sejam revistas"},"content":{"rendered":"<p> <br \/>\n<\/p>\n<div>\n<figure><img decoding=\"async\" src=\"https:\/\/imagens-cdn.canalrural.com.br\/wp-content\/uploads\/precos-china.jpg\" alt=\"China\" \/><figcaption>Foto: Freepik<\/figcaption><\/figure>\n<\/div>\n<p>O Minist\u00e9rio do Com\u00e9rcio da China apelou ao M\u00e9xico que corrija \u201cpr\u00e1ticas unilaterais e protecionistas\u201d o mais r\u00e1pido poss\u00edvel, afirmando que aumentos tarif\u00e1rios anunciados pelo pa\u00eds latino-americano prejudicam os interesses chineses.<\/p>\n<p>Embora as tarifas aprovadas pelo Congresso mexicano na quarta-feira (10) tenham sido reduzidas em rela\u00e7\u00e3o ao an\u00fancio inicial, elas ainda ferem os interesses nacionais da China, disse o minist\u00e9rio em seu site nesta quinta-feira (11).<\/p>\n<ul class=\"wp-block-list\">\n<li><em>Veja em primeira m\u00e3o tudo sobre agricultura, pecu\u00e1ria, economia e previs\u00e3o do tempo:<\/em><a href=\"https:\/\/news.google.com\/publications\/CAAqBwgKMPKZlQswq_mqAw?hl=pt-BR&amp;gl=BR&amp;ceid=BR%3Apt-419\" target=\"_blank\" rel=\"noreferrer noopener\">\u00a0<em>siga o Canal Rural no Google News!<\/em><\/a><\/li>\n<\/ul>\n<p>A China prosseguir\u00e1 com a investiga\u00e7\u00e3o sobre barreiras comerciais e de investimento do M\u00e9xico, aberta em setembro, ap\u00f3s o governo mexicano anunciar planos de elevar tarifas sobre importa\u00e7\u00f5es de bens de pa\u00edses sem acordo de livre-com\u00e9rcio com o M\u00e9xico.<\/p>\n<p>A proposta inicial, voltada a fortalecer ind\u00fastrias locais e substituir importa\u00e7\u00f5es da \u00c1sia, afetava cerca de US$ 52 bilh\u00f5es em compras, informou \u00e0 \u00e9poca o Minist\u00e9rio da Economia mexicano.<\/p>\n<p>\u201cEsses produtos j\u00e1 tinham tarifa\u2026o que faremos \u00e9 elev\u00e1-la at\u00e9 o teto permitido pela Organiza\u00e7\u00e3o Mundial do Com\u00e9rcio\u201d, disse o ministro da Economia, Marcelo Ebrard.<\/p>\n<p>Os investimentos chineses no M\u00e9xico cresceram nos \u00faltimos anos, ampliando o com\u00e9rcio bilateral. Mas a enxurrada de exporta\u00e7\u00f5es chinesas tamb\u00e9m amea\u00e7a a virada do M\u00e9xico para a manufatura de alto valor agregado, e aumenta a press\u00e3o da administra\u00e7\u00e3o Trump por uma postura comercial mais dura.<\/p>\n<p>Pequim j\u00e1 havia advertido o M\u00e9xico a reconsiderar os aumentos e feito amea\u00e7a de retalia\u00e7\u00e3o. Segundo o minist\u00e9rio chin\u00eas, os reajustes podem at\u00e9 atender \u00e0 pr\u00f3xima revis\u00e3o do acordo EUA-M\u00e9xico-Canad\u00e1 (USMCA), mas nenhum pacto deve vir \u00e0s custas do com\u00e9rcio global ou lesar interesses leg\u00edtimos da China.<\/p>\n<p>Nesta semana, o representante comercial dos EUA, Jamieson Greer, afirmou que o USMCA poder\u00e1 ganhar nova configura\u00e7\u00e3o ap\u00f3s ser renegociado em 2026.<\/p>\n<p>A pasta chinesa disse valorizar os la\u00e7os com o M\u00e9xico e esperar que o pa\u00eds trabalhe com Pequim para resolver diferen\u00e7as e aprofundar a coopera\u00e7\u00e3o. \u201cEsperamos que o M\u00e9xico leve essas preocupa\u00e7\u00f5es a s\u00e9rio e proceda com cautela\u201d, acrescentou.<\/p>\n<p>O M\u00e9xico tem acordos de livre-com\u00e9rcio com mais de 50 pa\u00edses, incluindo o Jap\u00e3o. Entre aqueles com os quais n\u00e3o tem acordo, a China desponta como um dos maiores exportadores. Outros destaques s\u00e3o Coreia do Sul e \u00cdndia.&nbsp;<\/p>\n<p>O post <a href=\"https:\/\/www.canalrural.com.br\/economia\/china-pede-que-praticas-protecionistas-do-mexico-sejam-revistas\/\">China pede que &#8216;pr\u00e1ticas protecionistas&#8217; do M\u00e9xico sejam revistas<\/a> apareceu primeiro em <a href=\"https:\/\/www.canalrural.com.br\">Canal Rural<\/a>.<\/p>\n<p><br \/>\n<br \/><a href=\"https:\/\/www.canalrural.com.br\/economia\/china-pede-que-praticas-protecionistas-do-mexico-sejam-revistas\/\">Source link <\/a><\/p>\n","protected":false},"excerpt":{"rendered":"<p>Foto: Freepik O Minist\u00e9rio do Com\u00e9rcio da China apelou ao M\u00e9xico que corrija \u201cpr\u00e1ticas unilaterais e protecionistas\u201d o mais r\u00e1pido<\/p>\n","protected":false},"author":1,"featured_media":0,"comment_status":"open","ping_status":"open","sticky":false,"template":"","format":"standard","meta":{"_monsterinsights_skip_tracking":false,"_monsterinsights_sitenote_active":false,"_monsterinsights_sitenote_note":"","_monsterinsights_sitenote_category":0,"_uf_show_specific_survey":0,"_uf_disable_surveys":false,"footnotes":""},"categories":[1],"tags":[],"class_list":["post-25567","post","type-post","status-publish","format-standard","hentry","category-news"],"_links":{"self":[{"href":"https:\/\/agromt.news\/index.php?rest_route=\/wp\/v2\/posts\/25567"}],"collection":[{"href":"https:\/\/agromt.news\/index.php?rest_route=\/wp\/v2\/posts"}],"about":[{"href":"https:\/\/agromt.news\/index.php?rest_route=\/wp\/v2\/types\/post"}],"author":[{"embeddable":true,"href":"https:\/\/agromt.news\/index.php?rest_route=\/wp\/v2\/users\/1"}],"replies":[{"embeddable":true,"href":"https:\/\/agromt.news\/index.php?rest_route=%2Fwp%2Fv2%2Fcomments&post=25567"}],"version-history":[{"count":0,"href":"https:\/\/agromt.news\/index.php?rest_route=\/wp\/v2\/posts\/25567\/revisions"}],"wp:attachment":[{"href":"https:\/\/agromt.news\/index.php?rest_route=%2Fwp%2Fv2%2Fmedia&parent=25567"}],"wp:term":[{"taxonomy":"category","embeddable":true,"href":"https:\/\/agromt.news\/index.php?rest_route=%2Fwp%2Fv2%2Fcategories&post=25567"},{"taxonomy":"post_tag","embeddable":true,"href":"https:\/\/agromt.news\/index.php?rest_route=%2Fwp%2Fv2%2Ftags&post=25567"}],"curies":[{"name":"wp","href":"https:\/\/api.w.org\/{rel}","templated":true}]}}