{"id":25566,"date":"2025-12-11T09:55:16","date_gmt":"2025-12-11T13:55:16","guid":{"rendered":"https:\/\/agromt.news\/?p=25566"},"modified":"2025-12-11T09:55:16","modified_gmt":"2025-12-11T13:55:16","slug":"ciclone-deixa-2-milhoes-sem-energia-em-sao-paulo","status":"publish","type":"post","link":"https:\/\/agromt.news\/?p=25566","title":{"rendered":"Ciclone deixa 2 milh\u00f5es sem energia em S\u00e3o Paulo"},"content":{"rendered":"<p> <br \/>\n<\/p>\n<div>\n<p>De acordo com informa\u00e7\u00f5es da Ag\u00eancia Brasil, parte do estado de S\u00e3o Paulo teve o fornecimento de energia interrompido ap\u00f3s a passagem de um ciclone extratropical desde ter\u00e7a-feira (9). A Enel informou que 2.052.401 clientes na Regi\u00e3o Metropolitana de S\u00e3o Paulo foram afetados.&#13;\n<\/p>\n<p>Segundo a concession\u00e1ria, \u201cpor causa dos ventos, em alguns pontos a rede el\u00e9trica \u00e9 atingida por objetos e galhos, o que prejudica o fornecimento, al\u00e9m da queda de \u00e1rvores\u201d. A empresa destacou que, em S\u00e3o Paulo, a velocidade dos ventos alcan\u00e7ou 96,3 km\/h, conforme dados da Defesa Civil. Segundo a Ag\u00eancia Brasil, o\u00a0Corpo de Bombeiros registrou 514 chamados para queda de \u00e1rvores na manh\u00e3 desta quarta-feira (10). A distribuidora afirmou ter mobilizado 1,3 mil equipes para restabelecer o fornecimento nas \u00e1reas atendidas.<\/p>\n<p>A Defesa Civil do Estado emitiu alerta para fortes rajadas de vento no fim da manh\u00e3 desta quarta. Em comunicado nas redes sociais, o \u00f3rg\u00e3o ressaltou: \u201cOntem [ter\u00e7a-feira] o destaque foi para fortes chuvas. Hoje [quarta-feira] o destaque \u00e9 para as fortes rajadas de vento que atingem todo o estado de S\u00e3o Paulo\u201d. Os avisos v\u00eam sendo reiterados desde o in\u00edcio da semana, quando o ciclone extratropical avan\u00e7ou pela regi\u00e3o.&#13;\n<\/p>\n<p>Segundo a Ag\u00eancia Brasil, a Defesa Civil registrou quedas de \u00e1rvores em diversos munic\u00edpios, entre eles Vera Cruz, Guare\u00ed, Ribeir\u00e3o Bonito, Caieiras, Ferraz de Vasconcelos, Ara\u00e7atuba, Mat\u00e3o, Reden\u00e7\u00e3o da Serra, Vargem Grande Paulista, Fernand\u00f3polis, Osasco, Guaratinguet\u00e1, Botucatu, Santa Cruz do Rio Pardo, Elisi\u00e1rio, Ibat\u00e9, Biritiba, Guapiara, Oscar Bressane e Barra Bonita. O Instituto Butantan informou o fechamento do Parque de Ci\u00eancia devido \u00e0s rajadas de vento registradas nesta quarta-feira.<\/p>\n<\/p><\/div>\n<p><script data-cfasync=\"false\">\n    !function (f, b, e, v, n, t, s) {\n        if (f.fbq) return; n = f.fbq = function () {\n            n.callMethod ?\n                n.callMethod.apply(n, arguments) : n.queue.push(arguments)\n        };\n        if (!f._fbq) f._fbq = n; n.push = n; n.loaded = !0; n.version = '2.0';\n        n.queue = []; t = b.createElement(e); t.async = !0;\n        t.src = v; s = b.getElementsByTagName(e)[0];\n        s.parentNode.insertBefore(t, s)\n    }(window, document, 'script',\n        'https:\/\/connect.facebook.net\/en_US\/fbevents.js');\n    fbq('init', '522546078623747');\n    fbq('track', 'PageView');\n<\/script><br \/>\n<br \/><br \/>\n<br \/><a href=\"https:\/\/www.agrolink.com.br\/noticias\/ciclone-deixa-2-milhoes-de-clientes-sem-energia-em-sao-paulo_508856.html\">Source link <\/a><\/p>\n","protected":false},"excerpt":{"rendered":"<p>De acordo com informa\u00e7\u00f5es da Ag\u00eancia Brasil, parte do estado de S\u00e3o Paulo teve o fornecimento de energia interrompido ap\u00f3s<\/p>\n","protected":false},"author":1,"featured_media":1078,"comment_status":"open","ping_status":"open","sticky":false,"template":"","format":"standard","meta":{"_monsterinsights_skip_tracking":false,"_monsterinsights_sitenote_active":false,"_monsterinsights_sitenote_note":"","_monsterinsights_sitenote_category":0,"_uf_show_specific_survey":0,"_uf_disable_surveys":false,"footnotes":""},"categories":[8,1,14],"tags":[],"class_list":["post-25566","post","type-post","status-publish","format-standard","has-post-thumbnail","hentry","category-agro","category-news","category-politica-agro"],"_links":{"self":[{"href":"https:\/\/agromt.news\/index.php?rest_route=\/wp\/v2\/posts\/25566"}],"collection":[{"href":"https:\/\/agromt.news\/index.php?rest_route=\/wp\/v2\/posts"}],"about":[{"href":"https:\/\/agromt.news\/index.php?rest_route=\/wp\/v2\/types\/post"}],"author":[{"embeddable":true,"href":"https:\/\/agromt.news\/index.php?rest_route=\/wp\/v2\/users\/1"}],"replies":[{"embeddable":true,"href":"https:\/\/agromt.news\/index.php?rest_route=%2Fwp%2Fv2%2Fcomments&post=25566"}],"version-history":[{"count":0,"href":"https:\/\/agromt.news\/index.php?rest_route=\/wp\/v2\/posts\/25566\/revisions"}],"wp:featuredmedia":[{"embeddable":true,"href":"https:\/\/agromt.news\/index.php?rest_route=\/wp\/v2\/media\/1078"}],"wp:attachment":[{"href":"https:\/\/agromt.news\/index.php?rest_route=%2Fwp%2Fv2%2Fmedia&parent=25566"}],"wp:term":[{"taxonomy":"category","embeddable":true,"href":"https:\/\/agromt.news\/index.php?rest_route=%2Fwp%2Fv2%2Fcategories&post=25566"},{"taxonomy":"post_tag","embeddable":true,"href":"https:\/\/agromt.news\/index.php?rest_route=%2Fwp%2Fv2%2Ftags&post=25566"}],"curies":[{"name":"wp","href":"https:\/\/api.w.org\/{rel}","templated":true}]}}