{"id":25564,"date":"2025-12-11T09:20:26","date_gmt":"2025-12-11T13:20:26","guid":{"rendered":"https:\/\/agromt.news\/?p=25564"},"modified":"2025-12-11T09:20:26","modified_gmt":"2025-12-11T13:20:26","slug":"exportacoes-de-suinos-tem-maior-queda-mensal-desde-2015","status":"publish","type":"post","link":"https:\/\/agromt.news\/?p=25564","title":{"rendered":"Exporta\u00e7\u00f5es de su\u00ednos t\u00eam maior queda mensal desde 2015"},"content":{"rendered":"<p> <br \/>\n<\/p>\n<div>\n<figure><img decoding=\"async\" src=\"https:\/\/imagens-cdn.canalrural.com.br\/wp-content\/uploads\/Suinos_Levantamento-de-custos-1024x683-1.jpg\" alt=\"su\u00ednos, suinocultura - Doen\u00e7a de Aujeszky, automa\u00e7\u00e3o, economia, su\u00edno, custos\" \/><figcaption>Foto: Sistema Faep<\/figcaption><\/figure>\n<\/div>\n<p>Dados da Secex analisados pelo <a href=\"https:\/\/www.canalrural.com.br\/tag\/cepea\/\">Cepea<\/a> mostram que as exporta\u00e7\u00f5es brasileiras de carne su\u00edna ca\u00edram 26,3% de outubro para novembro, a maior queda mensal desde dezembro de 2015, quando a retra\u00e7\u00e3o foi de 28,5%.<\/p>\n<p>os embarques da prote\u00edna totalizaram 105,2 mil toneladas no m\u00eas passado, o menor volume desde janeiro deste ano, ficando abaixo tamb\u00e9m da quantidade de novembro\/24, de 111,5 mil toneladas.<\/p>\n<ul class=\"wp-block-list\">\n<li><em>Veja em primeira m\u00e3o tudo sobre agricultura, pecu\u00e1ria, economia e previs\u00e3o do tempo:<\/em> <a href=\"https:\/\/news.google.com\/publications\/CAAqLQgKIidDQklTRndnTWFoTUtFV05oYm1Gc2NuVnlZV3d1WTI5dExtSnlLQUFQAQ?hl=pt-BR&amp;gl=BR&amp;ceid=BR:pt-419\"><em>siga o Canal Rural no Google News!<\/em><\/a><\/li>\n<\/ul>\n<p>J\u00e1 no acumulado de 2025 (at\u00e9 novembro), o total exportado supera o de 2024 inteiro, somando 1,35 milh\u00e3o de toneladas, ante 1,33 milh\u00e3o de toneladas do ano passado.<\/p>\n<p>Quanto aos abates, dados do IBGE analisados pelo Cepea indicam que o volume de su\u00ednos abatido no terceiro trimestre deste ano foi o maior da hist\u00f3ria, com quase 1,5 bilh\u00e3o de quilos produzidos entre julho e setembro em todo o Pa\u00eds.<\/p>\n<p>Em compara\u00e7\u00e3o com o trimestre anterior, houve crescimento de 5,3%, e, frente a igual intervalo do ano passado, de 6,1%. Analistas do Cepea ressaltam que, historicamente, o terceiro trimestre \u00e9 o pico de produ\u00e7\u00e3o do ano, enquanto o quarto, o menor.<\/p>\n<p><em>*Sob supervis\u00e3o de Luis Roberto Toledo<\/em><\/p>\n<p>O post <a href=\"https:\/\/www.canalrural.com.br\/aves-e-suinos\/exportacoes-de-suinos-tem-maior-queda-mensal-desde-2015\/\">Exporta\u00e7\u00f5es de su\u00ednos t\u00eam maior queda mensal desde 2015<\/a> apareceu primeiro em <a href=\"https:\/\/www.canalrural.com.br\">Canal Rural<\/a>.<\/p>\n<p><br \/>\n<br \/><a href=\"https:\/\/www.canalrural.com.br\/aves-e-suinos\/exportacoes-de-suinos-tem-maior-queda-mensal-desde-2015\/\">Source link <\/a><\/p>\n","protected":false},"excerpt":{"rendered":"<p>Foto: Sistema Faep Dados da Secex analisados pelo Cepea mostram que as exporta\u00e7\u00f5es brasileiras de carne su\u00edna ca\u00edram 26,3% de<\/p>\n","protected":false},"author":1,"featured_media":0,"comment_status":"open","ping_status":"open","sticky":false,"template":"","format":"standard","meta":{"_monsterinsights_skip_tracking":false,"_monsterinsights_sitenote_active":false,"_monsterinsights_sitenote_note":"","_monsterinsights_sitenote_category":0,"_uf_show_specific_survey":0,"_uf_disable_surveys":false,"footnotes":""},"categories":[1],"tags":[],"class_list":["post-25564","post","type-post","status-publish","format-standard","hentry","category-news"],"_links":{"self":[{"href":"https:\/\/agromt.news\/index.php?rest_route=\/wp\/v2\/posts\/25564"}],"collection":[{"href":"https:\/\/agromt.news\/index.php?rest_route=\/wp\/v2\/posts"}],"about":[{"href":"https:\/\/agromt.news\/index.php?rest_route=\/wp\/v2\/types\/post"}],"author":[{"embeddable":true,"href":"https:\/\/agromt.news\/index.php?rest_route=\/wp\/v2\/users\/1"}],"replies":[{"embeddable":true,"href":"https:\/\/agromt.news\/index.php?rest_route=%2Fwp%2Fv2%2Fcomments&post=25564"}],"version-history":[{"count":0,"href":"https:\/\/agromt.news\/index.php?rest_route=\/wp\/v2\/posts\/25564\/revisions"}],"wp:attachment":[{"href":"https:\/\/agromt.news\/index.php?rest_route=%2Fwp%2Fv2%2Fmedia&parent=25564"}],"wp:term":[{"taxonomy":"category","embeddable":true,"href":"https:\/\/agromt.news\/index.php?rest_route=%2Fwp%2Fv2%2Fcategories&post=25564"},{"taxonomy":"post_tag","embeddable":true,"href":"https:\/\/agromt.news\/index.php?rest_route=%2Fwp%2Fv2%2Ftags&post=25564"}],"curies":[{"name":"wp","href":"https:\/\/api.w.org\/{rel}","templated":true}]}}