{"id":25558,"date":"2025-12-11T07:51:14","date_gmt":"2025-12-11T11:51:14","guid":{"rendered":"https:\/\/agromt.news\/?p=25558"},"modified":"2025-12-11T07:51:14","modified_gmt":"2025-12-11T11:51:14","slug":"o-brasil-sem-rumo-poderes-em-guerra-e-um-pais-a-beira-da-estagnacao","status":"publish","type":"post","link":"https:\/\/agromt.news\/?p=25558","title":{"rendered":"O Brasil sem rumo: poderes em guerra e um pa\u00eds \u00e0 beira da estagna\u00e7\u00e3o"},"content":{"rendered":"<p> <br \/>\n<\/p>\n<div>\n<figure><img decoding=\"async\" src=\"https:\/\/agromt.news\/wp-content\/uploads\/2025\/12\/O-Brasil-sem-rumo-poderes-em-guerra-e-um-pais.jpg\" alt=\"\" \/><figcaption>Foto: Ag\u00eancia Brasil<\/figcaption><\/figure>\n<\/div>\n<p>O Brasil vive hoje um desequil\u00edbrio institucional que combina tens\u00e3o, desconfian\u00e7a e competi\u00e7\u00e3o aberta entre os poderes. O Executivo governa sob a l\u00f3gica eleitoral de 2026, mais preocupado com fidelizar sua base social do que com reformas estruturais. Enquanto, o Legislativo reage ampliando privil\u00e9gios, aprovando medidas de impacto fiscal elevado e blindagens pol\u00edticas para sobreviver \u00e0 pr\u00f3pria impopularidade. E o Judici\u00e1rio, percebendo o v\u00e1cuo de autoridade, avan\u00e7a sobre pautas que antes pertenciam \u00e0 arena pol\u00edtica, assumindo papel de \u00e1rbitro permanente, e por vezes protagonista.<\/p>\n<p>O resultado \u00e9 um sistema em que cada poder atua por instinto de sobreviv\u00eancia, e n\u00e3o por compromisso com um projeto nacional. N\u00e3o h\u00e1 prioridade comum, coordena\u00e7\u00e3o ou vis\u00e3o de futuro. H\u00e1 apenas movimentos t\u00e1ticos, decis\u00f5es improvisadas e disputas de territ\u00f3rio pol\u00edtico. Num ambiente assim, qualquer pol\u00edtica p\u00fablica se torna ref\u00e9m do conflito.<\/p>\n<h2 class=\"wp-block-heading\" id=\"h-a-mediocridade-como-metodo-e-a-ausencia-de-projeto\">A mediocridade como m\u00e9todo e a aus\u00eancia de projeto<\/h2>\n<p>A crise n\u00e3o \u00e9 ideol\u00f3gica. \u00c9 estrat\u00e9gica. O Brasil n\u00e3o discute produtividade, inova\u00e7\u00e3o, educa\u00e7\u00e3o, infraestrutura, reforma administrativa ou competitividade global. N\u00e3o se discute sequer como preparar o pa\u00eds para um mundo dominado por tecnologia, transi\u00e7\u00e3o energ\u00e9tica e disputa geopol\u00edtica entre grandes pot\u00eancias.<\/p>\n<p>A agenda nacional est\u00e1 sequestrada por:<\/p>\n<ul class=\"wp-block-list\">\n<li>Manobras regimentais,<\/li>\n<li>Pautas de blindagem,<\/li>\n<li>Trocas fisiol\u00f3gicas,<\/li>\n<li>Batalhas entre partidos e corpora\u00e7\u00f5es,<\/li>\n<li>Narrativas eleitorais vazias.<\/li>\n<\/ul>\n<p>Enquanto Bras\u00edlia gira em torno de si mesma, o pa\u00eds real, pobre, desigual, com servi\u00e7os p\u00fablicos colapsados, segue sem dire\u00e7\u00e3o, sem lideran\u00e7a e sem horizonte. O problema n\u00e3o \u00e9 apenas moral. \u00c9 econ\u00f4mico. Um pa\u00eds sem projeto n\u00e3o cresce.<\/p>\n<h2 class=\"wp-block-heading\" id=\"h-impactos-economicos-imediatos-o-risco-real-de-fuga-de-capitais\">Impactos econ\u00f4micos imediatos: o risco real de fuga de capitais<\/h2>\n<p>Mercados n\u00e3o convivem bem com o improviso. A disputa permanente entre os Poderes cria o pior cen\u00e1rio poss\u00edvel para quem investe:<\/p>\n<ul class=\"wp-block-list\">\n<li>Incerteza sobre regras,<\/li>\n<li>Imprevisibilidade sobre decis\u00f5es,<\/li>\n<li>Falta de coordena\u00e7\u00e3o entre institui\u00e7\u00f5es,<\/li>\n<li>Sinais contradit\u00f3rios sobre pol\u00edtica fiscal e monet\u00e1ria.<\/li>\n<\/ul>\n<p>Investidores, dom\u00e9sticos e internacionais, observam que o Brasil est\u00e1 preso em um ciclo de autopreserva\u00e7\u00e3o pol\u00edtica, sem reformas, sem clareza e sem estabilidade.<\/p>\n<p>O efeito \u00e9 direto:<\/p>\n<ul class=\"wp-block-list\">\n<li>Empresas adiam decis\u00f5es de expans\u00e3o.<\/li>\n<li>Projetos estrat\u00e9gicos s\u00e3o congelados.<\/li>\n<li>Fundos reduzem exposi\u00e7\u00e3o ao risco Brasil.<\/li>\n<li>Investidores estrangeiros preferem esperar, ou sair.<\/li>\n<\/ul>\n<p>E em pa\u00edses emergentes, a sa\u00edda de capitais acontece de forma s\u00fabita.<br \/>Basta um gatilho pol\u00edtico, um conflito entre Poderes, uma decis\u00e3o judicial controversa, uma ruptura fiscal, para desencadear fuga em massa.<\/p>\n<p>O resultado \u00e9 conhecido:<\/p>\n<ul class=\"wp-block-list\">\n<li>C\u00e2mbio dispara,<\/li>\n<li>Juros sobem,<\/li>\n<li>Cr\u00e9dito encarece,<\/li>\n<li>Infla\u00e7\u00e3o pressiona,<\/li>\n<\/ul>\n<p>Toda economia produtiva \u00e9 penalizada, incluindo o agro, que sente imediatamente a press\u00e3o sobre os custos e a desvaloriza\u00e7\u00e3o de receitas.<\/p>\n<p>Nenhum pa\u00eds cresce com poderes em guerra. E nenhum investidor permanece onde o pr\u00f3prio Estado parece caminhar sem rumo.<\/p>\n<p>O pa\u00eds tem potencial extraordin\u00e1rio: energia barata, agro competitivo, matriz limpa, recursos naturais \u00fanicos, popula\u00e7\u00e3o empreendedora. Mas falta o essencial: projeto nacional, lideran\u00e7a est\u00e1vel e coordena\u00e7\u00e3o m\u00ednima entre os poderes. Enquanto Bras\u00edlia trava guerras internas, o Brasil real,o que produz, trabalha e investe, fica \u00e0 deriva.<\/p>\n<p>Se o pa\u00eds n\u00e3o recuperar previsibilidade institucional, pode perder mais do que o futuro.<br \/>Pode perder o presente: crescimento, empregos, investimentos e at\u00e9 a confian\u00e7a que ainda resta. E sem confian\u00e7a, nenhum pa\u00eds se sustenta.<\/p>\n<div class=\"wp-block-media-text is-stacked-on-mobile\">\n<figure class=\"wp-block-media-text__media\"><img fetchpriority=\"high\" decoding=\"async\" width=\"683\" height=\"1024\" src=\"https:\/\/agromt.news\/wp-content\/uploads\/2025\/12\/A-escolha-de-Bolsonaro-por-Flavio-pode-unir-a-direita.jpg\" alt=\"Miguel Daoud\" class=\"wp-image-4095706 size-full\" \/><\/figure>\n<div class=\"wp-block-media-text__content\">\n<p class=\"has-text-align-center\">*<em><strong>Miguel Daoud<\/strong>&nbsp;\u00e9 comentarista de Economia e Pol\u00edtica&nbsp;do Canal Rural<\/em><\/p>\n<p><\/p>\n<\/div>\n<\/div>\n<hr class=\"wp-block-separator has-alpha-channel-opacity\" \/>\n<p><em>O&nbsp;<strong>Canal Rural<\/strong>&nbsp;n\u00e3o se responsabiliza pelas opini\u00f5es e conceitos emitidos nos textos desta sess\u00e3o, sendo os conte\u00fados de inteira responsabilidade de seus autores. A empresa se reserva o direito de fazer ajustes no texto para adequa\u00e7\u00e3o \u00e0s normas de publica\u00e7\u00e3o.<\/em><\/p>\n<\/p>\n<\/p>\n<p>O post <a href=\"https:\/\/www.canalrural.com.br\/opiniao-noticias\/o-brasil-sem-rumo-poderes-em-guerra-e-um-pais-a-beira-da-estagnacao\/\">O Brasil sem rumo: poderes em guerra e um pa\u00eds \u00e0 beira da estagna\u00e7\u00e3o<\/a> apareceu primeiro em <a href=\"https:\/\/www.canalrural.com.br\">Canal Rural<\/a>.<\/p>\n<p><br \/>\n<br \/><a href=\"https:\/\/www.canalrural.com.br\/opiniao-noticias\/o-brasil-sem-rumo-poderes-em-guerra-e-um-pais-a-beira-da-estagnacao\/\">Source link <\/a><\/p>\n","protected":false},"excerpt":{"rendered":"<p>Foto: Ag\u00eancia Brasil O Brasil vive hoje um desequil\u00edbrio institucional que combina tens\u00e3o, desconfian\u00e7a e competi\u00e7\u00e3o aberta entre os poderes.<\/p>\n","protected":false},"author":1,"featured_media":25559,"comment_status":"open","ping_status":"open","sticky":false,"template":"","format":"standard","meta":{"_monsterinsights_skip_tracking":false,"_monsterinsights_sitenote_active":false,"_monsterinsights_sitenote_note":"","_monsterinsights_sitenote_category":0,"_uf_show_specific_survey":0,"_uf_disable_surveys":false,"footnotes":""},"categories":[1],"tags":[],"class_list":["post-25558","post","type-post","status-publish","format-standard","has-post-thumbnail","hentry","category-news"],"_links":{"self":[{"href":"https:\/\/agromt.news\/index.php?rest_route=\/wp\/v2\/posts\/25558"}],"collection":[{"href":"https:\/\/agromt.news\/index.php?rest_route=\/wp\/v2\/posts"}],"about":[{"href":"https:\/\/agromt.news\/index.php?rest_route=\/wp\/v2\/types\/post"}],"author":[{"embeddable":true,"href":"https:\/\/agromt.news\/index.php?rest_route=\/wp\/v2\/users\/1"}],"replies":[{"embeddable":true,"href":"https:\/\/agromt.news\/index.php?rest_route=%2Fwp%2Fv2%2Fcomments&post=25558"}],"version-history":[{"count":0,"href":"https:\/\/agromt.news\/index.php?rest_route=\/wp\/v2\/posts\/25558\/revisions"}],"wp:featuredmedia":[{"embeddable":true,"href":"https:\/\/agromt.news\/index.php?rest_route=\/wp\/v2\/media\/25559"}],"wp:attachment":[{"href":"https:\/\/agromt.news\/index.php?rest_route=%2Fwp%2Fv2%2Fmedia&parent=25558"}],"wp:term":[{"taxonomy":"category","embeddable":true,"href":"https:\/\/agromt.news\/index.php?rest_route=%2Fwp%2Fv2%2Fcategories&post=25558"},{"taxonomy":"post_tag","embeddable":true,"href":"https:\/\/agromt.news\/index.php?rest_route=%2Fwp%2Fv2%2Ftags&post=25558"}],"curies":[{"name":"wp","href":"https:\/\/api.w.org\/{rel}","templated":true}]}}