{"id":25557,"date":"2025-12-11T07:23:11","date_gmt":"2025-12-11T11:23:11","guid":{"rendered":"https:\/\/agromt.news\/?p=25557"},"modified":"2025-12-11T07:23:11","modified_gmt":"2025-12-11T11:23:11","slug":"setores-da-economia-criticam-manutencao-da-taxa-selic-pelo-banco-central","status":"publish","type":"post","link":"https:\/\/agromt.news\/?p=25557","title":{"rendered":"Setores da economia criticam manuten\u00e7\u00e3o da Taxa Selic pelo Banco Central"},"content":{"rendered":"<p> <br \/>\n<\/p>\n<div>\n<figure><img decoding=\"async\" src=\"https:\/\/imagens-cdn.canalrural.com.br\/wp-content\/uploads\/Boletim-Focus-Banco-Central.jpg\" alt=\"juros c\u00e2mbio\" \/><figcaption>Foto: Ag\u00eancia Senado<\/figcaption><\/figure>\n<\/div>\n<p>A manuten\u00e7\u00e3o da Taxa Selic, juros b\u00e1sicos da economia, em 15% ao ano recebeu cr\u00edticas do setor produtivo. Apesar de a decis\u00e3o ter sido amplamente esperada pelo mercado, entidades empresariais e sindicais veem <a href=\"https:\/\/www.canalrural.com.br\/economia\/rascunho-automaticoem-ultima-reuniao-do-ano-copom-mantem-taxa-selic-em-15-ao-ano\/\">na postura do Banco Central (BC)<\/a> um entrave ao crescimento econ\u00f4mico num cen\u00e1rio de infla\u00e7\u00e3o em queda, desacelera\u00e7\u00e3o da economia e perda de f\u00f4lego do mercado de trabalho.<\/p>\n<h2 class=\"wp-block-heading\" id=\"h-cni-decisao-ignora-desaceleracao\">CNI: decis\u00e3o ignora desacelera\u00e7\u00e3o<\/h2>\n<p>Em nota, a Confedera\u00e7\u00e3o Nacional da Ind\u00fastria (CNI) avaliou que o BC desconsiderou \u201cevid\u00eancias robustas\u201d de que a economia j\u00e1 permitiria iniciar um ciclo de redu\u00e7\u00e3o da Selic. O presidente da entidade, Ricardo Alban, afirmou que a manuten\u00e7\u00e3o dos juros \u201c\u00e9 excessiva e prejudicial\u201d, intensificando a perda de ritmo da atividade, encarecendo o cr\u00e9dito e inibindo investimentos. Para ele, h\u00e1 espa\u00e7o para um ajuste gradual sem comprometer a converg\u00eancia da infla\u00e7\u00e3o para a meta.<\/p>\n<ul class=\"wp-block-list\">\n<li><em>Veja em primeira m\u00e3o tudo sobre agricultura, pecu\u00e1ria, economia e previs\u00e3o do tempo:<\/em><a href=\"https:\/\/news.google.com\/publications\/CAAqBwgKMPKZlQswq_mqAw?hl=pt-BR&amp;gl=BR&amp;ceid=BR%3Apt-419\" target=\"_blank\" rel=\"noreferrer noopener\"><em>\u00a0siga o Canal Rural no Google News!<\/em><\/a><\/li>\n<\/ul>\n<p>A C\u00e2mara Brasileira da Ind\u00fastria da Constru\u00e7\u00e3o (CBIC) recebeu com preocupa\u00e7\u00e3o a manuten\u00e7\u00e3o dos juros em n\u00edveis altos. Em comunicado, o presidente da CBIC, Renato Correia, afirma que a continuidade do crescimento do setor em 2026 depende da queda dos juros o mais r\u00e1pido poss\u00edvel.<\/p>\n<h2 class=\"wp-block-heading\" id=\"h-comercio\">Com\u00e9rcio<\/h2>\n<p>O economista-chefe da Associa\u00e7\u00e3o Paulista de Supermercados (Apas), Felipe Queiroz, considerou que o BC mant\u00e9m uma pol\u00edtica desconectada da conjuntura nacional e internacional. Ele lembrou que pa\u00edses como os Estados Unidos iniciaram cortes enquanto o Brasil conserva uma das maiores taxas reais do mundo. Segundo Queiroz, a postura atual \u201cprejudica investimentos, consumo e agrava entraves estruturais\u201d, al\u00e9m de dificultar a condu\u00e7\u00e3o da pol\u00edtica fiscal.<\/p>\n<p>Em tom mais moderado, a Associa\u00e7\u00e3o Comercial de S\u00e3o Paulo (ACSP) avaliou que a manuten\u00e7\u00e3o era esperada e reflete um ambiente ainda delicado. Para o economista Ulisses Ruiz de Gamboa, a infla\u00e7\u00e3o e as expectativas continuam acima da meta, e o contexto inclui expans\u00e3o fiscal, resili\u00eancia do mercado de trabalho e incertezas internacionais. Ele afirmou que o comunicado do Comit\u00ea de Pol\u00edtica Monet\u00e1ria (Copom) ser\u00e1 decisivo para entender a sinaliza\u00e7\u00e3o dos pr\u00f3ximos passos.<\/p>\n<h2 class=\"wp-block-heading\" id=\"h-centrais-sindicais\">Centrais sindicais<\/h2>\n<p>Em nota, a Central \u00danica dos Trabalhadores (CUT) classificou a decis\u00e3o como um \u201cdescumprimento das necessidades da popula\u00e7\u00e3o e do setor produtivo\u201d. A presidenta da Confedera\u00e7\u00e3o Nacional dos Trabalhadores do Ramo Financeiro da CUT (Contraf-CUT) e vice-presidenta da CUT, Juvandia Moreira, disse que a Selic elevada desvia recursos do investimento produtivo para o \u201crentismo\u201d. Economistas ligados \u00e0 central afirmam que a infla\u00e7\u00e3o est\u00e1 controlada e que o aperto monet\u00e1rio j\u00e1 provoca queda no consumo, desacelera\u00e7\u00e3o do PIB e perda de dinamismo no mercado de trabalho.<\/p>\n<p>A For\u00e7a Sindical criticou de forma contundente a decis\u00e3o, classificando-a como \u201cvergonha nacional\u201d. Para o presidente da entidade, Miguel Torres, o Copom favorece especuladores e estrangula a economia ao insistir em juros elevados. Ele afirma que a pol\u00edtica atual prejudica campanhas salariais, limita o consumo e imp\u00f5e obst\u00e1culos ao desenvolvimento. \u201cEstamos vivendo a era dos juros extorsivos\u201d, afirmou em comunicado.<\/p>\n<p>O post <a href=\"https:\/\/www.canalrural.com.br\/economia\/setores-da-economia-criticam-manutencao-da-taxa-selic-pelo-banco-central\/\">Setores da economia criticam manuten\u00e7\u00e3o da Taxa Selic pelo Banco Central<\/a> apareceu primeiro em <a href=\"https:\/\/www.canalrural.com.br\">Canal Rural<\/a>.<\/p>\n<p><br \/>\n<br \/><a href=\"https:\/\/www.canalrural.com.br\/economia\/setores-da-economia-criticam-manutencao-da-taxa-selic-pelo-banco-central\/\">Source link <\/a><\/p>\n","protected":false},"excerpt":{"rendered":"<p>Foto: Ag\u00eancia Senado A manuten\u00e7\u00e3o da Taxa Selic, juros b\u00e1sicos da economia, em 15% ao ano recebeu cr\u00edticas do setor<\/p>\n","protected":false},"author":1,"featured_media":0,"comment_status":"open","ping_status":"open","sticky":false,"template":"","format":"standard","meta":{"_monsterinsights_skip_tracking":false,"_monsterinsights_sitenote_active":false,"_monsterinsights_sitenote_note":"","_monsterinsights_sitenote_category":0,"_uf_show_specific_survey":0,"_uf_disable_surveys":false,"footnotes":""},"categories":[1],"tags":[],"class_list":["post-25557","post","type-post","status-publish","format-standard","hentry","category-news"],"_links":{"self":[{"href":"https:\/\/agromt.news\/index.php?rest_route=\/wp\/v2\/posts\/25557"}],"collection":[{"href":"https:\/\/agromt.news\/index.php?rest_route=\/wp\/v2\/posts"}],"about":[{"href":"https:\/\/agromt.news\/index.php?rest_route=\/wp\/v2\/types\/post"}],"author":[{"embeddable":true,"href":"https:\/\/agromt.news\/index.php?rest_route=\/wp\/v2\/users\/1"}],"replies":[{"embeddable":true,"href":"https:\/\/agromt.news\/index.php?rest_route=%2Fwp%2Fv2%2Fcomments&post=25557"}],"version-history":[{"count":0,"href":"https:\/\/agromt.news\/index.php?rest_route=\/wp\/v2\/posts\/25557\/revisions"}],"wp:attachment":[{"href":"https:\/\/agromt.news\/index.php?rest_route=%2Fwp%2Fv2%2Fmedia&parent=25557"}],"wp:term":[{"taxonomy":"category","embeddable":true,"href":"https:\/\/agromt.news\/index.php?rest_route=%2Fwp%2Fv2%2Fcategories&post=25557"},{"taxonomy":"post_tag","embeddable":true,"href":"https:\/\/agromt.news\/index.php?rest_route=%2Fwp%2Fv2%2Ftags&post=25557"}],"curies":[{"name":"wp","href":"https:\/\/api.w.org\/{rel}","templated":true}]}}