{"id":2554,"date":"2024-10-01T03:22:09","date_gmt":"2024-10-01T07:22:09","guid":{"rendered":"https:\/\/agromt.news\/?p=2554"},"modified":"2024-10-01T03:22:09","modified_gmt":"2024-10-01T07:22:09","slug":"maca-cepea-precos-estao-subindo-noticias-agricolas","status":"publish","type":"post","link":"https:\/\/agromt.news\/?p=2554","title":{"rendered":"Ma\u00e7\u00e3\/Cepea: Pre\u00e7os est\u00e3o subindo! &#8211; Not\u00edcias Agr\u00edcolas"},"content":{"rendered":"<p> <br \/>\n<\/p>\n<div>\n<div class=\"materia\">\n<p>Em agosto, as vendas de ma\u00e7\u00e3 tiveram uma melhora significativa nos grandes centros consumidores, do Sul e do Sudeste. De acordo com colaboradores do Hortifr\u00fati\/Cepea, o retorno \u00e0s aulas foi o principal fator.<\/p>\n<p>Assim, com a oferta controlada, o pre\u00e7o de algumas variedades e perfis registraram alta nas regi\u00f5es classificadoras nesta semana (19 a 23\/08). Na m\u00e9dia das pra\u00e7as, a gala 165 Cat 1, por exemplo, foi negociada a R$ 134,33\/cx de 18 kg, aumento de 6% em rela\u00e7\u00e3o \u00e0 semana anterior. J\u00e1 a fuji 165 Cat 1 foi vendida a R$ 130,5\/cx de 18 kg, crescimento de 5% no mesmo per\u00edodo.<\/p>\n<p>Para a pr\u00f3xima semana, o pre\u00e7o pode se estabilizar devido ao fim de m\u00eas, que tende restringir o com\u00e9rcio.<\/p>\n<\/div>\n<div class=\"grupo-whatsapp\">\nJ\u00e1 segue nosso Canal oficial no WhatsApp? <a href=\"https:\/\/bit.ly\/Canal_NA\" target=\"_blank\" rel=\"noopener\"><strong>Clique Aqui<\/strong><\/a> para receber em primeira m\u00e3o as principais not\u00edcias do agroneg\u00f3cio\n<\/div>\n<\/div>\n<p><script async defer src=\"https:\/\/connect.facebook.net\/en_US\/sdk.js\" type=\"4a338b1f16e539d807439666-text\/javascript\"><\/script><script type=\"4a338b1f16e539d807439666-text\/javascript\">\n  !function(f,b,e,v,n,t,s)\n  {if(f.fbq)return;n=f.fbq=function(){n.callMethod?\n    n.callMethod.apply(n,arguments):n.queue.push(arguments)};\n    if(!f._fbq)f._fbq=n;n.push=n;n.loaded=!0;n.version='2.0';\n    n.queue=[];t=b.createElement(e);t.async=!0;\n    t.src=v;s=b.getElementsByTagName(e)[0];\n    s.parentNode.insertBefore(t,s)}(window, document,'script',\n    'https:\/\/connect.facebook.net\/en_US\/fbevents.js');\n  fbq('init', '153495679422335');\n  fbq('track', 'PageView');\n<\/script><br \/>\n<br \/><br \/>\n<br \/><a href=\"https:\/\/www.noticiasagricolas.com.br\/noticias\/hortifruti\/383514-maca-cepea-precos-estao-subindo.html\">Source link <\/a><\/p>\n","protected":false},"excerpt":{"rendered":"<p>Em agosto, as vendas de ma\u00e7\u00e3 tiveram uma melhora significativa nos grandes centros consumidores, do Sul e do Sudeste. De<\/p>\n","protected":false},"author":1,"featured_media":2555,"comment_status":"open","ping_status":"open","sticky":false,"template":"","format":"standard","meta":{"_monsterinsights_skip_tracking":false,"_monsterinsights_sitenote_active":false,"_monsterinsights_sitenote_note":"","_monsterinsights_sitenote_category":0,"_uf_show_specific_survey":0,"_uf_disable_surveys":false,"footnotes":""},"categories":[8,1,14,16],"tags":[],"class_list":["post-2554","post","type-post","status-publish","format-standard","has-post-thumbnail","hentry","category-agro","category-news","category-politica-agro","category-safra"],"_links":{"self":[{"href":"https:\/\/agromt.news\/index.php?rest_route=\/wp\/v2\/posts\/2554"}],"collection":[{"href":"https:\/\/agromt.news\/index.php?rest_route=\/wp\/v2\/posts"}],"about":[{"href":"https:\/\/agromt.news\/index.php?rest_route=\/wp\/v2\/types\/post"}],"author":[{"embeddable":true,"href":"https:\/\/agromt.news\/index.php?rest_route=\/wp\/v2\/users\/1"}],"replies":[{"embeddable":true,"href":"https:\/\/agromt.news\/index.php?rest_route=%2Fwp%2Fv2%2Fcomments&post=2554"}],"version-history":[{"count":0,"href":"https:\/\/agromt.news\/index.php?rest_route=\/wp\/v2\/posts\/2554\/revisions"}],"wp:featuredmedia":[{"embeddable":true,"href":"https:\/\/agromt.news\/index.php?rest_route=\/wp\/v2\/media\/2555"}],"wp:attachment":[{"href":"https:\/\/agromt.news\/index.php?rest_route=%2Fwp%2Fv2%2Fmedia&parent=2554"}],"wp:term":[{"taxonomy":"category","embeddable":true,"href":"https:\/\/agromt.news\/index.php?rest_route=%2Fwp%2Fv2%2Fcategories&post=2554"},{"taxonomy":"post_tag","embeddable":true,"href":"https:\/\/agromt.news\/index.php?rest_route=%2Fwp%2Fv2%2Ftags&post=2554"}],"curies":[{"name":"wp","href":"https:\/\/api.w.org\/{rel}","templated":true}]}}