{"id":25527,"date":"2025-12-10T15:13:39","date_gmt":"2025-12-10T19:13:39","guid":{"rendered":"https:\/\/agromt.news\/?p=25527"},"modified":"2025-12-10T15:13:39","modified_gmt":"2025-12-10T19:13:39","slug":"ciclone-gera-ventania-e-faz-prefeitura-de-sao-paulo-fechar-parques-e-suspender-eventos-de-natal","status":"publish","type":"post","link":"https:\/\/agromt.news\/?p=25527","title":{"rendered":"Ciclone gera ventania e faz prefeitura de S\u00e3o Paulo fechar parques e suspender eventos de Natal"},"content":{"rendered":"<p> <br \/>\n<\/p>\n<div>\n<figure><img decoding=\"async\" src=\"https:\/\/agromt.news\/wp-content\/uploads\/2025\/12\/Ciclone-gera-ventania-e-faz-prefeitura-de-Sao-Paulo-fechar.jpg\" alt=\"\" \/><figcaption>Foto: Secom &#8211; Prefeitura de S\u00e3o Paulo<\/figcaption><\/figure>\n<\/div>\n<p>A passagem de um ciclone extratropical pelo Sudeste vem provocando uma s\u00e9rie de transtornos em S\u00e3o Paulo desde ter\u00e7a-feira (9). S\u00f3 na Regi\u00e3o Metropolitana, 1,2 milh\u00e3o de clientes ficaram sem energia el\u00e9trica, segundo a Enel. Rajadas de vento que chegaram a 96,3 km\/h derrubaram \u00e1rvores, interromperam servi\u00e7os e levaram a Prefeitura da capital a fechar todos os parques municipais nesta quarta-feira (10).<\/p>\n<div data-icp-cta=\"1\" id=\"icp-cta-unique\">Voc\u00ea quer entender como usar o clima a seu favor?<b> <\/b><a href=\"https:\/\/climacampo.canalrural.com.br\/climacampo_-01\">Preparamos um e-book exclusivo<\/a> para ajudar produtores rurais a se antecipar \u00e0s mudan\u00e7as do tempo e planejar melhor suas a\u00e7\u00f5es. Com base em previs\u00f5es meteorol\u00f3gicas confi\u00e1veis, ele oferece orienta\u00e7\u00f5es pr\u00e1ticas para proteger sua lavoura e otimizar seus resultados.<\/div>\n<h2 class=\"wp-block-heading\" id=\"h-1-2-milhao-de-pessoas-sem-energia-e-mais-de-500-quedas-de-arvores\">1,2 milh\u00e3o de pessoas sem energia e mais de 500 quedas de \u00e1rvores<\/h2>\n<p>A Enel informou que as fortes rajadas de vento lan\u00e7aram galhos e objetos sobre a rede el\u00e9trica, al\u00e9m da queda de \u00e1rvores sobre estruturas e vias. Somente nesta manh\u00e3, o Corpo de Bombeiros registrou 514 chamados para queda de \u00e1rvores em diferentes pontos da capital e Grande S\u00e3o Paulo.<\/p>\n<p>Para restabelecer o fornecimento, a concession\u00e1ria mobilizou 1,3 mil equipes em campo. A Defesa Civil estadual refor\u00e7ou o alerta para rajadas intensas ao longo do dia e destacou que os ventos seguem acima da m\u00e9dia devido \u00e0 influ\u00eancia do ciclone.<\/p>\n<p>Ocorr\u00eancias foram registradas em munic\u00edpios como Vera Cruz, Guare\u00ed, Ribeir\u00e3o Bonito, Caieiras, Ferraz de Vasconcelos, Ara\u00e7atuba, Mat\u00e3o, Reden\u00e7\u00e3o da Serra, Vargem Grande Paulista, Fernand\u00f3polis, Osasco, Guaratinguet\u00e1, Botucatu, Santa Cruz do Rio Pardo, Elisi\u00e1rio, Ibat\u00e9, Biritiba Mirim, Guapiara, Oscar Bressane e Barra Bonita.<\/p>\n<h2 class=\"wp-block-heading\" id=\"h-prefeitura-fecha-todos-os-parques-e-suspende-atividades-do-natal-iluminado\">Prefeitura fecha todos os parques e suspende atividades do Natal Iluminado<\/h2>\n<p>Com ventos variando entre 50 km\/h e 90 km\/h, segundo o Centro de Gerenciamento de Emerg\u00eancias (CGE), a Prefeitura decidiu fechar todos os parques municipais nesta quarta-feira para evitar acidentes. A medida segue protocolos da Portaria n\u00ba 038\/SVMA\/2024, que define a\u00e7\u00f5es de seguran\u00e7a em eventos clim\u00e1ticos extremos.<\/p>\n<p>A previs\u00e3o \u00e9 de que os parques sejam reabertos nesta quinta-feira (11), mas a retomada poder\u00e1 ser revista caso novas rajadas intensas sejam registradas.<\/p>\n<p>Eventos do Natal Iluminado na regi\u00e3o do Largo S\u00e3o Bento e Pra\u00e7a da S\u00e9 tamb\u00e9m foram suspensos, incluindo apresenta\u00e7\u00f5es e atra\u00e7\u00f5es como a Pista de Patina\u00e7\u00e3o e a Casa do Papai Noel. A reabertura ocorrer\u00e1 assim que as condi\u00e7\u00f5es meteorol\u00f3gicas permitirem.<\/p>\n<h2 class=\"wp-block-heading\" id=\"h-defesa-civil-mantem-alerta-e-reforca-cuidados-a-populacao\">Defesa Civil mant\u00e9m alerta e refor\u00e7a cuidados \u00e0 popula\u00e7\u00e3o<\/h2>\n<p>Desde o in\u00edcio da semana, com o avan\u00e7o do ciclone extratropical, a Defesa Civil estadual e municipal v\u00eam emitindo alertas sobre tempestades, ventos fortes e risco de quedas de \u00e1rvores. O \u00f3rg\u00e3o refor\u00e7a que a popula\u00e7\u00e3o evite \u00e1reas arborizadas e mantenha dist\u00e2ncia de estruturas met\u00e1licas, fios partidos e locais alagados.<\/p>\n<p>O post <a href=\"https:\/\/www.canalrural.com.br\/tempo\/ciclone-gera-ventania-e-faz-prefeitura-de-sao-paulo-fechar-parques-e-suspender-eventos-de-natal\/\">Ciclone gera ventania e faz prefeitura de S\u00e3o Paulo fechar parques e suspender eventos de Natal<\/a> apareceu primeiro em <a href=\"https:\/\/www.canalrural.com.br\">Canal Rural<\/a>.<\/p>\n<p><br \/>\n<br \/><a href=\"https:\/\/www.canalrural.com.br\/tempo\/ciclone-gera-ventania-e-faz-prefeitura-de-sao-paulo-fechar-parques-e-suspender-eventos-de-natal\/\">Source link <\/a><\/p>\n","protected":false},"excerpt":{"rendered":"<p>Foto: Secom &#8211; Prefeitura de S\u00e3o Paulo A passagem de um ciclone extratropical pelo Sudeste vem provocando uma s\u00e9rie de<\/p>\n","protected":false},"author":1,"featured_media":25528,"comment_status":"open","ping_status":"open","sticky":false,"template":"","format":"standard","meta":{"_monsterinsights_skip_tracking":false,"_monsterinsights_sitenote_active":false,"_monsterinsights_sitenote_note":"","_monsterinsights_sitenote_category":0,"_uf_show_specific_survey":0,"_uf_disable_surveys":false,"footnotes":""},"categories":[1],"tags":[],"class_list":["post-25527","post","type-post","status-publish","format-standard","has-post-thumbnail","hentry","category-news"],"_links":{"self":[{"href":"https:\/\/agromt.news\/index.php?rest_route=\/wp\/v2\/posts\/25527"}],"collection":[{"href":"https:\/\/agromt.news\/index.php?rest_route=\/wp\/v2\/posts"}],"about":[{"href":"https:\/\/agromt.news\/index.php?rest_route=\/wp\/v2\/types\/post"}],"author":[{"embeddable":true,"href":"https:\/\/agromt.news\/index.php?rest_route=\/wp\/v2\/users\/1"}],"replies":[{"embeddable":true,"href":"https:\/\/agromt.news\/index.php?rest_route=%2Fwp%2Fv2%2Fcomments&post=25527"}],"version-history":[{"count":0,"href":"https:\/\/agromt.news\/index.php?rest_route=\/wp\/v2\/posts\/25527\/revisions"}],"wp:featuredmedia":[{"embeddable":true,"href":"https:\/\/agromt.news\/index.php?rest_route=\/wp\/v2\/media\/25528"}],"wp:attachment":[{"href":"https:\/\/agromt.news\/index.php?rest_route=%2Fwp%2Fv2%2Fmedia&parent=25527"}],"wp:term":[{"taxonomy":"category","embeddable":true,"href":"https:\/\/agromt.news\/index.php?rest_route=%2Fwp%2Fv2%2Fcategories&post=25527"},{"taxonomy":"post_tag","embeddable":true,"href":"https:\/\/agromt.news\/index.php?rest_route=%2Fwp%2Fv2%2Ftags&post=25527"}],"curies":[{"name":"wp","href":"https:\/\/api.w.org\/{rel}","templated":true}]}}