{"id":25515,"date":"2025-12-10T11:03:23","date_gmt":"2025-12-10T15:03:23","guid":{"rendered":"https:\/\/agromt.news\/?p=25515"},"modified":"2025-12-10T11:03:23","modified_gmt":"2025-12-10T15:03:23","slug":"safra-de-laranja-2025-26-em-sp-e-mg-e-revisada-para-2948-milhoes-de-caixas-aponta-fundecitrus","status":"publish","type":"post","link":"https:\/\/agromt.news\/?p=25515","title":{"rendered":"Safra de laranja 2025\/26 em SP e MG \u00e9 revisada para 294,8 milh\u00f5es de caixas, aponta Fundecitrus"},"content":{"rendered":"<p> <br \/>\n<\/p>\n<div>\n<figure><img decoding=\"async\" src=\"https:\/\/agromt.news\/wp-content\/uploads\/2025\/05\/Laranja-encerra-o-mes-de-abril-em-queda.png\" alt=\"Laranja pera\" \/><figcaption>Foto: Orlando Passos\/Embrapa<\/figcaption><\/figure>\n<\/div>\n<p>A produ\u00e7\u00e3o de laranja no cintur\u00e3o citr\u00edcola de S\u00e3o Paulo e do Tri\u00e2ngulo\/Sudoeste Mineiro foi revisada para baixo na safra 2025\/26. A nova proje\u00e7\u00e3o indica 294,81 milh\u00f5es de caixas de 40,8 quilos, segundo o Fundo de Defesa da Citricultura (<a href=\"https:\/\/www.canalrural.com.br\/tag\/fundecitrus\/\">Fundecitrus<\/a>).<\/p>\n<p>O volume representa queda frente \u00e0s estimativas anteriores divulgadas em maio e setembro. O ajuste reflete, principalmente, o menor tamanho dos frutos e o aumento da taxa de queda ao longo do ciclo.<\/p>\n<p>A segunda reestimativa foi divulgada nesta quarta-feira (10). O cen\u00e1rio clim\u00e1tico adverso e o avan\u00e7o do greening seguem como os principais fatores de press\u00e3o sobre a produtividade dos pomares.<\/p>\n<ul class=\"wp-block-list\">\n<li><em>Veja em primeira m\u00e3o tudo sobre agricultura, pecu\u00e1ria, economia e previs\u00e3o do tempo:<\/em><a href=\"https:\/\/news.google.com\/publications\/CAAqBwgKMPKZlQswq_mqAw?hl=pt-BR&amp;gl=BR&amp;ceid=BR%3Apt-419\" target=\"_blank\" rel=\"noreferrer noopener\">\u00a0<em>siga o Canal Rural no Google News!<\/em><\/a><\/li>\n<\/ul>\n<h3 class=\"wp-block-heading\" id=\"h-impacto-do-clima-no-desenvolvimento-dos-frutos\">Impacto do clima no desenvolvimento dos frutos<\/h3>\n<p>A falta de chuvas ao longo de boa parte do ciclo prejudicou o enchimento dos frutos. Entre maio e novembro, o volume m\u00e9dio de precipita\u00e7\u00e3o ficou abaixo do padr\u00e3o hist\u00f3rico em grande parte do cintur\u00e3o citr\u00edcola.<\/p>\n<p>Em S\u00e3o Paulo, apenas a regi\u00e3o de Porto Ferreira registrou chuvas levemente acima da m\u00e9dia. No Tri\u00e2ngulo Mineiro e em Bebedouro, os d\u00e9ficits foram mais intensos, limitando o desenvolvimento das laranjas.<\/p>\n<p>A expectativa inicial era de que parte relevante da colheita ocorresse ap\u00f3s a volta das chuvas de primavera. No entanto, setembro foi marcado por precipita\u00e7\u00f5es reduzidas e outubro s\u00f3 apresentou melhora mais consistente na segunda quinzena.<\/p>\n<p>Com isso, os frutos chegaram \u00e0 colheita com peso inferior ao projetado anteriormente. Na m\u00e9dia geral, cada laranja ficou cerca de 4 gramas mais leve. Esse ajuste aumenta o n\u00famero de frutos necess\u00e1rios para completar uma caixa padr\u00e3o.<\/p>\n<p>As altera\u00e7\u00f5es variam entre variedades precoces, Pera, Val\u00eancia, Folha Murcha e Natal, sempre refletindo frutos menores e maior quantidade por caixa colhida.<\/p>\n<h3 class=\"wp-block-heading\" id=\"h-greening-amplia-perdas-no-campo\">Greening amplia perdas no campo<\/h3>\n<p>Outro fator decisivo para a revis\u00e3o da safra foi o aumento da taxa de queda de frutos, agora estimada em 23%. A principal explica\u00e7\u00e3o est\u00e1 na maior severidade do greening nos pomares.<\/p>\n<p>Dados do Fundecitrus indicam que a severidade m\u00e9dia da doen\u00e7a avan\u00e7ou em rela\u00e7\u00e3o ao ano anterior, reduzindo significativamente o potencial produtivo do parque citr\u00edcola. Parte expressiva das plantas apresenta sintomas em grande parte da copa.<\/p>\n<p>Segundo o diretor-executivo do Fundecitrus, Juliano Ayres, o clima seco potencializa os efeitos da doen\u00e7a. Ele explica que, quando o estresse h\u00eddrico se soma ao greening mais severo, a tend\u00eancia \u00e9 de maior queda de frutos.<\/p>\n<p>Al\u00e9m disso, ventos fortes registrados em setembro e o maior tempo dos frutos nas \u00e1rvores, em busca do ponto ideal de matura\u00e7\u00e3o, tamb\u00e9m contribu\u00edram para o aumento das perdas.<\/p>\n<p>O post <a href=\"https:\/\/www.canalrural.com.br\/diversos\/safra-de-laranja-2025-26-em-sp-e-mg-e-revisada-para-2948-milhoes-de-caixas-aponta-fundecitrus\/\">Safra de laranja 2025\/26 em SP e MG \u00e9 revisada para 294,8 milh\u00f5es de caixas, aponta Fundecitrus<\/a> apareceu primeiro em <a href=\"https:\/\/www.canalrural.com.br\">Canal Rural<\/a>.<\/p>\n<p><br \/>\n<br \/><a href=\"https:\/\/www.canalrural.com.br\/diversos\/safra-de-laranja-2025-26-em-sp-e-mg-e-revisada-para-2948-milhoes-de-caixas-aponta-fundecitrus\/\">Source link <\/a><\/p>\n","protected":false},"excerpt":{"rendered":"<p>Foto: Orlando Passos\/Embrapa A produ\u00e7\u00e3o de laranja no cintur\u00e3o citr\u00edcola de S\u00e3o Paulo e do Tri\u00e2ngulo\/Sudoeste Mineiro foi revisada para<\/p>\n","protected":false},"author":1,"featured_media":25516,"comment_status":"open","ping_status":"open","sticky":false,"template":"","format":"standard","meta":{"_monsterinsights_skip_tracking":false,"_monsterinsights_sitenote_active":false,"_monsterinsights_sitenote_note":"","_monsterinsights_sitenote_category":0,"_uf_show_specific_survey":0,"_uf_disable_surveys":false,"footnotes":""},"categories":[1],"tags":[],"class_list":["post-25515","post","type-post","status-publish","format-standard","has-post-thumbnail","hentry","category-news"],"_links":{"self":[{"href":"https:\/\/agromt.news\/index.php?rest_route=\/wp\/v2\/posts\/25515"}],"collection":[{"href":"https:\/\/agromt.news\/index.php?rest_route=\/wp\/v2\/posts"}],"about":[{"href":"https:\/\/agromt.news\/index.php?rest_route=\/wp\/v2\/types\/post"}],"author":[{"embeddable":true,"href":"https:\/\/agromt.news\/index.php?rest_route=\/wp\/v2\/users\/1"}],"replies":[{"embeddable":true,"href":"https:\/\/agromt.news\/index.php?rest_route=%2Fwp%2Fv2%2Fcomments&post=25515"}],"version-history":[{"count":0,"href":"https:\/\/agromt.news\/index.php?rest_route=\/wp\/v2\/posts\/25515\/revisions"}],"wp:featuredmedia":[{"embeddable":true,"href":"https:\/\/agromt.news\/index.php?rest_route=\/wp\/v2\/media\/25516"}],"wp:attachment":[{"href":"https:\/\/agromt.news\/index.php?rest_route=%2Fwp%2Fv2%2Fmedia&parent=25515"}],"wp:term":[{"taxonomy":"category","embeddable":true,"href":"https:\/\/agromt.news\/index.php?rest_route=%2Fwp%2Fv2%2Fcategories&post=25515"},{"taxonomy":"post_tag","embeddable":true,"href":"https:\/\/agromt.news\/index.php?rest_route=%2Fwp%2Fv2%2Ftags&post=25515"}],"curies":[{"name":"wp","href":"https:\/\/api.w.org\/{rel}","templated":true}]}}