{"id":25500,"date":"2025-12-10T08:43:23","date_gmt":"2025-12-10T12:43:23","guid":{"rendered":"https:\/\/agromt.news\/?p=25500"},"modified":"2025-12-10T08:43:23","modified_gmt":"2025-12-10T12:43:23","slug":"camara-aprova-reabertura-de-prazo-para-regularizar-imoveis-rurais-em-faixa-de-fronteira","status":"publish","type":"post","link":"https:\/\/agromt.news\/?p=25500","title":{"rendered":"C\u00e2mara aprova reabertura de prazo para regularizar im\u00f3veis rurais em faixa de fronteira"},"content":{"rendered":"<p> <br \/>\n<\/p>\n<div>\n<figure><img decoding=\"async\" src=\"https:\/\/agromt.news\/wp-content\/uploads\/2025\/11\/Congresso-derruba-24-vetos-presidenciais-a-Lei-Geral-do-Licenciamento.jpg\" alt=\"C\u00e2mara dos Deputados sess\u00e3o vetos licenciamento\" \/><figcaption>Foto: Kayo Magalh\u00e3es\/ C\u00e2mara dos Deputados<\/figcaption><\/figure>\n<\/div>\n<p>A C\u00e2mara dos Deputados aprovou, nesta ter\u00e7a-feira (9), o Projeto de Lei 4497\/24, que reabre por mais 15 anos o prazo para a ratifica\u00e7\u00e3o de registros imobili\u00e1rios de im\u00f3veis rurais localizados na faixa de fronteira. O texto segue agora para san\u00e7\u00e3o presidencial.<\/p>\n<p>A proposta, de autoria do deputado Ti\u00e3o Medeiros (PP-PR), tamb\u00e9m define regras espec\u00edficas para im\u00f3veis com mais de 2,5 mil hectares, cuja ratifica\u00e7\u00e3o depender\u00e1 de an\u00e1lise do Congresso Nacional, inclusive de forma t\u00e1cita, caso o parlamento n\u00e3o se manifeste em at\u00e9 dois anos.<\/p>\n<ul class=\"wp-block-list\">\n<li><em>Veja em primeira m\u00e3o tudo sobre agricultura, pecu\u00e1ria, economia e previs\u00e3o do tempo:<\/em><a href=\"https:\/\/news.google.com\/publications\/CAAqBwgKMPKZlQswq_mqAw?hl=pt-BR&amp;gl=BR&amp;ceid=BR%3Apt-419\" target=\"_blank\" rel=\"noreferrer noopener\"><em>\u00a0siga o Canal Rural no Google News!<\/em><\/a><\/li>\n<\/ul>\n<p>A relatora, deputada Chris Tonietto (PL-RJ), recomendou a aprova\u00e7\u00e3o do texto vindo do Senado sem altera\u00e7\u00f5es. Segundo ela, a medida \u201ctraz avan\u00e7os na ratifica\u00e7\u00e3o de registros de im\u00f3veis situados na faixa de fronteira\u201d, ao unificar procedimentos e estabelecer crit\u00e9rios para declarar inefic\u00e1cia de t\u00edtulos, garantindo seguran\u00e7a jur\u00eddica.<\/p>\n<h2 class=\"wp-block-heading\" id=\"h-por-que-o-projeto-e-necessario\">Por que o projeto \u00e9 necess\u00e1rio?<\/h2>\n<p>O problema fundi\u00e1rio se arrasta h\u00e1 d\u00e9cadas. A Uni\u00e3o \u00e9 propriet\u00e1ria das terras localizadas dentro da faixa de fronteira de at\u00e9 150 km, mas estados venderam im\u00f3veis nessas \u00e1reas ao longo do s\u00e9culo 19 e 20, gerando impugna\u00e7\u00f5es de registros, conflitos de dom\u00ednio e casos de grilagem.<\/p>\n<p>A Lei 13.178\/15 tentou organizar as regras de ratifica\u00e7\u00e3o, mas seu prazo expira em 2030. Com o novo projeto, o per\u00edodo ser\u00e1 estendido para 15 anos ap\u00f3s a publica\u00e7\u00e3o da futura lei, o que pode levar o limite at\u00e9 2040. Esse prazo, no entanto, poder\u00e1 ser suspenso enquanto houver processo em cart\u00f3rio, an\u00e1lise no Congresso ou impedimento jur\u00eddico.<\/p>\n<p>Em 2022, o Supremo Tribunal Federal (STF) julgou inconstitucionais trechos da lei anterior, exigindo que toda ratifica\u00e7\u00e3o respeite princ\u00edpios como fun\u00e7\u00e3o social da propriedade, submiss\u00e3o \u00e0 pol\u00edtica agr\u00edcola e coer\u00eancia com o plano nacional de reforma agr\u00e1ria.<\/p>\n<h2 class=\"wp-block-heading\" id=\"h-o-que-muda-na-pratica\">O que muda na pr\u00e1tica?<\/h2>\n<ol class=\"wp-block-list\">\n<li>Comprova\u00e7\u00e3o da fun\u00e7\u00e3o social<\/li>\n<\/ol>\n<p>O interessado dever\u00e1 apresentar apenas um documento: o Certificado de Cadastro de Im\u00f3vel Rural (CCIR), emitido pelo Incra. As informa\u00e7\u00f5es s\u00e3o consideradas prestadas de boa-f\u00e9, mas o \u00f3rg\u00e3o poder\u00e1 questionar inconsist\u00eancias.<\/p>\n<ol start=\"2\" class=\"wp-block-list\">\n<li>A\u00e7\u00e3o da Uni\u00e3o<\/li>\n<\/ol>\n<p>Depois que o cart\u00f3rio concluir o procedimento e comunicar a Uni\u00e3o, o governo ter\u00e1 cinco anos para decidir se declara a \u00e1rea de interesse social para reforma agr\u00e1ria, sem indeniza\u00e7\u00e3o pela terra nua, se comprovado descumprimento da fun\u00e7\u00e3o social.<\/p>\n<p>Caso se constate que um estado vendeu terreno pertencente \u00e0 Uni\u00e3o, caber\u00e1 ao estado indenizar o comprador.<\/p>\n<ol start=\"3\" class=\"wp-block-list\">\n<li>Direito \u00e0 contesta\u00e7\u00e3o<\/li>\n<\/ol>\n<p>Quem se sentir prejudicado pode recorrer \u00e0 Justi\u00e7a em at\u00e9 cinco anos, prazo que fica suspenso enquanto durar o processo administrativo.<\/p>\n<ol start=\"4\" class=\"wp-block-list\">\n<li>Processos em andamento<\/li>\n<\/ol>\n<p>Ratifica\u00e7\u00f5es j\u00e1 averbadas continuam v\u00e1lidas. Processos ainda n\u00e3o conclu\u00eddos poder\u00e3o usar as novas regras.<\/p>\n<ol start=\"5\" class=\"wp-block-list\">\n<li>Cadeia dominial<\/li>\n<\/ol>\n<p>A Uni\u00e3o ter\u00e1 cinco anos para declarar ineficaz a ratifica\u00e7\u00e3o se faltar registro da transfer\u00eancia dominial do im\u00f3vel \u2014 mas isso s\u00f3 pode ocorrer por a\u00e7\u00e3o judicial.<\/p>\n<p>O projeto tamb\u00e9m permite que o interessado pe\u00e7a reconhecimento judicial da origem do t\u00edtulo, apresentando documentos hist\u00f3ricos e provas diversas.<\/p>\n<h2 class=\"wp-block-heading\" id=\"h-como-ficam-imoveis-acima-de-2-5-mil-hectares\">Como ficam im\u00f3veis acima de 2,5 mil hectares?<\/h2>\n<p>Para grandes propriedades, o procedimento inicial \u00e9 o mesmo, mas ap\u00f3s a confer\u00eancia documental, o cart\u00f3rio dever\u00e1 enviar o caso ao Congresso Nacional, que consultar\u00e1 o Executivo. O governo ter\u00e1 tr\u00eas anos para se manifestar.<\/p>\n<p>Se n\u00e3o houver diverg\u00eancias, a ratifica\u00e7\u00e3o segue. Se houver, o caso deve ser decidido pelo Parlamento.<\/p>\n<h2 class=\"wp-block-heading\" id=\"h-pequenas-propriedades-e-georreferenciamento\">Pequenas propriedades e georreferenciamento<\/h2>\n<p>Para im\u00f3veis de at\u00e9 4 m\u00f3dulos fiscais, a exig\u00eancia de coordenadas georreferenciadas s\u00f3 valer\u00e1 um ano ap\u00f3s a regulamenta\u00e7\u00e3o da isen\u00e7\u00e3o de custos desse levantamento t\u00e9cnico.<\/p>\n<p>O projeto ainda dispensa georreferenciamento em casos como:<\/p>\n<ul class=\"wp-block-list\">\n<li>sucess\u00f5es;<\/li>\n<li>partilhas e doa\u00e7\u00f5es na dissolu\u00e7\u00e3o de casamento ou uni\u00e3o est\u00e1vel;<\/li>\n<li>penhora ou indisponibilidade;<\/li>\n<li>da\u00e7\u00e3o em garantia e atos relacionados \u00e0 hipoteca ou aliena\u00e7\u00e3o fiduci\u00e1ria.<\/li>\n<\/ul>\n<p>O post <a href=\"https:\/\/www.canalrural.com.br\/politica\/camara-aprova-reabertura-de-prazo-para-regularizar-imoveis-rurais-em-faixa-de-fronteira\/\">C\u00e2mara aprova reabertura de prazo para regularizar im\u00f3veis rurais em faixa de fronteira<\/a> apareceu primeiro em <a href=\"https:\/\/www.canalrural.com.br\">Canal Rural<\/a>.<\/p>\n<p><br \/>\n<br \/><a href=\"https:\/\/www.canalrural.com.br\/politica\/camara-aprova-reabertura-de-prazo-para-regularizar-imoveis-rurais-em-faixa-de-fronteira\/\">Source link <\/a><\/p>\n","protected":false},"excerpt":{"rendered":"<p>Foto: Kayo Magalh\u00e3es\/ C\u00e2mara dos Deputados A C\u00e2mara dos Deputados aprovou, nesta ter\u00e7a-feira (9), o Projeto de Lei 4497\/24, que<\/p>\n","protected":false},"author":1,"featured_media":25501,"comment_status":"open","ping_status":"open","sticky":false,"template":"","format":"standard","meta":{"_monsterinsights_skip_tracking":false,"_monsterinsights_sitenote_active":false,"_monsterinsights_sitenote_note":"","_monsterinsights_sitenote_category":0,"_uf_show_specific_survey":0,"_uf_disable_surveys":false,"footnotes":""},"categories":[1],"tags":[],"class_list":["post-25500","post","type-post","status-publish","format-standard","has-post-thumbnail","hentry","category-news"],"_links":{"self":[{"href":"https:\/\/agromt.news\/index.php?rest_route=\/wp\/v2\/posts\/25500"}],"collection":[{"href":"https:\/\/agromt.news\/index.php?rest_route=\/wp\/v2\/posts"}],"about":[{"href":"https:\/\/agromt.news\/index.php?rest_route=\/wp\/v2\/types\/post"}],"author":[{"embeddable":true,"href":"https:\/\/agromt.news\/index.php?rest_route=\/wp\/v2\/users\/1"}],"replies":[{"embeddable":true,"href":"https:\/\/agromt.news\/index.php?rest_route=%2Fwp%2Fv2%2Fcomments&post=25500"}],"version-history":[{"count":0,"href":"https:\/\/agromt.news\/index.php?rest_route=\/wp\/v2\/posts\/25500\/revisions"}],"wp:featuredmedia":[{"embeddable":true,"href":"https:\/\/agromt.news\/index.php?rest_route=\/wp\/v2\/media\/25501"}],"wp:attachment":[{"href":"https:\/\/agromt.news\/index.php?rest_route=%2Fwp%2Fv2%2Fmedia&parent=25500"}],"wp:term":[{"taxonomy":"category","embeddable":true,"href":"https:\/\/agromt.news\/index.php?rest_route=%2Fwp%2Fv2%2Fcategories&post=25500"},{"taxonomy":"post_tag","embeddable":true,"href":"https:\/\/agromt.news\/index.php?rest_route=%2Fwp%2Fv2%2Ftags&post=25500"}],"curies":[{"name":"wp","href":"https:\/\/api.w.org\/{rel}","templated":true}]}}