{"id":25469,"date":"2025-12-09T18:57:22","date_gmt":"2025-12-09T22:57:22","guid":{"rendered":"https:\/\/agromt.news\/?p=25469"},"modified":"2025-12-09T18:57:22","modified_gmt":"2025-12-09T22:57:22","slug":"ano-de-2025-deve-ser-o-segundo-mais-quente-da-historia-aponta-relatorio","status":"publish","type":"post","link":"https:\/\/agromt.news\/?p=25469","title":{"rendered":"Ano de 2025 deve ser o segundo mais quente da hist\u00f3ria, aponta relat\u00f3rio"},"content":{"rendered":"<p> <br \/>\n<\/p>\n<div>\n<figure><img decoding=\"async\" src=\"https:\/\/agromt.news\/wp-content\/uploads\/2025\/08\/Frente-fria-se-afasta-e-temperaturas-sobem-veja-a-previsao.jpg\" alt=\"onda de calor, altas temperaturas\" \/><figcaption>Foto: Motion Array<\/figcaption><\/figure>\n<\/div>\n<p>O ano de 2025 j\u00e1 aparece empatado com 2023 como o segundo mais quente j\u00e1 registrado, segundo novos dados do Servi\u00e7o de Mudan\u00e7as Clim\u00e1ticas Copernicus. Segundo o meteorologista, Arthur M\u00fcller, o cen\u00e1rio atual refor\u00e7a a tend\u00eancia de aquecimento global cont\u00ednuo e o aumento de eventos extremos ao redor do mundo.<\/p>\n<ul class=\"wp-block-list\">\n<li><em>Veja em primeira m\u00e3o tudo sobre agricultura, pecu\u00e1ria, economia e previs\u00e3o do tempo:<\/em><a href=\"https:\/\/news.google.com\/publications\/CAAqBwgKMPKZlQswq_mqAw?hl=pt-BR&amp;gl=BR&amp;ceid=BR%3Apt-419\"><em> <\/em><strong><em>siga o Canal Rural no Google News!<\/em><\/strong><\/a><\/li>\n<\/ul>\n<p>De acordo com M\u00fcller, as medi\u00e7\u00f5es de temperatura ano a ano, desde a d\u00e9cada de 1970, mostram uma curva que oscila, mas segue sempre em dire\u00e7\u00e3o ao aquecimento. <\/p>\n<p>&#8220;Lembrando que em 2024 a gente rompeu a barreira do 1,5 \u00b0C e estamos bem perto de manter mais um ano perto de 1,5 \u00b0C&#8221;, afirma o meteorologista. Agora, 2025 segue no mesmo patamar, com novembro e dezembro projetando anomalias acima dessa linha cr\u00edtica.<\/p>\n<h2 class=\"wp-block-heading\" id=\"h-picos-de-calor\">Picos de calor<\/h2>\n<p>Apesar de produtores brasileiros perceberem um ano aparentemente \u201cmais tranquilo\u201d em rela\u00e7\u00e3o \u00e0s ondas de calor, os novos dados mostram que isso se explica pela atua\u00e7\u00e3o da La Ni\u00f1a. <\/p>\n<p>De acordo com M\u00fcller, mapas indicam que a Am\u00e9rica do Sul ficou pr\u00f3xima da m\u00e9dia hist\u00f3rica, mas outras regi\u00f5es do planeta enfrentaram picos extremos. Estados Unidos, \u00c1sia e Europa registraram \u00e1reas com at\u00e9 4\u00b0C ou 5\u00b0C acima da m\u00e9dia.<\/p>\n<p>\u201cA distribui\u00e7\u00e3o do calor n\u00e3o \u00e9 homog\u00eanea. Quando olhamos a m\u00e9dia global, chegamos ao 1,5\u00b0C, mas em algum ponto do planeta esse calor explode em extremos\u201d, destacou M\u00fcller.<\/p>\n<p>O meteorologista aponta que, ap\u00f3s o retorno da neutralidade ao longo de 2025, h\u00e1 possibilidade de que um novo El Ni\u00f1o se forme na primavera do ano que vem. O fen\u00f4meno pode trazer novamente os mesmos impactos severos de 2023 e 2024, como temperaturas elevadas e ondas de calor persistentes.<\/p>\n<h3 class=\"wp-block-heading\" id=\"h-tragedia-na-asia-e-impacto-das-mudancas-climaticas\"><strong>Trag\u00e9dia na \u00c1sia e impacto das mudan\u00e7as clim\u00e1ticas<\/strong><\/h3>\n<p>Al\u00e9m do calor global, M\u00fcller tamb\u00e9m analisou as enchentes que devastaram pa\u00edses do Sul e Sudeste Asi\u00e1tico nos \u00faltimos dias. A trag\u00e9dia j\u00e1 soma mais de 2.300 mortos e cerca de 22 milh\u00f5es de pessoas afetadas por chuvas extremamente volumosas.<\/p>\n<p>Segundo o meteorologista, o evento est\u00e1 diretamente relacionado ao aquecimento global, que n\u00e3o cria fen\u00f4menos novos, mas intensifica aqueles que j\u00e1 existem. Na regi\u00e3o da Indon\u00e9sia, tr\u00eas tempestades tropicais atuaram simultaneamente, algo considerado raro. <\/p>\n<p>&#8220;No Vietn\u00e3 choveu 1.700 mm em 24 horas, \u00e9 o segundo maior volume j\u00e1 registrado. Lembrando que se pensarmos na Amaz\u00f4nia, durante o per\u00edodo chuvoso de dezembro at\u00e9 meados de maio, \u00e9 isso que chove&#8221;, explica.<\/p>\n<div data-icp-cta=\"1\" id=\"icp-cta-unique\">Voc\u00ea quer entender como usar o clima a seu favor?<b> <\/b><a href=\"https:\/\/climacampo.canalrural.com.br\/climacampo_-01\">Preparamos um e-book exclusivo<\/a> para ajudar produtores rurais a se antecipar \u00e0s mudan\u00e7as do tempo e planejar melhor suas a\u00e7\u00f5es. Com base em previs\u00f5es meteorol\u00f3gicas confi\u00e1veis, ele oferece orienta\u00e7\u00f5es pr\u00e1ticas para proteger sua lavoura e otimizar seus resultados.<\/div>\n<p>O post <a href=\"https:\/\/www.canalrural.com.br\/tempo\/ano-de-2025-deve-ser-o-2-ano-mais-quente-da-historia-aponta-relatorio\/\">Ano de 2025 deve ser o segundo mais quente da hist\u00f3ria, aponta relat\u00f3rio<\/a> apareceu primeiro em <a href=\"https:\/\/www.canalrural.com.br\">Canal Rural<\/a>.<\/p>\n<p><br \/>\n<br \/><a href=\"https:\/\/www.canalrural.com.br\/tempo\/ano-de-2025-deve-ser-o-2-ano-mais-quente-da-historia-aponta-relatorio\/\">Source link <\/a><\/p>\n","protected":false},"excerpt":{"rendered":"<p>Foto: Motion Array O ano de 2025 j\u00e1 aparece empatado com 2023 como o segundo mais quente j\u00e1 registrado, segundo<\/p>\n","protected":false},"author":1,"featured_media":25470,"comment_status":"open","ping_status":"open","sticky":false,"template":"","format":"standard","meta":{"_monsterinsights_skip_tracking":false,"_monsterinsights_sitenote_active":false,"_monsterinsights_sitenote_note":"","_monsterinsights_sitenote_category":0,"_uf_show_specific_survey":0,"_uf_disable_surveys":false,"footnotes":""},"categories":[1],"tags":[],"class_list":["post-25469","post","type-post","status-publish","format-standard","has-post-thumbnail","hentry","category-news"],"_links":{"self":[{"href":"https:\/\/agromt.news\/index.php?rest_route=\/wp\/v2\/posts\/25469"}],"collection":[{"href":"https:\/\/agromt.news\/index.php?rest_route=\/wp\/v2\/posts"}],"about":[{"href":"https:\/\/agromt.news\/index.php?rest_route=\/wp\/v2\/types\/post"}],"author":[{"embeddable":true,"href":"https:\/\/agromt.news\/index.php?rest_route=\/wp\/v2\/users\/1"}],"replies":[{"embeddable":true,"href":"https:\/\/agromt.news\/index.php?rest_route=%2Fwp%2Fv2%2Fcomments&post=25469"}],"version-history":[{"count":0,"href":"https:\/\/agromt.news\/index.php?rest_route=\/wp\/v2\/posts\/25469\/revisions"}],"wp:featuredmedia":[{"embeddable":true,"href":"https:\/\/agromt.news\/index.php?rest_route=\/wp\/v2\/media\/25470"}],"wp:attachment":[{"href":"https:\/\/agromt.news\/index.php?rest_route=%2Fwp%2Fv2%2Fmedia&parent=25469"}],"wp:term":[{"taxonomy":"category","embeddable":true,"href":"https:\/\/agromt.news\/index.php?rest_route=%2Fwp%2Fv2%2Fcategories&post=25469"},{"taxonomy":"post_tag","embeddable":true,"href":"https:\/\/agromt.news\/index.php?rest_route=%2Fwp%2Fv2%2Ftags&post=25469"}],"curies":[{"name":"wp","href":"https:\/\/api.w.org\/{rel}","templated":true}]}}