{"id":25452,"date":"2025-12-09T16:14:50","date_gmt":"2025-12-09T20:14:50","guid":{"rendered":"https:\/\/agromt.news\/?p=25452"},"modified":"2025-12-09T16:14:50","modified_gmt":"2025-12-09T20:14:50","slug":"ciclone-provoca-chuva-forte-e-temporais-ate-quinta-feira-diz-meteorologista","status":"publish","type":"post","link":"https:\/\/agromt.news\/?p=25452","title":{"rendered":"Ciclone provoca chuva forte e temporais at\u00e9 quinta-feira, diz meteorologista"},"content":{"rendered":"<p> <br \/>\n<\/p>\n<div>\n<figure><img decoding=\"async\" src=\"https:\/\/imagens-cdn.canalrural.com.br\/wp-content\/uploads\/primavera-ciclone.jpg\" alt=\"primavera - ciclone - frente fria - pa\u00eds - previs\u00e3o\" \/><figcaption>Foto: NOA\/Nasa\/reprodu\u00e7\u00e3o<\/figcaption><\/figure>\n<\/div>\n<p><p>O ciclone extratropical que se formou no Sul do Brasil j\u00e1 provoca temporais intensos e deve manter o cen\u00e1rio de instabilidade nos pr\u00f3ximos dias. De acordo com o meteorologista do <strong>Canal Rural<\/strong>, Arthur M\u00fcller, os acumulados superaram 140 mm em 24 horas em munic\u00edpios como Santa Cruz do Sul (RS) e Avar\u00e9 (SP), segundo esta\u00e7\u00f5es do Cemaden.<\/p>\n<\/p>\n<p>O especialista alerta para um per\u00edodo de 24 a 36 horas de aten\u00e7\u00e3o m\u00e1xima em v\u00e1rios estados, especialmente nas regi\u00f5es Sul, Sudeste e parte do Centro-Oeste.<\/p>\n<h2 class=\"wp-block-heading\" id=\"h-regiao-sul-deve-registrar-os-maiores-acumulados\">Regi\u00e3o Sul deve registrar os maiores acumulados<\/h2>\n<p>Arthur destaca a atua\u00e7\u00e3o de um \u201ccorredor de umidade\u201d que se mant\u00e9m sobre o Sul do pa\u00eds. A tend\u00eancia \u00e9 de chuva intensa e cont\u00ednua entre ter\u00e7a (10) e quinta-feira (12).<\/p>\n<p>\u201cOs modelos at\u00e9 subestimam a chuva no Rio Grande do Sul e em Santa Catarina, mas podemos confiar: os acumulados v\u00e3o passar facilmente dos 100 mm, chegando a 200 mm em 24 a 48 horas\u201d, afirmou o meteorologista.<\/p>\n<p>Segundo ele, os efeitos devem atingir tanto \u00e1reas urbanas quanto rurais, com risco elevado de:<\/p>\n<ul class=\"wp-block-list\">\n<li>alagamentos,<\/li>\n<li>deslizamentos de terra,<\/li>\n<li>cheias repentinas,<\/li>\n<li>interrup\u00e7\u00e3o de energia,<\/li>\n<li>ventos intensos associados ao ciclone.<\/li>\n<\/ul>\n<p>No Paran\u00e1, a situa\u00e7\u00e3o tamb\u00e9m preocupa. Com a forma\u00e7\u00e3o da frente fria associada ao ciclone, a chuva deve permanecer at\u00e9 o fim de semana.<\/p>\n<p>Os volumes podem ultrapassar 200 mm em at\u00e9 7 dias, especialmente no norte do estado, em regi\u00f5es como Londrina.<\/p>\n<h2 class=\"wp-block-heading\" id=\"h-sao-paulo-minas-gerais-e-mato-grosso-do-sul-tambem-recebem-chuva-volumosa\">S\u00e3o Paulo, Minas Gerais e Mato Grosso do Sul tamb\u00e9m recebem chuva volumosa<\/h2>\n<p>Se no Sul a chuva traz preocupa\u00e7\u00e3o, em estados como S\u00e3o Paulo, Minas Gerais e Mato Grosso do Sul, a precipita\u00e7\u00e3o \u00e9 considerada bem-vinda, especialmente para aliviar o estresse h\u00eddrico nas lavouras e recuperar reservat\u00f3rios.<\/p>\n<p>No interior paulista, a expectativa \u00e9 de 100 a 150 mm at\u00e9 a metade de dezembro.<\/p>\n<p>\u201cOnde o solo est\u00e1 seco, a absor\u00e7\u00e3o \u00e9 maior e a chuva tem efeito positivo. Mas mesmo assim, \u00e9 preciso aten\u00e7\u00e3o para eventuais tempestades localizadas\u201d, disse o meteorologista.<\/p>\n<h2 class=\"wp-block-heading\" id=\"h-risco-de-granizo-rajadas-fortes-e-ate-formacao-de-tornados\">Risco de granizo, rajadas fortes e at\u00e9 forma\u00e7\u00e3o de tornados<\/h2>\n<p>Com o contraste de temperatura t\u00edpico de ciclones extratropicais, h\u00e1 possibilidade de tempestades severas.<\/p>\n<p>\u201cAl\u00e9m das rajadas do ciclone, existe condi\u00e7\u00e3o para microexplos\u00f5es e at\u00e9 forma\u00e7\u00e3o isolada de tornados\u201d, ressaltou Arthur.<\/p>\n<p>O alerta vale principalmente para:<\/p>\n<ul class=\"wp-block-list\">\n<li>Regi\u00e3o Sul<\/li>\n<li>Interior de S\u00e3o Paulo<\/li>\n<li>Sul de Minas Gerais<\/li>\n<\/ul>\n<p>As \u00e1reas destacadas nos mapas de tempestade apresentam risco para:<\/p>\n<ul class=\"wp-block-list\">\n<li>granizo,<\/li>\n<li>ventos acima de 80 km\/h,<\/li>\n<li>queda de \u00e1rvores,<\/li>\n<li>interrup\u00e7\u00e3o de energia,<\/li>\n<li>alagamentos e enxurradas.<\/li>\n<\/ul>\n<p>Arthur refor\u00e7a que os alertas s\u00e3o emitidos com base em an\u00e1lise cient\u00edfica.<\/p>\n<p>\u201cSe no seu munic\u00edpio n\u00e3o acontecer o previsto, agrade\u00e7a. Nosso compromisso \u00e9 avisar quando h\u00e1 risco, mesmo que nem todas as cidades sejam impactadas da mesma forma.\u201d<\/p>\n<h2 class=\"wp-block-heading\" id=\"h-chuva-tambem-avanca-para-o-centro-norte-do-pais\">Chuva tamb\u00e9m avan\u00e7a para o Centro-Norte do pa\u00eds<\/h2>\n<p>O ciclone ajuda a canalizar umidade para regi\u00f5es mais ao norte, favorecendo pancadas e temporais em:<\/p>\n<ul class=\"wp-block-list\">\n<li>Rond\u00f4nia,<\/li>\n<li>Mato Grosso,<\/li>\n<li>Centro-sul do Par\u00e1.<\/li>\n<\/ul>\n<p>A chuva \u00e9 importante para \u00e1reas de soja e para a pecu\u00e1ria, auxiliando na recupera\u00e7\u00e3o das pastagens.<\/p>\n<p>J\u00e1 no Nordeste, o calor segue forte, com m\u00e1ximas de 35\u00b0C a 36\u00b0C no agreste. No Esp\u00edrito Santo, o tempo permanece firme nesta ter\u00e7a, mas os temporais devem chegar a partir de quarta, com pico na quinta-feira.<\/p>\n<div data-icp-cta=\"1\" id=\"icp-cta-unique\">Voc\u00ea quer entender como usar o clima a seu favor?<b> <\/b><a href=\"https:\/\/climacampo.canalrural.com.br\/climacampo_-01\">Preparamos um e-book exclusivo<\/a> para ajudar produtores rurais a se antecipar \u00e0s mudan\u00e7as do tempo e planejar melhor suas a\u00e7\u00f5es. Com base em previs\u00f5es meteorol\u00f3gicas confi\u00e1veis, ele oferece orienta\u00e7\u00f5es pr\u00e1ticas para proteger sua lavoura e otimizar seus resultados.<\/div>\n<p>O post <a href=\"https:\/\/www.canalrural.com.br\/tempo\/ciclone-provoca-chuva-forte-e-temporais-ate-quinta-feira-diz-meteorologista\/\">Ciclone provoca chuva forte e temporais at\u00e9 quinta-feira, diz meteorologista<\/a> apareceu primeiro em <a href=\"https:\/\/www.canalrural.com.br\">Canal Rural<\/a>.<\/p>\n<p><br \/>\n<br \/><a href=\"https:\/\/www.canalrural.com.br\/tempo\/ciclone-provoca-chuva-forte-e-temporais-ate-quinta-feira-diz-meteorologista\/\">Source link <\/a><\/p>\n","protected":false},"excerpt":{"rendered":"<p>Foto: NOA\/Nasa\/reprodu\u00e7\u00e3o O ciclone extratropical que se formou no Sul do Brasil j\u00e1 provoca temporais intensos e deve manter o<\/p>\n","protected":false},"author":1,"featured_media":0,"comment_status":"open","ping_status":"open","sticky":false,"template":"","format":"standard","meta":{"_monsterinsights_skip_tracking":false,"_monsterinsights_sitenote_active":false,"_monsterinsights_sitenote_note":"","_monsterinsights_sitenote_category":0,"_uf_show_specific_survey":0,"_uf_disable_surveys":false,"footnotes":""},"categories":[1],"tags":[],"class_list":["post-25452","post","type-post","status-publish","format-standard","hentry","category-news"],"_links":{"self":[{"href":"https:\/\/agromt.news\/index.php?rest_route=\/wp\/v2\/posts\/25452"}],"collection":[{"href":"https:\/\/agromt.news\/index.php?rest_route=\/wp\/v2\/posts"}],"about":[{"href":"https:\/\/agromt.news\/index.php?rest_route=\/wp\/v2\/types\/post"}],"author":[{"embeddable":true,"href":"https:\/\/agromt.news\/index.php?rest_route=\/wp\/v2\/users\/1"}],"replies":[{"embeddable":true,"href":"https:\/\/agromt.news\/index.php?rest_route=%2Fwp%2Fv2%2Fcomments&post=25452"}],"version-history":[{"count":0,"href":"https:\/\/agromt.news\/index.php?rest_route=\/wp\/v2\/posts\/25452\/revisions"}],"wp:attachment":[{"href":"https:\/\/agromt.news\/index.php?rest_route=%2Fwp%2Fv2%2Fmedia&parent=25452"}],"wp:term":[{"taxonomy":"category","embeddable":true,"href":"https:\/\/agromt.news\/index.php?rest_route=%2Fwp%2Fv2%2Fcategories&post=25452"},{"taxonomy":"post_tag","embeddable":true,"href":"https:\/\/agromt.news\/index.php?rest_route=%2Fwp%2Fv2%2Ftags&post=25452"}],"curies":[{"name":"wp","href":"https:\/\/api.w.org\/{rel}","templated":true}]}}