{"id":25420,"date":"2025-12-09T08:12:24","date_gmt":"2025-12-09T12:12:24","guid":{"rendered":"https:\/\/agromt.news\/?p=25420"},"modified":"2025-12-09T08:12:24","modified_gmt":"2025-12-09T12:12:24","slug":"mercado-internacional-pressiona-precos-da-soja","status":"publish","type":"post","link":"https:\/\/agromt.news\/?p=25420","title":{"rendered":"Mercado internacional pressiona pre\u00e7os da soja"},"content":{"rendered":"<p> <br \/>\n<\/p>\n<div>\n<div class=\"row\">\n<div class=\"col-lg col-infos mt-0 mt-lg-0\">\n<div class=\"section-sub-title\">\n<p itemprop=\"description\">&#13;<br \/>\n                                 A soja americana permanece cara e concentrada em compras realizadas pela China&#13;\n                            <\/p>\n<\/p><\/div>\n<div class=\"container\">\n<div class=\"row\">\n<div class=\"col-lg p-0\">\n<div>\n<div class=\"block-news-main-infos mt-3 text-start\">\n<p>                                            <strong class=\"fn\" itemprop=\"author\" style=\"color: rgb(112, 112, 112); \">&#13;<br \/>\n                                                <a href=\"https:\/\/www.agrolink.com.br\/noticias\/javascript:;\" class=\"text-uppercase\" target=\"_blank\" style=\"color: rgb(112, 112, 112); \" rel=\"noopener\">Agrolink<\/a>&#13;<br \/>\n&#13;<br \/>\n                                                    &#8211; Leonardo Gottems&#13;<br \/>\n&#13;<br \/>\n                                            <\/strong><br \/>\n                                        <\/p>\n<p>                                            <abbr><time datetime=\"2025 - 12 - 08T07:28\" itemprop=\"datePublished dateModified\"> Publicado em 08\/12\/2025 \u00e0s 07:28h.<\/time><\/abbr>\n                                    <\/div>\n<\/p><\/div>\n<\/p><\/div>\n<div class=\"col-lg p-0 text-lg-end\">\n<div>\n<div id=\"mdEnviarPagina\" class=\"modal fade\" role=\"dialog\">\n<div class=\"modal-dialog\">\n<div class=\"modal-content\">\n<div class=\"modal-body\">\n<p><strong>Estimado usu\u00e1rio.<\/strong><br \/>Preencha o formul\u00e1rio abaixo para remeter a p\u00e1gina.<\/p>\n<\/p><\/div>\n<\/p><\/div>\n<\/p><\/div>\n<\/div><\/div>\n<\/p><\/div>\n<\/p><\/div>\n<\/p><\/div>\n<\/p><\/div>\n<\/p><\/div>\n<div class=\"row justify-content-md-center mt-3\">\n<div class=\"col-lg-auto col-image block-news-main-image\">\n<p>                                <img decoding=\"async\" src=\"https:\/\/www.agrolink.com.br\/upload\/imagens-resizes\/068660cf04314e92acce25c1658c4c2c_858x483.jpg\" class=\"lazyload img-fluid\" alt=\" A soja americana permanece cara e concentrada em compras realizadas por estatais chinesas\"\/><br \/>\n                                                <span class=\"d-block mt-1\"> A soja americana permanece cara e concentrada em compras realizadas por estatais chinesas &#8211; Foto: Nadia Borges<\/span><\/p><\/div>\n<\/p><\/div>\n<div class=\"section-description section-description-noticias mt-3\">\n<p>A volatilidade do mercado internacional manteve a press\u00e3o sobre os pre\u00e7os da <a href=\"https:\/\/www.agrolink.com.br\/culturas\/soja?utm_source=agrolink-detalhe-noticia&amp;utm_medium=detalhe-noticia&amp;utm_campaign=links-internos\" target=\"_blank\" rel=\"noopener\">soja<\/a>, que encerrou o dia e a semana em baixa diante das incertezas sobre o ritmo das compras chinesas. Segundo a TF Agroecon\u00f4mica, o cen\u00e1rio reflete um dilema que tem marcado a atual temporada para os Estados Unidos, com a demanda da China avan\u00e7ando de forma mais lenta do que o esperado ap\u00f3s a retomada das rela\u00e7\u00f5es comerciais entre os dois pa\u00edses.\u00a0&#13;\n<\/p>\n<p>A previs\u00e3o divulgada pela Casa Branca de que os chineses comprariam 12 milh\u00f5es de toneladas at\u00e9 o fim do ano n\u00e3o foi confirmada, e o governo americano ampliou a expectativa desse prazo at\u00e9 fevereiro. At\u00e9 agora, o volume oficialmente registrado soma 2,713 milh\u00f5es de toneladas.\u00a0<\/p>\n<p>Diante do atraso na divulga\u00e7\u00e3o dos dados, parte do mercado trabalha com estimativas paralelas que alcan\u00e7am 5 milh\u00f5es de toneladas, mas as negocia\u00e7\u00f5es seguem pautadas pelos n\u00fameros oficiais, o que sustenta o sentimento de frustra\u00e7\u00e3o com a falta de ritmo nas aquisi\u00e7\u00f5es. A soja americana permanece cara e concentrada em compras realizadas por estatais chinesas, enquanto o Brasil mant\u00e9m pre\u00e7os mais competitivos e ampliou as vendas em novembro, com alta de 64% em rela\u00e7\u00e3o ao mesmo m\u00eas do ano anterior.&#13;\n<\/p>\n<p>No fechamento do dia, a TF Agroecon\u00f4mica informou que o contrato de janeiro recuou 1,27%, a 1105,25 cents por bushel, e o de mar\u00e7o caiu 1,13%, a 1116,00 cents. O farelo para dezembro caiu 1,23%, para 304,7 d\u00f3lares por tonelada curta, e o \u00f3leo recuou 0,33%, a 51,36 cents por libra. No acumulado da semana, a soja perdeu 2,86%, enquanto o farelo cedeu 3,55% e o \u00f3leo caiu 0,69%.<br \/>&#13;<br \/>\n\u00a0<\/p>\n<\/p><\/div>\n<\/p><\/div>\n<p><script data-cfasync=\"false\">\n    !function (f, b, e, v, n, t, s) {\n        if (f.fbq) return; n = f.fbq = function () {\n            n.callMethod ?\n                n.callMethod.apply(n, arguments) : n.queue.push(arguments)\n        };\n        if (!f._fbq) f._fbq = n; n.push = n; n.loaded = !0; n.version = '2.0';\n        n.queue = []; t = b.createElement(e); t.async = !0;\n        t.src = v; s = b.getElementsByTagName(e)[0];\n        s.parentNode.insertBefore(t, s)\n    }(window, document, 'script',\n        'https:\/\/connect.facebook.net\/en_US\/fbevents.js');\n    fbq('init', '522546078623747');\n    fbq('track', 'PageView');\n<\/script><br \/>\n<br \/><br \/>\n<br \/><a href=\"https:\/\/www.agrolink.com.br\/noticias\/mercado-internacional-pressiona-precos-da-soja_508741.html\">Source link <\/a><\/p>\n","protected":false},"excerpt":{"rendered":"<p>&#13; A soja americana permanece cara e concentrada em compras realizadas pela China&#13; &#13; Agrolink&#13; &#13; &#8211; Leonardo Gottems&#13; &#13;<\/p>\n","protected":false},"author":1,"featured_media":3489,"comment_status":"open","ping_status":"open","sticky":false,"template":"","format":"standard","meta":{"_monsterinsights_skip_tracking":false,"_monsterinsights_sitenote_active":false,"_monsterinsights_sitenote_note":"","_monsterinsights_sitenote_category":0,"_uf_show_specific_survey":0,"_uf_disable_surveys":false,"footnotes":""},"categories":[8,1,14],"tags":[],"class_list":["post-25420","post","type-post","status-publish","format-standard","has-post-thumbnail","hentry","category-agro","category-news","category-politica-agro"],"_links":{"self":[{"href":"https:\/\/agromt.news\/index.php?rest_route=\/wp\/v2\/posts\/25420"}],"collection":[{"href":"https:\/\/agromt.news\/index.php?rest_route=\/wp\/v2\/posts"}],"about":[{"href":"https:\/\/agromt.news\/index.php?rest_route=\/wp\/v2\/types\/post"}],"author":[{"embeddable":true,"href":"https:\/\/agromt.news\/index.php?rest_route=\/wp\/v2\/users\/1"}],"replies":[{"embeddable":true,"href":"https:\/\/agromt.news\/index.php?rest_route=%2Fwp%2Fv2%2Fcomments&post=25420"}],"version-history":[{"count":0,"href":"https:\/\/agromt.news\/index.php?rest_route=\/wp\/v2\/posts\/25420\/revisions"}],"wp:featuredmedia":[{"embeddable":true,"href":"https:\/\/agromt.news\/index.php?rest_route=\/wp\/v2\/media\/3489"}],"wp:attachment":[{"href":"https:\/\/agromt.news\/index.php?rest_route=%2Fwp%2Fv2%2Fmedia&parent=25420"}],"wp:term":[{"taxonomy":"category","embeddable":true,"href":"https:\/\/agromt.news\/index.php?rest_route=%2Fwp%2Fv2%2Fcategories&post=25420"},{"taxonomy":"post_tag","embeddable":true,"href":"https:\/\/agromt.news\/index.php?rest_route=%2Fwp%2Fv2%2Ftags&post=25420"}],"curies":[{"name":"wp","href":"https:\/\/api.w.org\/{rel}","templated":true}]}}