{"id":25419,"date":"2025-12-09T07:51:12","date_gmt":"2025-12-09T11:51:12","guid":{"rendered":"https:\/\/agromt.news\/?p=25419"},"modified":"2025-12-09T07:51:12","modified_gmt":"2025-12-09T11:51:12","slug":"camara-deve-votar-nesta-terca-endurecimento-de-regras-contra-devedores-de-impostos-diz-haddad","status":"publish","type":"post","link":"https:\/\/agromt.news\/?p=25419","title":{"rendered":"C\u00e2mara deve votar nesta ter\u00e7a endurecimento de regras contra devedores de impostos, diz Haddad"},"content":{"rendered":"<p> <br \/>\n<br \/><img decoding=\"async\" src=\"https:\/\/agromt.news\/wp-content\/uploads\/2025\/10\/Taxacao-de-bets-bancos-e-bilionarios-so-e-injusta-para.jpg\" \/><\/p>\n<div>\n<p>O ministro da Fazenda, Fernando Haddad, afirmou na segunda-feira (8) que h\u00e1 \u201cfirmeza\u201d por parte do presidente da C\u00e2mara dos Deputados, Hugo Motta (Republicanos-PB), para votar nesta ter\u00e7a-feira (9) o projeto que endurece as regras contra os chamados devedores contumazes, contribuintes que deixam de pagar impostos de forma reiterada e intencional.<\/p>\n<p>A declara\u00e7\u00e3o foi dada ap\u00f3s reuni\u00e3o de cerca de quatro horas na resid\u00eancia oficial da Presid\u00eancia da C\u00e2mara.<\/p>\n<p>De autoria do ex-presidente do Senado Rodrigo Pacheco (PSD-MG) e defendido pela equipe econ\u00f4mica, o projeto j\u00e1 foi aprovado pelos senadores e voltou \u00e0 pauta da C\u00e2mara. Em setembro, Haddad havia defendido a urg\u00eancia da medida, afirmando que o projeto \u00e9 essencial para fechar brechas que permitem fraudes fiscais recorrentes.<\/p>\n<p>\u201cAs datas tentativas s\u00e3o: amanh\u00e3 o devedor contumaz e, na quarta, o PLP [Projeto de Lei Complementar] 108\/2024, que fecha a reforma tribut\u00e1ria. Mas isso ainda ser\u00e1 definido com os l\u00edderes\u201d, disse Haddad.<\/p>\n<h2 class=\"wp-block-heading\" id=\"h-comite-gestor-do-ibs\">Comit\u00ea gestor do IBS<\/h2>\n<p>O segundo item que o governo trabalha para votar nesta semana \u00e9 o PLP 108\/2024, que cria o Comit\u00ea Gestor do Imposto sobre Bens e Servi\u00e7os (IBS), pe\u00e7a central da implementa\u00e7\u00e3o da reforma tribut\u00e1ria aprovada no ano passado. O ministro disse ter recebido sinaliza\u00e7\u00e3o positiva de Motta tamb\u00e9m para essa vota\u00e7\u00e3o.<\/p>\n<p>A proposta consolida regras operacionais do novo tributo, que substituir\u00e1 impostos estaduais e municipais, cuja implanta\u00e7\u00e3o depende de coordena\u00e7\u00e3o entre Uni\u00e3o, estados e prefeituras.<\/p>\n<h2 class=\"wp-block-heading\" id=\"h-corte-de-beneficios-fiscais\">Corte de benef\u00edcios fiscais<\/h2>\n<p>Al\u00e9m dos dois projetos priorit\u00e1rios, Haddad cobrou o avan\u00e7o do PLP 128\/2025, que reduz benef\u00edcios fiscais e tem impacto estimado de R$ 19,76 bilh\u00f5es nas contas p\u00fablicas em 2026. Segundo ele, a vota\u00e7\u00e3o precisa ocorrer ainda nesta semana para que haja tempo de an\u00e1lise no Senado antes da aprova\u00e7\u00e3o do Or\u00e7amento.<\/p>\n<p>\u201cO compromisso foi assumido l\u00e1 atr\u00e1s. A equipe econ\u00f4mica precisa desse projeto para que o Or\u00e7amento tenha consist\u00eancia\u201d, afirmou.<\/p>\n<p>O ministro ressaltou que a pe\u00e7a or\u00e7ament\u00e1ria deve respeitar as metas definidas na Lei de Diretrizes Or\u00e7ament\u00e1rias (LDO), aprovada pelo Congresso na semana passada.<\/p>\n<p>Mais cedo, Hugo Motta anunciou o deputado Aguinaldo Ribeiro (PP-PB) como relator do texto.<\/p>\n<h2 class=\"wp-block-heading\" id=\"h-orcamento-de-2026\">Or\u00e7amento de 2026<\/h2>\n<p>Haddad afirmou que a reuni\u00e3o com o presidente da C\u00e2mara teve como objetivo organizar a reta final do ano legislativo e permitir a vota\u00e7\u00e3o, na pr\u00f3xima semana, do Projeto de Lei Or\u00e7ament\u00e1ria Anual (PLOA) de 2026.<\/p>\n<p>Para isso, disse o ministro, \u00e9 necess\u00e1rio avan\u00e7ar antes em medidas que afetam receitas e despesas.<\/p>\n<p>\u201cS\u00e3o detalhes, mas detalhes importantes\u201d, resumiu.<\/p>\n<p>O governo trabalha para fechar o Or\u00e7amento com espa\u00e7o fiscal compat\u00edvel com as metas fiscais.<\/p>\n<p>Ao mesmo tempo, busca refor\u00e7ar o caixa federal por meio do corte de ren\u00fancias e da ado\u00e7\u00e3o de medidas contra a inadimpl\u00eancia tribut\u00e1ria.<\/p>\n<\/p><\/div>\n<p><br \/>\n<br \/><a href=\"https:\/\/www.canalrural.com.br\/economia\/camara-deve-votar-nesta-terca-endurecimento-de-regras-contra-devedores-de-impostos-diz-haddad\/\">Source link <\/a><\/p>\n","protected":false},"excerpt":{"rendered":"<p>O ministro da Fazenda, Fernando Haddad, afirmou na segunda-feira (8) que h\u00e1 \u201cfirmeza\u201d por parte do presidente da C\u00e2mara dos<\/p>\n","protected":false},"author":1,"featured_media":22136,"comment_status":"open","ping_status":"open","sticky":false,"template":"","format":"standard","meta":{"_monsterinsights_skip_tracking":false,"_monsterinsights_sitenote_active":false,"_monsterinsights_sitenote_note":"","_monsterinsights_sitenote_category":0,"_uf_show_specific_survey":0,"_uf_disable_surveys":false,"footnotes":""},"categories":[1],"tags":[],"class_list":["post-25419","post","type-post","status-publish","format-standard","has-post-thumbnail","hentry","category-news"],"_links":{"self":[{"href":"https:\/\/agromt.news\/index.php?rest_route=\/wp\/v2\/posts\/25419"}],"collection":[{"href":"https:\/\/agromt.news\/index.php?rest_route=\/wp\/v2\/posts"}],"about":[{"href":"https:\/\/agromt.news\/index.php?rest_route=\/wp\/v2\/types\/post"}],"author":[{"embeddable":true,"href":"https:\/\/agromt.news\/index.php?rest_route=\/wp\/v2\/users\/1"}],"replies":[{"embeddable":true,"href":"https:\/\/agromt.news\/index.php?rest_route=%2Fwp%2Fv2%2Fcomments&post=25419"}],"version-history":[{"count":0,"href":"https:\/\/agromt.news\/index.php?rest_route=\/wp\/v2\/posts\/25419\/revisions"}],"wp:featuredmedia":[{"embeddable":true,"href":"https:\/\/agromt.news\/index.php?rest_route=\/wp\/v2\/media\/22136"}],"wp:attachment":[{"href":"https:\/\/agromt.news\/index.php?rest_route=%2Fwp%2Fv2%2Fmedia&parent=25419"}],"wp:term":[{"taxonomy":"category","embeddable":true,"href":"https:\/\/agromt.news\/index.php?rest_route=%2Fwp%2Fv2%2Fcategories&post=25419"},{"taxonomy":"post_tag","embeddable":true,"href":"https:\/\/agromt.news\/index.php?rest_route=%2Fwp%2Fv2%2Ftags&post=25419"}],"curies":[{"name":"wp","href":"https:\/\/api.w.org\/{rel}","templated":true}]}}