{"id":25418,"date":"2025-12-09T07:19:09","date_gmt":"2025-12-09T11:19:09","guid":{"rendered":"https:\/\/agromt.news\/?p=25418"},"modified":"2025-12-09T07:19:09","modified_gmt":"2025-12-09T11:19:09","slug":"ciclone-se-aproxima-de-sao-paulo-e-defesa-civil-emite-alerta","status":"publish","type":"post","link":"https:\/\/agromt.news\/?p=25418","title":{"rendered":"Ciclone se aproxima de S\u00e3o Paulo e Defesa Civil emite alerta"},"content":{"rendered":"<p> <br \/>\n<br \/><img decoding=\"async\" src=\"https:\/\/agromt.news\/wp-content\/uploads\/2025\/11\/Semana-finaliza-com-frente-fria-e-pancadas-fortes-de-chuva.jpg\" \/><\/p>\n<div>\n<p>A Defesa Civil do Estado de S\u00e3o Paulo emitiu um alerta para condi\u00e7\u00f5es de tempo severo entre ter\u00e7a-feira (9) e quinta-feira (11) devido \u00e0 forma\u00e7\u00e3o de um ciclone extratropical no Sul do pa\u00eds. O sistema deve influenciar diretamente o clima paulista, provocando chuva volumosa, rajadas de vento muito fortes e risco de raios e granizo em todas as regi\u00f5es.<\/p>\n<div data-icp-cta=\"1\" id=\"icp-cta-unique\">Voc\u00ea quer entender como usar o clima a seu favor?<b> <\/b><a href=\"https:\/\/climacampo.canalrural.com.br\/climacampo_-01\">Preparamos um e-book exclusivo<\/a> para ajudar produtores rurais a se antecipar \u00e0s mudan\u00e7as do tempo e planejar melhor suas a\u00e7\u00f5es. Com base em previs\u00f5es meteorol\u00f3gicas confi\u00e1veis, ele oferece orienta\u00e7\u00f5es pr\u00e1ticas para proteger sua lavoura e otimizar seus resultados.<\/div>\n<h3 class=\"wp-block-heading\" id=\"h-chuva-forte-ja-a-partir-de-terca-feira\"><strong>Chuva forte j\u00e1 a partir de ter\u00e7a-feira<\/strong><\/h3>\n<p>Na ter\u00e7a (9), a previs\u00e3o indica chuva intensa e acumulados elevados em praticamente todo o estado. As \u00e1reas mais afetadas devem ser:<\/p>\n<ul class=\"wp-block-list\">\n<li>Regi\u00f5es que fazem divisa com o Paran\u00e1<\/li>\n<li>Regi\u00e3o central<\/li>\n<li>Faixa leste, incluindo a Grande S\u00e3o Paulo e o litoral<\/li>\n<\/ul>\n<p>Com o solo j\u00e1 encharcado, aumenta o risco de alagamentos, enxurradas e deslizamentos, principalmente em \u00e1reas vulner\u00e1veis.<\/p>\n<h3 class=\"wp-block-heading\" id=\"h-quarta-feira-tera-ventos-muito-fortes\"><strong>Quarta-feira ter\u00e1 ventos muito fortes<\/strong><\/h3>\n<p>Na quarta (10), o foco passa a ser o vento. As rajadas podem ultrapassar os 90 km\/h, especialmente na faixa leste paulista. Segundo a Defesa Civil, esse cen\u00e1rio eleva a possibilidade de:<\/p>\n<ul class=\"wp-block-list\">\n<li>Queda de \u00e1rvores e galhos<\/li>\n<li>Danos a estruturas fr\u00e1geis<\/li>\n<li>Interrup\u00e7\u00f5es tempor\u00e1rias no fornecimento de energia<\/li>\n<\/ul>\n<h3 class=\"wp-block-heading\" id=\"h-ciclone-se-afasta-na-quinta-mas-com-risco-residual\"><strong>Ciclone se afasta na quinta, mas com risco residual<\/strong><\/h3>\n<p>A partir de quinta (11), o ciclone come\u00e7a a perder influ\u00eancia sobre S\u00e3o Paulo. Apesar da redu\u00e7\u00e3o dos temporais, ainda podem ocorrer rajadas isoladas em regi\u00f5es como:<\/p>\n<ul class=\"wp-block-list\">\n<li>Campinas<\/li>\n<li>Grande S\u00e3o Paulo<\/li>\n<li>Baixada Santista<\/li>\n<li>Vale do Para\u00edba<\/li>\n<\/ul>\n<h3 class=\"wp-block-heading\" id=\"h-acumulados-de-chuva-previstos\"><strong>Acumulados de chuva previstos<\/strong><\/h3>\n<p><strong>Muito alto<\/strong><\/p>\n<p><strong>Alto<\/strong><\/p>\n<ul class=\"wp-block-list\">\n<li>Vale do Ribeira<\/li>\n<li>Itapeva, Campinas e Sorocaba<\/li>\n<li>Litoral Norte e Baixada Santista<\/li>\n<li>S\u00e3o Jos\u00e9 dos Campos, Presidente Prudente, Mar\u00edlia, Bauru e Araraquara<\/li>\n<li>Regi\u00e3o Metropolitana de S\u00e3o Paulo<\/li>\n<\/ul>\n<p><strong>M\u00e9dio<\/strong><\/p>\n<ul class=\"wp-block-list\">\n<li>S\u00e3o Jos\u00e9 do Rio Preto, Ara\u00e7atuba, Franca, Barretos e Ribeir\u00e3o Preto<\/li>\n<\/ul>\n<h3 class=\"wp-block-heading\" id=\"h-gabinete-de-crise-sera-ativado\"><strong>Gabinete de crise ser\u00e1 ativado<\/strong><\/h3>\n<p>Para enfrentar o per\u00edodo mais cr\u00edtico, a Defesa Civil vai ativar o gabinete de crise \u00e0s 8h desta ter\u00e7a (9). O grupo reunir\u00e1 representantes:<\/p>\n<ul class=\"wp-block-list\">\n<li>Das concession\u00e1rias de energia<\/li>\n<li>Do Corpo de Bombeiros<\/li>\n<li>Do DER<\/li>\n<li>Do Fundo Social do Estado<\/li>\n<li>Da Sabesp<\/li>\n<li>Da Artesp e da Arsesp<\/li>\n<\/ul>\n<p>O objetivo \u00e9 agilizar o atendimento \u00e0s ocorr\u00eancias e otimizar a gest\u00e3o da emerg\u00eancia.<\/p>\n<h3 class=\"wp-block-heading\" id=\"h-recomendacoes-a-populacao\"><strong>Recomenda\u00e7\u00f5es \u00e0 popula\u00e7\u00e3o<\/strong><\/h3>\n<p>A Defesa Civil orienta que os moradores adotem medidas de seguran\u00e7a durante o alerta:<\/p>\n<ul class=\"wp-block-list\">\n<li>Evitar \u00e1reas arborizadas durante ventos fortes<\/li>\n<li>Recolher ou prender objetos que possam ser arremessados<\/li>\n<li>N\u00e3o atravessar \u00e1reas alagadas ou com enxurradas<\/li>\n<li>Ficar atento a sinais de deslizamento, como rachaduras e \u00e1gua barrenta descendo encostas<\/li>\n<\/ul>\n<p>Em caso de emerg\u00eancia, os contatos s\u00e3o 199 (Defesa Civil) e 193 (Corpo de Bombeiros).<\/p>\n<p><em>*Com informa\u00e7\u00f5es da Ag\u00eancia SP<\/em><\/p>\n<\/p><\/div>\n<p><br \/>\n<br \/><a href=\"https:\/\/www.canalrural.com.br\/tempo\/ciclone-se-aproxima-de-sao-paulo-e-defesa-civil-emite-alerta\/\">Source link <\/a><\/p>\n","protected":false},"excerpt":{"rendered":"<p>A Defesa Civil do Estado de S\u00e3o Paulo emitiu um alerta para condi\u00e7\u00f5es de tempo severo entre ter\u00e7a-feira (9) e<\/p>\n","protected":false},"author":1,"featured_media":24840,"comment_status":"open","ping_status":"open","sticky":false,"template":"","format":"standard","meta":{"_monsterinsights_skip_tracking":false,"_monsterinsights_sitenote_active":false,"_monsterinsights_sitenote_note":"","_monsterinsights_sitenote_category":0,"_uf_show_specific_survey":0,"_uf_disable_surveys":false,"footnotes":""},"categories":[1],"tags":[],"class_list":["post-25418","post","type-post","status-publish","format-standard","has-post-thumbnail","hentry","category-news"],"_links":{"self":[{"href":"https:\/\/agromt.news\/index.php?rest_route=\/wp\/v2\/posts\/25418"}],"collection":[{"href":"https:\/\/agromt.news\/index.php?rest_route=\/wp\/v2\/posts"}],"about":[{"href":"https:\/\/agromt.news\/index.php?rest_route=\/wp\/v2\/types\/post"}],"author":[{"embeddable":true,"href":"https:\/\/agromt.news\/index.php?rest_route=\/wp\/v2\/users\/1"}],"replies":[{"embeddable":true,"href":"https:\/\/agromt.news\/index.php?rest_route=%2Fwp%2Fv2%2Fcomments&post=25418"}],"version-history":[{"count":0,"href":"https:\/\/agromt.news\/index.php?rest_route=\/wp\/v2\/posts\/25418\/revisions"}],"wp:featuredmedia":[{"embeddable":true,"href":"https:\/\/agromt.news\/index.php?rest_route=\/wp\/v2\/media\/24840"}],"wp:attachment":[{"href":"https:\/\/agromt.news\/index.php?rest_route=%2Fwp%2Fv2%2Fmedia&parent=25418"}],"wp:term":[{"taxonomy":"category","embeddable":true,"href":"https:\/\/agromt.news\/index.php?rest_route=%2Fwp%2Fv2%2Fcategories&post=25418"},{"taxonomy":"post_tag","embeddable":true,"href":"https:\/\/agromt.news\/index.php?rest_route=%2Fwp%2Fv2%2Ftags&post=25418"}],"curies":[{"name":"wp","href":"https:\/\/api.w.org\/{rel}","templated":true}]}}