{"id":25369,"date":"2025-12-08T14:26:33","date_gmt":"2025-12-08T18:26:33","guid":{"rendered":"https:\/\/agromt.news\/?p=25369"},"modified":"2025-12-08T14:26:33","modified_gmt":"2025-12-08T18:26:33","slug":"produtores-retem-soja-e-temem-perdas-na-safra","status":"publish","type":"post","link":"https:\/\/agromt.news\/?p=25369","title":{"rendered":"Produtores ret\u00eam soja e temem perdas na safra"},"content":{"rendered":"<p> <br \/>\n<\/p>\n<div>\n<div class=\"row\">\n<div class=\"col-lg col-infos mt-0 mt-lg-0\">\n<div class=\"section-sub-title\">\n<p itemprop=\"description\">&#13;<br \/>\n                                Mercado da soja trava com impasse entre compradores e produtores&#13;\n                            <\/p>\n<\/p><\/div>\n<div class=\"container\">\n<div class=\"row\">\n<div class=\"col-lg p-0\">\n<div>\n<div class=\"block-news-main-infos mt-3 text-start\">\n<p>                                            <strong class=\"fn\" itemprop=\"author\" style=\"color: rgb(112, 112, 112); \">&#13;<br \/>\n                                                <a href=\"https:\/\/www.agrolink.com.br\/noticias\/javascript:;\" class=\"text-uppercase\" target=\"_blank\" style=\"color: rgb(112, 112, 112); \" rel=\"noopener\">Agrolink<\/a>&#13;<br \/>\n&#13;<br \/>\n                                                    &#8211; Aline Merladete&#13;<br \/>\n&#13;<br \/>\n                                            <\/strong><br \/>\n                                        <\/p>\n<p>                                            <abbr><time datetime=\"2025 - 12 - 08T10:15\" itemprop=\"datePublished dateModified\"> Publicado em 08\/12\/2025 \u00e0s 10:15h.<\/time><\/abbr>\n                                    <\/div>\n<\/p><\/div>\n<\/p><\/div>\n<div class=\"col-lg p-0 text-lg-end\">\n<div>\n<div id=\"mdEnviarPagina\" class=\"modal fade\" role=\"dialog\">\n<div class=\"modal-dialog\">\n<div class=\"modal-content\">\n<div class=\"modal-body\">\n<p><strong>Estimado usu\u00e1rio.<\/strong><br \/>Preencha o formul\u00e1rio abaixo para remeter a p\u00e1gina.<\/p>\n<\/p><\/div>\n<\/p><\/div>\n<\/p><\/div>\n<\/div><\/div>\n<\/p><\/div>\n<\/p><\/div>\n<\/p><\/div>\n<\/p><\/div>\n<\/p><\/div>\n<div class=\"row justify-content-md-center mt-3\">\n<div class=\"col-lg-auto col-image block-news-main-image\">\n<p>                                <img decoding=\"async\" src=\"https:\/\/www.agrolink.com.br\/upload\/imagens-resizes\/28f3b31aa1b84675b08b58b0b96b4a9a_858x483.jpg\" class=\"lazyload img-fluid\"\/><br \/>\n                                                <span class=\"publicity-photo d-block mt-1\">Foto: Arquivo Agrolink<\/span><\/p><\/div>\n<\/p><\/div>\n<div class=\"section-description section-description-noticias mt-3\">\n<p style=\"text-align:justify\"><em>Negocia\u00e7\u00f5es com soja e derivados seguem lentas no in\u00edcio de dezembro, marcadas pela resist\u00eancia dos vendedores e cautela dos compradores. Segundo o Cepea, disparidade de pre\u00e7os e preocupa\u00e7\u00f5es com o clima explicam a desacelera\u00e7\u00e3o.<\/em><\/p>\n<p style=\"text-align:justify\">As negocia\u00e7\u00f5es envolvendo <a href=\"https:\/\/www.agrolink.com.br\/culturas\/soja?utm_source=agrolink-detalhe-noticia&amp;utm_medium=detalhe-noticia&amp;utm_campaign=links-internos\" target=\"_blank\" rel=\"noopener\">soja<\/a> e seus derivados est\u00e3o em ritmo reduzido neste come\u00e7o de dezembro, segundo dados divulgados pelo Centro de Estudos Avan\u00e7ados em Economia Aplicada (Cepea). O cen\u00e1rio \u00e9 de impasse: compradores pressionam por queda nas cota\u00e7\u00f5es, enquanto produtores evitam vender diante das incertezas clim\u00e1ticas e boa condi\u00e7\u00e3o financeira.&#13;\n<\/p>\n<p style=\"text-align:justify\">O levantamento aponta que grande parte dos consumidores est\u00e1 abastecida e prefere aguardar uma poss\u00edvel retra\u00e7\u00e3o nos pre\u00e7os antes de fechar novos contratos. Por outro lado, os sojicultores, em sua maioria capitalizados, t\u00eam evitado ofertar novos lotes no mercado spot e direcionam seus esfor\u00e7os \u00e0s atividades de campo.<\/p>\n<p style=\"text-align:justify\">O clima \u00e9 um fator central na cautela dos produtores. Regi\u00f5es com d\u00e9ficit h\u00eddrico acendem o alerta para perdas de produtividade, o que refor\u00e7a a decis\u00e3o de manter o gr\u00e3o armazenado. Segundo o Cepea, a apreens\u00e3o com a safra 2025\/26 j\u00e1 \u00e9 percept\u00edvel entre os agentes consultados, que consideram improv\u00e1vel o cumprimento da estimativa de 177 milh\u00f5es de toneladas feita pela Companhia Nacional de Abastecimento (Conab).&#13;\n<\/p>\n<p style=\"text-align:justify\">Esse quadro de desaquecimento nas negocia\u00e7\u00f5es reflete um momento de transi\u00e7\u00e3o para o mercado da soja. Al\u00e9m das tens\u00f5es sobre os pre\u00e7os, h\u00e1 um componente de incerteza clim\u00e1tica que eleva o risco para decis\u00f5es de venda, tanto no curto quanto no m\u00e9dio prazo.<\/p>\n<p style=\"text-align:justify\">A desacelera\u00e7\u00e3o nas trocas comerciais tamb\u00e9m pode impactar outros elos da cadeia, especialmente ind\u00fastrias processadoras e exportadores que dependem de um fluxo cont\u00ednuo de mat\u00e9ria-prima. No entanto, a postura dos produtores sinaliza uma estrat\u00e9gia de reten\u00e7\u00e3o em busca de pre\u00e7os mais favor\u00e1veis ou, ao menos, maior clareza quanto ao desempenho da safra.&#13;\n<\/p>\n<p style=\"text-align:justify\">Para os pr\u00f3ximos meses, o comportamento do clima e a movimenta\u00e7\u00e3o da demanda internacional ser\u00e3o decisivos para destravar o mercado. At\u00e9 l\u00e1, a tend\u00eancia \u00e9 de continuidade na lentid\u00e3o das negocia\u00e7\u00f5es, com pouca oferta no spot e compradores cautelosos quanto \u00e0s aquisi\u00e7\u00f5es.<\/p>\n<\/p><\/div>\n<\/p><\/div>\n<p><script data-cfasync=\"false\">\n    !function (f, b, e, v, n, t, s) {\n        if (f.fbq) return; n = f.fbq = function () {\n            n.callMethod ?\n                n.callMethod.apply(n, arguments) : n.queue.push(arguments)\n        };\n        if (!f._fbq) f._fbq = n; n.push = n; n.loaded = !0; n.version = '2.0';\n        n.queue = []; t = b.createElement(e); t.async = !0;\n        t.src = v; s = b.getElementsByTagName(e)[0];\n        s.parentNode.insertBefore(t, s)\n    }(window, document, 'script',\n        'https:\/\/connect.facebook.net\/en_US\/fbevents.js');\n    fbq('init', '522546078623747');\n    fbq('track', 'PageView');\n<\/script><br \/>\n<br \/><br \/>\n<br \/><a href=\"https:\/\/www.agrolink.com.br\/noticias\/produtores-retem-soja-e-temem-perdas-na-safra_508750.html\">Source link <\/a><\/p>\n","protected":false},"excerpt":{"rendered":"<p>&#13; Mercado da soja trava com impasse entre compradores e produtores&#13; &#13; Agrolink&#13; &#13; &#8211; Aline Merladete&#13; &#13; Publicado em<\/p>\n","protected":false},"author":1,"featured_media":1657,"comment_status":"open","ping_status":"open","sticky":false,"template":"","format":"standard","meta":{"_monsterinsights_skip_tracking":false,"_monsterinsights_sitenote_active":false,"_monsterinsights_sitenote_note":"","_monsterinsights_sitenote_category":0,"_uf_show_specific_survey":0,"_uf_disable_surveys":false,"footnotes":""},"categories":[8,1,14],"tags":[],"class_list":["post-25369","post","type-post","status-publish","format-standard","has-post-thumbnail","hentry","category-agro","category-news","category-politica-agro"],"_links":{"self":[{"href":"https:\/\/agromt.news\/index.php?rest_route=\/wp\/v2\/posts\/25369"}],"collection":[{"href":"https:\/\/agromt.news\/index.php?rest_route=\/wp\/v2\/posts"}],"about":[{"href":"https:\/\/agromt.news\/index.php?rest_route=\/wp\/v2\/types\/post"}],"author":[{"embeddable":true,"href":"https:\/\/agromt.news\/index.php?rest_route=\/wp\/v2\/users\/1"}],"replies":[{"embeddable":true,"href":"https:\/\/agromt.news\/index.php?rest_route=%2Fwp%2Fv2%2Fcomments&post=25369"}],"version-history":[{"count":0,"href":"https:\/\/agromt.news\/index.php?rest_route=\/wp\/v2\/posts\/25369\/revisions"}],"wp:featuredmedia":[{"embeddable":true,"href":"https:\/\/agromt.news\/index.php?rest_route=\/wp\/v2\/media\/1657"}],"wp:attachment":[{"href":"https:\/\/agromt.news\/index.php?rest_route=%2Fwp%2Fv2%2Fmedia&parent=25369"}],"wp:term":[{"taxonomy":"category","embeddable":true,"href":"https:\/\/agromt.news\/index.php?rest_route=%2Fwp%2Fv2%2Fcategories&post=25369"},{"taxonomy":"post_tag","embeddable":true,"href":"https:\/\/agromt.news\/index.php?rest_route=%2Fwp%2Fv2%2Ftags&post=25369"}],"curies":[{"name":"wp","href":"https:\/\/api.w.org\/{rel}","templated":true}]}}