{"id":25366,"date":"2025-12-08T14:09:31","date_gmt":"2025-12-08T18:09:31","guid":{"rendered":"https:\/\/agromt.news\/?p=25366"},"modified":"2025-12-08T14:09:31","modified_gmt":"2025-12-08T18:09:31","slug":"pode-ser-um-divisor-de-aguas-diz-embaixadora-sobre-acordo-entre-mercosul-e-uniao-europeia","status":"publish","type":"post","link":"https:\/\/agromt.news\/?p=25366","title":{"rendered":"&#8216;Pode ser um divisor de \u00e1guas&#8217;, diz embaixadora sobre acordo entre Mercosul e Uni\u00e3o Europeia"},"content":{"rendered":"<p> <br \/>\n<br \/><img decoding=\"async\" src=\"https:\/\/agromt.news\/wp-content\/uploads\/2024\/10\/Industria-apoia-acordo-Mercosul-UE-que-favorecera-ambas-as-regioes-diz.jpg\" \/><\/p>\n<div>\n<p>A Delega\u00e7\u00e3o da Uni\u00e3o Europeia (UE) promoveu na manh\u00e3 desta segunda-feira (8), em Bras\u00edlia, um encontro estrat\u00e9gico com embaixadores para discutir os pr\u00f3ximos passos do acordo comercial entre UE e Mercosul, que entra na fase final de negocia\u00e7\u00f5es ap\u00f3s 25 anos de tratativas.<\/p>\n<p>Durante o evento, a embaixadora da Uni\u00e3o Europeia no Brasil, Marian Schuegraf, afirmou que as pr\u00f3ximas vota\u00e7\u00f5es no bloco europeu ser\u00e3o decisivas para a assinatura do acordo ainda este m\u00eas.<\/p>\n<h2 class=\"wp-block-heading\" id=\"h-divisor-de-aguas\">\u2018Divisor de \u00e1guas\u2019<\/h2>\n<p>Schuegraf destacou que h\u00e1 grande interesse e expectativa em torno do avan\u00e7o do acordo. Segundo ela, a etapa mais importante ocorre no Conselho da Uni\u00e3o Europeia, \u00f3rg\u00e3o que re\u00fane os 27 Estados-membros do bloco.<\/p>\n<p>\u201cEsse acordo \u00e9 muito importante e poderia ser um divisor de \u00e1guas nas nossas rela\u00e7\u00f5es\u201d, afirmou. A vota\u00e7\u00e3o no Conselho da Uni\u00e3o Europeia ser\u00e1 decisiva para assinar o acordo no dia 20 de dezembro, se tudo correr bem.\u201d, diz Schuegraf.<\/p>\n<p>Antes disso, os pa\u00edses europeus discutem pontos t\u00e9cnicos, como a cl\u00e1usula de salvaguarda, mecanismo interno necess\u00e1rio para que o cronograma siga at\u00e9 a assinatura do tratado.<\/p>\n<p>A embaixadora lembrou que, no dia 16 de dezembro, haver\u00e1 uma vota\u00e7\u00e3o no Parlamento Europeu, em Estrasburgo, considerada a \u201csegunda etapa\u201d do processo. Mas o ponto mais sens\u00edvel acontece no dia 18, quando o Conselho Europeu dever\u00e1 decidir se h\u00e1 consenso suficiente para validar o acordo.<\/p>\n<p>\u201cTodos os Estados-membros precisam concordar. H\u00e1 um quantitativo de votos necess\u00e1rio para aprovar, mas ainda n\u00e3o \u00e9 poss\u00edvel prever o resultado .Existe muito otimismo profissional, mas precisamos esperar o dia da vota\u00e7\u00e3o.\u201d, afirmou Schuegraf.<\/p>\n<p>A representante europeia ressaltou que alcan\u00e7ar unanimidade em um bloco com m\u00faltiplos interesses n\u00e3o \u00e9 simples.<\/p>\n<h2 class=\"wp-block-heading\" id=\"h-assinatura-do-acordo\">Assinatura do acordo<\/h2>\n<p>Se todas as etapas forem aprovadas, <a href=\"https:\/\/www.canalrural.com.br\/nacional\/acordo-entre-mercosul-e-uniao-europeia-sera-assinado-em-dezembro-garante-lula\/\">a assinatura oficial do acordo entre Uni\u00e3o Europeia e Mercosul poder\u00e1 ocorrer em 20 de dezembro<\/a>, conforme destacou a embaixadora.<\/p>\n<p>O evento em Bras\u00edlia refor\u00e7a o compromisso das partes em avan\u00e7ar na integra\u00e7\u00e3o comercial depois de d\u00e9cadas de negocia\u00e7\u00f5es e entraves pol\u00edticos.<\/p>\n<p><iframe title=\"Delega\u00e7\u00e3o da Uni\u00e3o Europeia promove encontro estrat\u00e9gico em Bras\u00edlia\" width=\"800\" height=\"450\" src=\"https:\/\/www.youtube.com\/embed\/1m-stRNfZYo?feature=oembed\" frameborder=\"0\" allow=\"accelerometer; autoplay; clipboard-write; encrypted-media; gyroscope; picture-in-picture; web-share\" referrerpolicy=\"strict-origin-when-cross-origin\" allowfullscreen><\/iframe><noscript><iframe title=\"Delega\u00e7\u00e3o da Uni\u00e3o Europeia promove encontro estrat\u00e9gico em Bras\u00edlia\" width=\"800\" height=\"450\" src=\"https:\/\/www.youtube.com\/embed\/1m-stRNfZYo?feature=oembed\" frameborder=\"0\" allow=\"accelerometer; autoplay; clipboard-write; encrypted-media; gyroscope; picture-in-picture; web-share\" referrerpolicy=\"strict-origin-when-cross-origin\" allowfullscreen><\/iframe><\/noscript>\n\t<\/div>\n<p><br \/>\n<br \/><a href=\"https:\/\/www.canalrural.com.br\/economia\/pode-ser-um-divisor-de-aguas-diz-embaixadora-sobre-acordo-entre-mercosul-e-uniao-europeia\/\">Source link <\/a><\/p>\n","protected":false},"excerpt":{"rendered":"<p>A Delega\u00e7\u00e3o da Uni\u00e3o Europeia (UE) promoveu na manh\u00e3 desta segunda-feira (8), em Bras\u00edlia, um encontro estrat\u00e9gico com embaixadores para<\/p>\n","protected":false},"author":1,"featured_media":3109,"comment_status":"open","ping_status":"open","sticky":false,"template":"","format":"standard","meta":{"_monsterinsights_skip_tracking":false,"_monsterinsights_sitenote_active":false,"_monsterinsights_sitenote_note":"","_monsterinsights_sitenote_category":0,"_uf_show_specific_survey":0,"_uf_disable_surveys":false,"footnotes":""},"categories":[1],"tags":[],"class_list":["post-25366","post","type-post","status-publish","format-standard","has-post-thumbnail","hentry","category-news"],"_links":{"self":[{"href":"https:\/\/agromt.news\/index.php?rest_route=\/wp\/v2\/posts\/25366"}],"collection":[{"href":"https:\/\/agromt.news\/index.php?rest_route=\/wp\/v2\/posts"}],"about":[{"href":"https:\/\/agromt.news\/index.php?rest_route=\/wp\/v2\/types\/post"}],"author":[{"embeddable":true,"href":"https:\/\/agromt.news\/index.php?rest_route=\/wp\/v2\/users\/1"}],"replies":[{"embeddable":true,"href":"https:\/\/agromt.news\/index.php?rest_route=%2Fwp%2Fv2%2Fcomments&post=25366"}],"version-history":[{"count":0,"href":"https:\/\/agromt.news\/index.php?rest_route=\/wp\/v2\/posts\/25366\/revisions"}],"wp:featuredmedia":[{"embeddable":true,"href":"https:\/\/agromt.news\/index.php?rest_route=\/wp\/v2\/media\/3109"}],"wp:attachment":[{"href":"https:\/\/agromt.news\/index.php?rest_route=%2Fwp%2Fv2%2Fmedia&parent=25366"}],"wp:term":[{"taxonomy":"category","embeddable":true,"href":"https:\/\/agromt.news\/index.php?rest_route=%2Fwp%2Fv2%2Fcategories&post=25366"},{"taxonomy":"post_tag","embeddable":true,"href":"https:\/\/agromt.news\/index.php?rest_route=%2Fwp%2Fv2%2Ftags&post=25366"}],"curies":[{"name":"wp","href":"https:\/\/api.w.org\/{rel}","templated":true}]}}