{"id":25362,"date":"2025-12-08T12:37:41","date_gmt":"2025-12-08T16:37:41","guid":{"rendered":"https:\/\/agromt.news\/?p=25362"},"modified":"2025-12-08T12:37:41","modified_gmt":"2025-12-08T16:37:41","slug":"comercializacao-lenta-expoe-sojicultor-a-risco-de-queda-nos-precos-alerta-analista","status":"publish","type":"post","link":"https:\/\/agromt.news\/?p=25362","title":{"rendered":"Comercializa\u00e7\u00e3o lenta exp\u00f5e sojicultor a risco de queda nos pre\u00e7os, alerta analista"},"content":{"rendered":"<p> <br \/>\n<br \/><img decoding=\"async\" src=\"https:\/\/agromt.news\/wp-content\/uploads\/2025\/10\/Paralisacao-nos-EUA-deixa-soja-brasileira-as-cegas-e-precos.jpg\" \/><\/p>\n<div>\n<p>No \u00faltimo <a href=\"https:\/\/www.youtube.com\/watch?v=UjHPOQqo0fM\">Soja Brasil<\/a>, a comercializa\u00e7\u00e3o da soja foi um dos <a href=\"https:\/\/www.canalrural.com.br\/?s=comercializa%C3%A7%C3%A3o+de+soja\">destaques <\/a>do epis\u00f3dio. Com o plantio praticamente no fim em todo o pa\u00eds, al\u00e9m do acompanhamento do desenvolvimento das lavouras, cresce a preocupa\u00e7\u00e3o com a venda da safra. Para analisar esse cen\u00e1rio, o Soja Brasil convidou Rafael Silveira, analista da Safras &amp; Mercado, que participou do debate sobre o tema.<\/p>\n<p><iframe title=\"Replantio na soja: preju\u00edzos e impactos na fase final da semeadura - Ep. 43\" width=\"800\" height=\"450\" src=\"https:\/\/www.youtube.com\/embed\/UjHPOQqo0fM?feature=oembed\" frameborder=\"0\" allow=\"accelerometer; autoplay; clipboard-write; encrypted-media; gyroscope; picture-in-picture; web-share\" referrerpolicy=\"strict-origin-when-cross-origin\" allowfullscreen><\/iframe><\/p>\n<ul class=\"wp-block-list\">\n<li><strong><em>Fique por dentro das novidades e not\u00edcias recentes sobre a soja! Participe da nossa comunidade atrav\u00e9s do\u00a0<a href=\"https:\/\/chat.whatsapp.com\/BmMRwA0TZ2DHGyhzoaVEWu\">link<\/a>! \ud83c\udf31<\/em><\/strong><\/li>\n<\/ul>\n<p>Silveira iniciou explicando que novembro foi marcado por alta volatilidade, principalmente na Bolsa de Chicago. \u201cN\u00f3s t\u00ednhamos ali uma tens\u00e3o do mercado sobre China e Estados Unidos, mas tivemos a China, a princ\u00edpio, fechando um acordo com os EUA para buscar a soja americana, com uma expectativa de 12 milh\u00f5es de toneladas at\u00e9 o final do ano\u201d, afirmou.<\/p>\n<p>Ele destacou que esse cen\u00e1rio acabou elevando bastante as oscila\u00e7\u00f5es dos contratos em Chicago, que sa\u00edram dos n\u00edveis de US$ 11 por bushel e chegaram a testar patamares de US$ 11,50. <\/p>\n<p>Segundo o analista, esse movimento trouxe press\u00e3o sobre o mercado. Paralelamente, os pr\u00eamios no Brasil tamb\u00e9m se ajustaram bastante para baixo, corrigindo parte da alta externa. \u201dNo mercado dom\u00e9stico, at\u00e9 tivemos picos de pre\u00e7o, mas logo ap\u00f3s j\u00e1 come\u00e7ou a corrigir, mantendo certa estabilidade sem altas muito agressivas at\u00e9 o momento\u201d, explicou.<\/p>\n<p>Silveira refor\u00e7ou que esses movimentos est\u00e3o ligados ao c\u00e2mbio, ao clima e \u00e0s rela\u00e7\u00f5es entre China e Estados Unidos, especialmente \u00e0s varia\u00e7\u00f5es pol\u00edticas. Outro fator que trouxe incertezas foi a falta tempor\u00e1ria dos relat\u00f3rios semanais de vendas dos EUA, em raz\u00e3o do shutdown no pa\u00eds. \u201cTava meio que todo mundo \u00e0s cegas\u201d, observou.<\/p>\n<p>Com a retomada da divulga\u00e7\u00e3o e ap\u00f3s o relat\u00f3rio do USDA de novembro, ajustes importantes foram incorporados \u00e0s proje\u00e7\u00f5es de safra americana. Daqui para frente, segundo o analista, ainda devem influenciar o mercado os movimentos cambiais, o comportamento da Bolsa de Chicago, a demanda chinesa, os pr\u00eamios nos portos e as expectativas para a produ\u00e7\u00e3o no Brasil e na Argentina, que j\u00e1 avan\u00e7a com seus trabalhos de plantio.<\/p>\n<h3 class=\"wp-block-heading\" id=\"h-replantio-ocorre-em-regioes-mas-safra-deve-ser-boa\"><strong>Replantio ocorre em regi\u00f5es, mas safra deve ser boa<\/strong><\/h3>\n<p>Questionado sobre o que se pode esperar para dezembro, Silveira comentou que o replantio observado em algumas \u00e1reas do pa\u00eds est\u00e1 diretamente ligado ao clima. \u201cN\u00f3s tivemos algum atraso para chuvas, principalmente na regi\u00e3o Nordeste. Demorou para normalizar o retorno das chuvas\u201d, explicou. Ele citou tamb\u00e9m atrasos de plantio em Minas Gerais, recupera\u00e7\u00e3o mais recente em Goi\u00e1s e problemas clim\u00e1ticos pontuais no Paran\u00e1.<\/p>\n<p>Mesmo assim, a expectativa geral \u00e9 positiva, \u201cNo geral, ainda esperamos uma safra muito boa, um clima que pelos mapas est\u00e1 se desenhando favor\u00e1vel\u201d, pontuou.<\/p>\n<h3 class=\"wp-block-heading\" id=\"h-comercializacao-esta-muito-atrasada\"><strong>Comercializa\u00e7\u00e3o est\u00e1 muito atrasada<\/strong><\/h3>\n<p>O analista afirmou que a comercializa\u00e7\u00e3o da safra est\u00e1 muito atrasada em compara\u00e7\u00e3o com anos anteriores,  um ponto de preocupa\u00e7\u00e3o dentro da Safras &amp; Mercado. Para o ano que vem, a expectativa \u00e9 de uma boa safra de soja e de melhor estoque de passagem, o que tende a trazer um vi\u00e9s negativo para os pre\u00e7os no primeiro semestre.<\/p>\n<p>\u201cSe o produtor n\u00e3o estiver bem comercializado, sem antecipa\u00e7\u00e3o de fluxo de caixa e previsibilidade, pode acabar sofrendo bastante nas margens, porque os pre\u00e7os podem recuar bastante no primeiro semestre do ano que vem\u201d, alertou.<\/p>\n<h3 class=\"wp-block-heading\" id=\"h-orientacao-ao-produtor-avancar-nas-vendas\"><strong>Orienta\u00e7\u00e3o ao produtor: avan\u00e7ar nas vendas<\/strong><\/h3>\n<p>Sobre a postura dos agricultores neste fim de ano, Silveira refor\u00e7ou que muitos produtores seguem esperando pre\u00e7os melhores. \u201d\u00c9 importante o produtor avan\u00e7ar mais na comercializa\u00e7\u00e3o, fixar sua soja, olhar as travas em Bolsa e pensar em previsibilidade, fluxo de caixa. N\u00e3o ficar com soja dispon\u00edvel, pouco comercializada, para l\u00e1 na frente encarar um cen\u00e1rio que deve n\u00e3o ser muito favor\u00e1vel para pre\u00e7os\u201d, concluiu.<\/p>\n<\/p><\/div>\n<p><br \/>\n<br \/><a href=\"https:\/\/www.canalrural.com.br\/agricultura\/projeto-soja-brasil\/comercializacao-lenta-expoe-sojicultor-a-risco-de-queda-nos-precos-alerta-analista\/\">Source link <\/a><\/p>\n","protected":false},"excerpt":{"rendered":"<p>No \u00faltimo Soja Brasil, a comercializa\u00e7\u00e3o da soja foi um dos destaques do epis\u00f3dio. Com o plantio praticamente no fim<\/p>\n","protected":false},"author":1,"featured_media":21978,"comment_status":"open","ping_status":"open","sticky":false,"template":"","format":"standard","meta":{"_monsterinsights_skip_tracking":false,"_monsterinsights_sitenote_active":false,"_monsterinsights_sitenote_note":"","_monsterinsights_sitenote_category":0,"_uf_show_specific_survey":0,"_uf_disable_surveys":false,"footnotes":""},"categories":[1],"tags":[],"class_list":["post-25362","post","type-post","status-publish","format-standard","has-post-thumbnail","hentry","category-news"],"_links":{"self":[{"href":"https:\/\/agromt.news\/index.php?rest_route=\/wp\/v2\/posts\/25362"}],"collection":[{"href":"https:\/\/agromt.news\/index.php?rest_route=\/wp\/v2\/posts"}],"about":[{"href":"https:\/\/agromt.news\/index.php?rest_route=\/wp\/v2\/types\/post"}],"author":[{"embeddable":true,"href":"https:\/\/agromt.news\/index.php?rest_route=\/wp\/v2\/users\/1"}],"replies":[{"embeddable":true,"href":"https:\/\/agromt.news\/index.php?rest_route=%2Fwp%2Fv2%2Fcomments&post=25362"}],"version-history":[{"count":0,"href":"https:\/\/agromt.news\/index.php?rest_route=\/wp\/v2\/posts\/25362\/revisions"}],"wp:featuredmedia":[{"embeddable":true,"href":"https:\/\/agromt.news\/index.php?rest_route=\/wp\/v2\/media\/21978"}],"wp:attachment":[{"href":"https:\/\/agromt.news\/index.php?rest_route=%2Fwp%2Fv2%2Fmedia&parent=25362"}],"wp:term":[{"taxonomy":"category","embeddable":true,"href":"https:\/\/agromt.news\/index.php?rest_route=%2Fwp%2Fv2%2Fcategories&post=25362"},{"taxonomy":"post_tag","embeddable":true,"href":"https:\/\/agromt.news\/index.php?rest_route=%2Fwp%2Fv2%2Ftags&post=25362"}],"curies":[{"name":"wp","href":"https:\/\/api.w.org\/{rel}","templated":true}]}}