{"id":25361,"date":"2025-12-08T12:28:47","date_gmt":"2025-12-08T16:28:47","guid":{"rendered":"https:\/\/agromt.news\/?p=25361"},"modified":"2025-12-08T12:28:47","modified_gmt":"2025-12-08T16:28:47","slug":"milho-se-aproxima-de-r-70-e-vendedores-recuam-a-espera-de-mais-altas","status":"publish","type":"post","link":"https:\/\/agromt.news\/?p=25361","title":{"rendered":"Milho se aproxima de R$ 70 e vendedores recuam \u00e0 espera de mais altas"},"content":{"rendered":"<p> <br \/>\n<\/p>\n<div>\n<div class=\"row\">\n<div class=\"col-lg col-infos mt-0 mt-lg-0\">\n<div class=\"section-sub-title\">\n<p itemprop=\"description\">&#13;<br \/>\n                                Pre\u00e7o do milho voltou a subir no mercado interno na \u00faltima semana&#13;\n                            <\/p>\n<\/p><\/div>\n<div class=\"container\">\n<div class=\"row\">\n<div class=\"col-lg p-0\">\n<div>\n<div class=\"block-news-main-infos mt-3 text-start\">\n<p>                                            <strong class=\"fn\" itemprop=\"author\" style=\"color: rgb(112, 112, 112); \">&#13;<br \/>\n                                                <a href=\"https:\/\/www.agrolink.com.br\/noticias\/javascript:;\" class=\"text-uppercase\" target=\"_blank\" style=\"color: rgb(112, 112, 112); \" rel=\"noopener\">Agrolink<\/a>&#13;<br \/>\n&#13;<br \/>\n                                                    &#8211; Aline Merladete&#13;<br \/>\n&#13;<br \/>\n                                            <\/strong><br \/>\n                                        <\/p>\n<p>                                            <abbr><time datetime=\"2025 - 12 - 08T10:40\" itemprop=\"datePublished dateModified\"> Publicado em 08\/12\/2025 \u00e0s 10:40h.<\/time><\/abbr>\n                                    <\/div>\n<\/p><\/div>\n<\/p><\/div>\n<div class=\"col-lg p-0 text-lg-end\">\n<div>\n<div id=\"mdEnviarPagina\" class=\"modal fade\" role=\"dialog\">\n<div class=\"modal-dialog\">\n<div class=\"modal-content\">\n<div class=\"modal-body\">\n<p><strong>Estimado usu\u00e1rio.<\/strong><br \/>Preencha o formul\u00e1rio abaixo para remeter a p\u00e1gina.<\/p>\n<\/p><\/div>\n<\/p><\/div>\n<\/p><\/div>\n<\/div><\/div>\n<\/p><\/div>\n<\/p><\/div>\n<\/p><\/div>\n<\/p><\/div>\n<\/p><\/div>\n<div class=\"row justify-content-md-center mt-3\">\n<div class=\"col-lg-auto col-image block-news-main-image\">\n<p>                                <img decoding=\"async\" src=\"https:\/\/www.agrolink.com.br\/upload\/imagens-resizes\/ae18b5ff45094343b75f2c388cd670cb_858x483.jpg\" class=\"lazyload img-fluid\"\/><br \/>\n                                                <span class=\"publicity-photo d-block mt-1\">Foto: Divulga\u00e7\u00e3o<\/span><\/p><\/div>\n<\/p><\/div>\n<div class=\"section-description section-description-noticias mt-3\">\n<p style=\"text-align:justify\">O pre\u00e7o do <a href=\"https:\/\/www.agrolink.com.br\/culturas\/milho?utm_source=agrolink-detalhe-noticia&amp;utm_medium=detalhe-noticia&amp;utm_campaign=links-internos&#9;\" target=\"_blank\" rel=\"noopener\">milho<\/a> voltou a subir no mercado interno na \u00faltima semana, impulsionado por maior demanda e retra\u00e7\u00e3o da oferta. De acordo com dados divulgados pelo Cepea, o Indicador ESALQ\/BM&amp;FBovespa (Campinas \u2013 SP) se aproximou dos R$ 70 por saca de 60 kg, valor nominal que n\u00e3o era registrado desde maio deste ano.&#13;\n<\/p>\n<p style=\"text-align:justify\">A valoriza\u00e7\u00e3o est\u00e1 associada ao avan\u00e7o dos compradores na recomposi\u00e7\u00e3o de estoques para o final de 2025 e in\u00edcio de 2026. No entanto, os neg\u00f3cios encontram resist\u00eancia: vendedores est\u00e3o menos dispostos a negociar no spot, aguardando novas altas diante das incertezas clim\u00e1ticas e do foco nas atividades de plantio.<\/p>\n<p style=\"text-align:justify\">Segundo o Cepea, os produtores mostram cautela ao liberar seus estoques. Em algumas regi\u00f5es, o clima quente gera preocupa\u00e7\u00f5es com o desenvolvimento das lavouras, enquanto em outras, ainda persistem os efeitos das chuvas intensas de novembro. Esse cen\u00e1rio leva os agricultores a limitar a oferta imediata, com expectativa de melhores pre\u00e7os adiante.&#13;\n<\/p>\n<p style=\"text-align:justify\">Por outro lado, os compradores enfrentam dificuldades para fechar neg\u00f3cios diante da eleva\u00e7\u00e3o nas pedidas dos vendedores. Parte da demanda opta por adiar novas aquisi\u00e7\u00f5es, apostando na press\u00e3o de baixa que pode vir com a colheita da safra de ver\u00e3o, que tende a liberar espa\u00e7o nos armaz\u00e9ns e gerar necessidade de caixa para os produtores.<\/p>\n<p style=\"text-align:justify\">Apesar dessa expectativa, o Cepea destaca que o cen\u00e1rio ainda \u00e9 de incerteza, especialmente considerando o ritmo abaixo do esperado nas exporta\u00e7\u00f5es e os volumes internos ainda concentrados. O mercado segue atento \u00e0 evolu\u00e7\u00e3o do clima e \u00e0 chegada da nova safra, fatores que devem influenciar o comportamento de pre\u00e7os nas pr\u00f3ximas semanas.&#13;\n<\/p>\n<p style=\"text-align:justify\">At\u00e9 que haja maior clareza sobre a disponibilidade e a qualidade da safra ver\u00e3o, a tend\u00eancia \u00e9 de continuidade na oscila\u00e7\u00e3o entre demanda contida e oferta limitada, mantendo o milho em patamares elevados no curto prazo.<\/p>\n<\/p><\/div>\n<\/p><\/div>\n<p><script data-cfasync=\"false\">\n    !function (f, b, e, v, n, t, s) {\n        if (f.fbq) return; n = f.fbq = function () {\n            n.callMethod ?\n                n.callMethod.apply(n, arguments) : n.queue.push(arguments)\n        };\n        if (!f._fbq) f._fbq = n; n.push = n; n.loaded = !0; n.version = '2.0';\n        n.queue = []; t = b.createElement(e); t.async = !0;\n        t.src = v; s = b.getElementsByTagName(e)[0];\n        s.parentNode.insertBefore(t, s)\n    }(window, document, 'script',\n        'https:\/\/connect.facebook.net\/en_US\/fbevents.js');\n    fbq('init', '522546078623747');\n    fbq('track', 'PageView');\n<\/script><br \/>\n<br \/><br \/>\n<br \/><a href=\"https:\/\/www.agrolink.com.br\/noticias\/milho-se-aproxima-de-r--70-e-vendedores-recuam-a-espera-de-mais-altas_508752.html\">Source link <\/a><\/p>\n","protected":false},"excerpt":{"rendered":"<p>&#13; Pre\u00e7o do milho voltou a subir no mercado interno na \u00faltima semana&#13; &#13; Agrolink&#13; &#13; &#8211; Aline Merladete&#13; &#13;<\/p>\n","protected":false},"author":1,"featured_media":2087,"comment_status":"open","ping_status":"open","sticky":false,"template":"","format":"standard","meta":{"_monsterinsights_skip_tracking":false,"_monsterinsights_sitenote_active":false,"_monsterinsights_sitenote_note":"","_monsterinsights_sitenote_category":0,"_uf_show_specific_survey":0,"_uf_disable_surveys":false,"footnotes":""},"categories":[8,1,14],"tags":[],"class_list":["post-25361","post","type-post","status-publish","format-standard","has-post-thumbnail","hentry","category-agro","category-news","category-politica-agro"],"_links":{"self":[{"href":"https:\/\/agromt.news\/index.php?rest_route=\/wp\/v2\/posts\/25361"}],"collection":[{"href":"https:\/\/agromt.news\/index.php?rest_route=\/wp\/v2\/posts"}],"about":[{"href":"https:\/\/agromt.news\/index.php?rest_route=\/wp\/v2\/types\/post"}],"author":[{"embeddable":true,"href":"https:\/\/agromt.news\/index.php?rest_route=\/wp\/v2\/users\/1"}],"replies":[{"embeddable":true,"href":"https:\/\/agromt.news\/index.php?rest_route=%2Fwp%2Fv2%2Fcomments&post=25361"}],"version-history":[{"count":0,"href":"https:\/\/agromt.news\/index.php?rest_route=\/wp\/v2\/posts\/25361\/revisions"}],"wp:featuredmedia":[{"embeddable":true,"href":"https:\/\/agromt.news\/index.php?rest_route=\/wp\/v2\/media\/2087"}],"wp:attachment":[{"href":"https:\/\/agromt.news\/index.php?rest_route=%2Fwp%2Fv2%2Fmedia&parent=25361"}],"wp:term":[{"taxonomy":"category","embeddable":true,"href":"https:\/\/agromt.news\/index.php?rest_route=%2Fwp%2Fv2%2Fcategories&post=25361"},{"taxonomy":"post_tag","embeddable":true,"href":"https:\/\/agromt.news\/index.php?rest_route=%2Fwp%2Fv2%2Ftags&post=25361"}],"curies":[{"name":"wp","href":"https:\/\/api.w.org\/{rel}","templated":true}]}}