{"id":25347,"date":"2025-12-08T08:35:16","date_gmt":"2025-12-08T12:35:16","guid":{"rendered":"https:\/\/agromt.news\/?p=25347"},"modified":"2025-12-08T08:35:16","modified_gmt":"2025-12-08T12:35:16","slug":"vbp-do-cafe-sobe-com-clima-favoravel","status":"publish","type":"post","link":"https:\/\/agromt.news\/?p=25347","title":{"rendered":"VBP do caf\u00e9 sobe com clima favor\u00e1vel"},"content":{"rendered":"<p> <br \/>\n<\/p>\n<div>\n<div class=\"row\">\n<div class=\"col-lg col-infos mt-0 mt-lg-0\">\n<div class=\"section-sub-title\">\n<p itemprop=\"description\">&#13;<br \/>\n                                VBP do caf\u00e9 deve subir para R$ 1,4 bilh\u00f5es em 2025&#13;\n                            <\/p>\n<\/p><\/div>\n<div class=\"container\">\n<div class=\"row\">\n<div class=\"col-lg p-0\">\n<div>\n<div class=\"block-news-main-infos mt-3 text-start\">\n<p>                                            <strong class=\"fn\" itemprop=\"author\" style=\"color: rgb(112, 112, 112); \">&#13;<br \/>\n                                                <a href=\"https:\/\/www.agrolink.com.br\/noticias\/javascript:;\" class=\"text-uppercase\" target=\"_blank\" style=\"color: rgb(112, 112, 112); \" rel=\"noopener\">Agrolink<\/a>&#13;<br \/>\n&#13;<br \/>\n                                                    &#8211; Seane Lennon&#13;<br \/>\n&#13;<br \/>\n                                            <\/strong><br \/>\n                                        <\/p>\n<p>                                            <abbr><time datetime=\"2025 - 12 - 05T18:22\" itemprop=\"datePublished dateModified\"> Publicado em 05\/12\/2025 \u00e0s 18:22h.<\/time><\/abbr>\n                                    <\/div>\n<\/p><\/div>\n<\/p><\/div>\n<div class=\"col-lg p-0 text-lg-end\">\n<div>\n<div id=\"mdEnviarPagina\" class=\"modal fade\" role=\"dialog\">\n<div class=\"modal-dialog\">\n<div class=\"modal-content\">\n<div class=\"modal-body\">\n<p><strong>Estimado usu\u00e1rio.<\/strong><br \/>Preencha o formul\u00e1rio abaixo para remeter a p\u00e1gina.<\/p>\n<\/p><\/div>\n<\/p><\/div>\n<\/p><\/div>\n<\/div><\/div>\n<\/p><\/div>\n<\/p><\/div>\n<\/p><\/div>\n<\/p><\/div>\n<\/p><\/div>\n<div class=\"row justify-content-md-center mt-3\">\n<div class=\"col-lg-auto col-image block-news-main-image\">\n<p>                                <img decoding=\"async\" src=\"https:\/\/www.agrolink.com.br\/upload\/imagens-resizes\/5e07d54ec73a47b88c7c80dbd4da139c_858x483.jpg\" class=\"lazyload img-fluid\"\/><br \/>\n                                                <span class=\"publicity-photo d-block mt-1\">Foto: Pixabay<\/span><\/p><\/div>\n<\/p><\/div>\n<div class=\"section-description section-description-noticias mt-3\">\n<p style=\"text-align:justify\">O Valor Bruto da Produ\u00e7\u00e3o (VBP) do caf\u00e9 deve registrar nova alta em 2025, alcan\u00e7ando aproximadamente R$ 1,4 bilh\u00e3o, segundo o Boletim de Conjuntura Agropecu\u00e1ria divulgado nesta quinta-feira (4) pelo Departamento de Economia Rural (Deral), da Secretaria de Estado da Agricultura e do Abastecimento (Seab). O n\u00famero supera o montante de R$ 1,1 bilh\u00e3o estimado para 2024.&#13;\n<\/p>\n<p style=\"text-align:justify\">De acordo com o boletim, a proje\u00e7\u00e3o \u00e9 sustentada pela produ\u00e7\u00e3o prevista de 745 mil sacas de caf\u00e9 beneficiado, volume 10% maior que as 679 mil sacas colhidas em 2024. Os analistas afirmam que \u201cas condi\u00e7\u00f5es clim\u00e1ticas foram mais favor\u00e1veis neste ano, especialmente quanto \u00e0 disponibilidade h\u00eddrica\u201d, o que contribuiu para o avan\u00e7o da produtividade e para a qualidade do produto colhido.<\/p>\n<p style=\"text-align:justify\">O documento aponta que mais de 80% da produ\u00e7\u00e3o j\u00e1 foi comercializada, com valores considerados positivos pelos t\u00e9cnicos. Segundo o Deral, \u201ca maior parte do volume vendido ocorreu em um patamar superior a R$ 2.000 por saca\u201d, ficando abaixo desse n\u00edvel apenas entre julho e agosto, durante o pico da entrada da safra. A tend\u00eancia \u00e9 de que o pre\u00e7o m\u00e9dio permane\u00e7a pr\u00f3ximo desse valor, mesmo diante de eventual recuo das cota\u00e7\u00f5es nos pr\u00f3ximos meses.&#13;\n<\/p>\n<p style=\"text-align:justify\">Em 2024, o pre\u00e7o m\u00e9dio registrado foi de R$ 1.668,60 por saca, o que indica uma alta aproximada de 15% em rela\u00e7\u00e3o \u00e0 safra atual. O boletim tamb\u00e9m destaca que, diferentemente do ciclo anterior, \u201co produtor pode se apropriar de maneira muito mais efetiva dos bons pre\u00e7os\u201d, j\u00e1 que, no ano passado, as valoriza\u00e7\u00f5es ocorreram apenas nos momentos finais da comercializa\u00e7\u00e3o.<\/p>\n<p style=\"text-align:justify\">O custo de produ\u00e7\u00e3o rec\u00e9m-divulgado aponta um total de R$ 1.137,00 para produzir e beneficiar uma saca de caf\u00e9. De acordo com os analistas, esse valor \u00e9 coberto com folga pelos pre\u00e7os m\u00e9dios observados nas duas \u00faltimas safras.<\/p>\n<\/p><\/div>\n<\/p><\/div>\n<p><script data-cfasync=\"false\">\n    !function (f, b, e, v, n, t, s) {\n        if (f.fbq) return; n = f.fbq = function () {\n            n.callMethod ?\n                n.callMethod.apply(n, arguments) : n.queue.push(arguments)\n        };\n        if (!f._fbq) f._fbq = n; n.push = n; n.loaded = !0; n.version = '2.0';\n        n.queue = []; t = b.createElement(e); t.async = !0;\n        t.src = v; s = b.getElementsByTagName(e)[0];\n        s.parentNode.insertBefore(t, s)\n    }(window, document, 'script',\n        'https:\/\/connect.facebook.net\/en_US\/fbevents.js');\n    fbq('init', '522546078623747');\n    fbq('track', 'PageView');\n<\/script><br \/>\n<br \/><br \/>\n<br \/><a href=\"https:\/\/www.agrolink.com.br\/noticias\/vbp-do-cafe-sobe-com-clima-favoravel_508731.html\">Source link <\/a><\/p>\n","protected":false},"excerpt":{"rendered":"<p>&#13; VBP do caf\u00e9 deve subir para R$ 1,4 bilh\u00f5es em 2025&#13; &#13; Agrolink&#13; &#13; &#8211; Seane Lennon&#13; &#13; Publicado<\/p>\n","protected":false},"author":1,"featured_media":4520,"comment_status":"open","ping_status":"open","sticky":false,"template":"","format":"standard","meta":{"_monsterinsights_skip_tracking":false,"_monsterinsights_sitenote_active":false,"_monsterinsights_sitenote_note":"","_monsterinsights_sitenote_category":0,"_uf_show_specific_survey":0,"_uf_disable_surveys":false,"footnotes":""},"categories":[8,1,14],"tags":[],"class_list":["post-25347","post","type-post","status-publish","format-standard","has-post-thumbnail","hentry","category-agro","category-news","category-politica-agro"],"_links":{"self":[{"href":"https:\/\/agromt.news\/index.php?rest_route=\/wp\/v2\/posts\/25347"}],"collection":[{"href":"https:\/\/agromt.news\/index.php?rest_route=\/wp\/v2\/posts"}],"about":[{"href":"https:\/\/agromt.news\/index.php?rest_route=\/wp\/v2\/types\/post"}],"author":[{"embeddable":true,"href":"https:\/\/agromt.news\/index.php?rest_route=\/wp\/v2\/users\/1"}],"replies":[{"embeddable":true,"href":"https:\/\/agromt.news\/index.php?rest_route=%2Fwp%2Fv2%2Fcomments&post=25347"}],"version-history":[{"count":0,"href":"https:\/\/agromt.news\/index.php?rest_route=\/wp\/v2\/posts\/25347\/revisions"}],"wp:featuredmedia":[{"embeddable":true,"href":"https:\/\/agromt.news\/index.php?rest_route=\/wp\/v2\/media\/4520"}],"wp:attachment":[{"href":"https:\/\/agromt.news\/index.php?rest_route=%2Fwp%2Fv2%2Fmedia&parent=25347"}],"wp:term":[{"taxonomy":"category","embeddable":true,"href":"https:\/\/agromt.news\/index.php?rest_route=%2Fwp%2Fv2%2Fcategories&post=25347"},{"taxonomy":"post_tag","embeddable":true,"href":"https:\/\/agromt.news\/index.php?rest_route=%2Fwp%2Fv2%2Ftags&post=25347"}],"curies":[{"name":"wp","href":"https:\/\/api.w.org\/{rel}","templated":true}]}}