{"id":25274,"date":"2025-12-05T19:31:05","date_gmt":"2025-12-05T23:31:05","guid":{"rendered":"https:\/\/agromt.news\/?p=25274"},"modified":"2025-12-05T19:31:05","modified_gmt":"2025-12-05T23:31:05","slug":"veja-como-o-mercado-fechou-a-semana-2","status":"publish","type":"post","link":"https:\/\/agromt.news\/?p=25274","title":{"rendered":"veja como o mercado fechou a semana"},"content":{"rendered":"<p> <br \/>\n<br \/><img decoding=\"async\" src=\"https:\/\/imagens-cdn.canalrural.com.br\/wp-content\/uploads\/boi-gordo-mt.jpg\" \/><\/p>\n<div>\n<p>O mercado f\u00edsico do boi gordo apresenta predominante acomoda\u00e7\u00e3o em seus pre\u00e7os no decorrer desta sexta-feira (5), com muitas ind\u00fastrias ausentes da compra de gado. <\/p>\n<p>De acordo com o analista da consultoria Safras &amp; Mercado Fernando Henrique Iglesias, a abertura dos pre\u00e7os deve ocorrer entre segunda e ter\u00e7a-feira.<\/p>\n<p>\u201cSob o prisma da demanda, o mercado ainda conta com sinais de aquecimento, com a demanda interna em seu auge, somado ao forte ritmo de embarques. \u00c9 v\u00e1lido mencionar que os frigor\u00edficos de maior porte sinalizam para escalas de abate confort\u00e1veis, o que pode limitar altas mais consistentes\u201d, disse.<\/p>\n<h2 class=\"wp-block-heading\" id=\"h-precos-medios-da-arroba-do-boi\">Pre\u00e7os m\u00e9dios da arroba do boi<\/h2>\n<ul class=\"wp-block-list\">\n<li><strong>S\u00e3o Paulo: <\/strong>R$ 324,50 \u2014 ontem: R$ 324,00<\/li>\n<li><strong>Goi\u00e1s:<\/strong> R$ 315,71 \u2014 R$ 316,25<\/li>\n<li><strong>Minas Gerais:<\/strong> R$ 320,18 \u2014 R$ 320,53<\/li>\n<li><strong>Mato Grosso do Sul:<\/strong> R$ 320,00 \u2014 R$ 320,23<\/li>\n<li><strong>Mato Grosso:<\/strong> R$ 302,43 \u2014 R$ 301,49<\/li>\n<\/ul>\n<h2 class=\"wp-block-heading\" id=\"h-mercado-atacadista\">Mercado atacadista<\/h2>\n<p>O mercado atacadista encerra a semana apresentando manuten\u00e7\u00e3o do padr\u00e3o dos neg\u00f3cios no decorrer da sexta-feira. <\/p>\n<p>Segundo Iglesias, o ambiente de neg\u00f3cios ainda sugere por novos reajustes dos pre\u00e7os, em especial dos cortes do traseiro bovino, muito demandados nessa \u00e9poca do ano, considerando o impacto da entrada do 13\u00ba terceiro sal\u00e1rio, cria\u00e7\u00e3o dos postos tempor\u00e1rios de emprego e confraterniza\u00e7\u00f5es inerentes ao per\u00edodo.<\/p>\n<ul class=\"wp-block-list\">\n<li><strong>Quarto traseiro:<\/strong> ainda \u00e9 precificado a R$ 26 por quilo;<\/li>\n<li><strong>Quarto dianteiro:<\/strong> segue cotado a R$ 18,50 por quilo;<\/li>\n<li><strong>Ponta de agulha:<\/strong> se mant\u00e9m a R$ 18,50 por quilo.<\/li>\n<\/ul>\n<h2 class=\"wp-block-heading\" id=\"h-cambio\">C\u00e2mbio<\/h2>\n<p>O d\u00f3lar comercial encerrou a sess\u00e3o em alta de 2,33%, sendo negociado a R$ 5,4340 para venda e a R$ 5,4320 para compra. Durante o dia, a moeda norte-americana oscilou entre a m\u00ednima de R$ 5,2980 e a m\u00e1xima de R$ 5,4850. Na semana, a moeda teve valoriza\u00e7\u00e3o de 1,86%.<\/p>\n<\/p><\/div>\n<p><br \/>\n<br \/><a href=\"https:\/\/www.canalrural.com.br\/diversos\/precos-do-boi-gordo-hoje-veja-como-o-mercado-fechou-a-semana\/\">Source link <\/a><\/p>\n","protected":false},"excerpt":{"rendered":"<p>O mercado f\u00edsico do boi gordo apresenta predominante acomoda\u00e7\u00e3o em seus pre\u00e7os no decorrer desta sexta-feira (5), com muitas ind\u00fastrias<\/p>\n","protected":false},"author":1,"featured_media":3665,"comment_status":"open","ping_status":"open","sticky":false,"template":"","format":"standard","meta":{"_monsterinsights_skip_tracking":false,"_monsterinsights_sitenote_active":false,"_monsterinsights_sitenote_note":"","_monsterinsights_sitenote_category":0,"_uf_show_specific_survey":0,"_uf_disable_surveys":false,"footnotes":""},"categories":[1],"tags":[],"class_list":["post-25274","post","type-post","status-publish","format-standard","has-post-thumbnail","hentry","category-news"],"_links":{"self":[{"href":"https:\/\/agromt.news\/index.php?rest_route=\/wp\/v2\/posts\/25274"}],"collection":[{"href":"https:\/\/agromt.news\/index.php?rest_route=\/wp\/v2\/posts"}],"about":[{"href":"https:\/\/agromt.news\/index.php?rest_route=\/wp\/v2\/types\/post"}],"author":[{"embeddable":true,"href":"https:\/\/agromt.news\/index.php?rest_route=\/wp\/v2\/users\/1"}],"replies":[{"embeddable":true,"href":"https:\/\/agromt.news\/index.php?rest_route=%2Fwp%2Fv2%2Fcomments&post=25274"}],"version-history":[{"count":0,"href":"https:\/\/agromt.news\/index.php?rest_route=\/wp\/v2\/posts\/25274\/revisions"}],"wp:featuredmedia":[{"embeddable":true,"href":"https:\/\/agromt.news\/index.php?rest_route=\/wp\/v2\/media\/3665"}],"wp:attachment":[{"href":"https:\/\/agromt.news\/index.php?rest_route=%2Fwp%2Fv2%2Fmedia&parent=25274"}],"wp:term":[{"taxonomy":"category","embeddable":true,"href":"https:\/\/agromt.news\/index.php?rest_route=%2Fwp%2Fv2%2Fcategories&post=25274"},{"taxonomy":"post_tag","embeddable":true,"href":"https:\/\/agromt.news\/index.php?rest_route=%2Fwp%2Fv2%2Ftags&post=25274"}],"curies":[{"name":"wp","href":"https:\/\/api.w.org\/{rel}","templated":true}]}}