{"id":25272,"date":"2025-12-05T18:59:50","date_gmt":"2025-12-05T22:59:50","guid":{"rendered":"https:\/\/agromt.news\/?p=25272"},"modified":"2025-12-05T18:59:50","modified_gmt":"2025-12-05T22:59:50","slug":"a-escolha-de-bolsonaro-por-flavio-pode-unir-a-direita-ou-nao","status":"publish","type":"post","link":"https:\/\/agromt.news\/?p=25272","title":{"rendered":"A escolha de Bolsonaro por Fl\u00e1vio pode unir a direita, ou n\u00e3o?"},"content":{"rendered":"<p> <br \/>\n<\/p>\n<div>\n<p>A decis\u00e3o de Jair Bolsonaro de indicar seu filho Fl\u00e1vio como candidato da direita \u00e0 Presid\u00eancia em 2026 \u00e9 um movimento que combina sobreviv\u00eancia, risco e instinto pol\u00edtico. <\/p>\n<p>O gesto preserva o sobrenome que mobiliza parte significativa do eleitorado conservador, mas tamb\u00e9m coloca o campo da direita diante de um dilema grave: seguir unido em torno da fam\u00edlia Bolsonaro ou buscar uma alternativa capaz de ampliar votos e dialogar com o centro.<\/p>\n<p>A indica\u00e7\u00e3o acontece em um momento de turbul\u00eancia in\u00e9dita. Bolsonaro est\u00e1 ineleg\u00edvel, enfrenta problemas judiciais e depende do capital pol\u00edtico que ainda possui para manter seu grupo vivo. O nome de Fl\u00e1vio surge como a solu\u00e7\u00e3o \u201cnatural\u201d para quem deseja preservar a identidade do bolsonarismo, mas essa solu\u00e7\u00e3o cobra um pre\u00e7o alto.<\/p>\n<p>A pergunta central \u00e9: Fl\u00e1vio Bolsonaro consegue unir a direita ou apenas o n\u00facleo bolsonarista?<\/p>\n<h2 class=\"wp-block-heading\" id=\"h-cenario-1-a-direita-se-une-e-flavio-se-fortalece\">Cen\u00e1rio 1: a direita se une e Fl\u00e1vio se fortalece<\/h2>\n<p>No cen\u00e1rio mais favor\u00e1vel, os governadores aliados, especialmente em S\u00e3o Paulo, Rio de Janeiro e Santa Catarina, aceitam a candidatura sem resist\u00eancia. A centro-direita decide que derrotar a esquerda vale mais do que discutir sucess\u00e3o familiar. <\/p>\n<p>A presen\u00e7a de palanques fortes eleva a visibilidade de Fl\u00e1vio, enquanto o pr\u00f3prio Jair Bolsonaro atua como cabo eleitoral, mobilizando uma base fiel e ruidosa.<\/p>\n<p>Se, nesse processo, Fl\u00e1vio adotar um discurso econ\u00f4mico moderado e apresentar uma equipe com nomes respeitados, o mercado reduz a desconfian\u00e7a inicial. O resultado \u00e9 uma candidatura competitiva, com rejei\u00e7\u00e3o estabilizada e capacidade de atrair o eleitor antipetista moderado. Nesse cen\u00e1rio, Fl\u00e1vio chegaria ao segundo turno com for\u00e7a.<\/p>\n<p>\u00c9 um caminho poss\u00edvel, mas exige disciplina pol\u00edtica, o que historicamente nunca foi a maior virtude do grupo.<\/p>\n<h2 class=\"wp-block-heading\" id=\"h-cenario-2-flavio-vira-candidato-da-direita-mas-nao-da-centro-direita\">Cen\u00e1rio 2: Fl\u00e1vio vira candidato da direita, mas n\u00e3o da centro-direita<\/h2>\n<p>Hoje, este parece o cen\u00e1rio mais prov\u00e1vel. O n\u00facleo bolsonarista fecha com Fl\u00e1vio, mas parte da centro-direita hesita. O apoio existe, mas \u00e9 morno. Governadores e dirigentes aceitam o nome para n\u00e3o romper com a base conservadora, mas evitam se comprometer totalmente.<\/p>\n<p>A rejei\u00e7\u00e3o permanece alta, o mercado se mant\u00e9m desconfiado e outros nomes come\u00e7am a orbitar como alternativas mais moderadas. A disputa para ver quem representar\u00e1 efetivamente a \u201cdireita ampliada\u201d cria ru\u00eddo. Esse cen\u00e1rio leva a uma campanha em que Fl\u00e1vio tem for\u00e7a suficiente para ir ao segundo turno, mas n\u00e3o a ponto de chegar fortalecido.<\/p>\n<p>\u00c9 uma candidatura resiliente, por\u00e9m limitada ao teto natural do bolsonarismo.<\/p>\n<h2 class=\"wp-block-heading\" id=\"h-cenario-3-a-indicacao-implode-a-direita\">Cen\u00e1rio 3: a indica\u00e7\u00e3o implode a direita<\/h2>\n<p>No pior cen\u00e1rio, a escolha de Bolsonaro desperta rejei\u00e7\u00e3o expl\u00edcita no centr\u00e3o, nos governadores e em parte da pr\u00f3pria direita. A acusa\u00e7\u00e3o de \u201chereditariedade pol\u00edtica\u201d ganha terreno, e surgem alternativas para substituir o cl\u00e3 na disputa presidencial. Sem unidade, o campo conservador se fragmenta em tr\u00eas ou quatro candidaturas vi\u00e1veis.<\/p>\n<p>Somam-se a isso o desgaste judicial do ex-presidente, volatilidade econ\u00f4mica e a rejei\u00e7\u00e3o hist\u00f3rica ao sobrenome Bolsonaro \u2014 o que empurra o mercado, partidos e lideran\u00e7as a buscar outro caminho. Nesse ambiente, Fl\u00e1vio se torna candidato de nicho, com 18% a 22% dos votos, incapaz de ir ao segundo turno.<\/p>\n<p>Esse \u00e9, politicamente, o maior risco para a direita: sacrificar 2026 em nome da manuten\u00e7\u00e3o de um projeto familiar.<\/p>\n<h2 class=\"wp-block-heading\" id=\"h-a-escolha-que-define-o-futuro-da-direita\">A escolha que define o futuro da direita<\/h2>\n<p>A designa\u00e7\u00e3o de Fl\u00e1vio Bolsonaro \u00e9 um movimento que simboliza mais do que a sucess\u00e3o de Jair Bolsonaro. Representa a disputa entre identidade e viabilidade eleitoral. Manter o n\u00facleo do bolsonarismo unido \u00e9 fundamental para qualquer projeto conservador \u2014 mas isso n\u00e3o necessariamente garante competitividade nacional.<\/p>\n<p>O sobrenome Bolsonaro continua poderoso. Mobiliza, arrasta multid\u00f5es, cria engajamento. Mas tamb\u00e9m imp\u00f5e um teto eleitoral e uma rejei\u00e7\u00e3o alta. A pergunta que a direita precisa responder \u00e9 simples e brutal: vale mais preservar o bolsonarismo como s\u00edmbolo ou maximizar as chances de vit\u00f3ria em 2026?<\/p>\n<p>A resposta, qualquer que seja, definir\u00e1 o caminho pol\u00edtico do pa\u00eds nos pr\u00f3ximos anos.<\/p>\n<div class=\"wp-block-media-text is-stacked-on-mobile\">\n<figure class=\"wp-block-media-text__media\"><img fetchpriority=\"high\" decoding=\"async\" width=\"683\" height=\"1024\" alt=\"Miguel Daoud\" class=\"wp-image-4095706 size-full\"  data-lazy- src=\"https:\/\/agromt.news\/wp-content\/uploads\/2025\/12\/A-escolha-de-Bolsonaro-por-Flavio-pode-unir-a-direita.jpg\"\/><img decoding=\"async\" width=\"683\" height=\"1024\" src=\"https:\/\/agromt.news\/wp-content\/uploads\/2025\/12\/A-escolha-de-Bolsonaro-por-Flavio-pode-unir-a-direita.jpg\" alt=\"Miguel Daoud\" class=\"wp-image-4095706 size-full\"  \/><\/figure>\n<div class=\"wp-block-media-text__content\">\n<p class=\"has-text-align-center\">*<em><strong>Miguel Daoud<\/strong>\u00a0\u00e9 comentarista de Economia e Pol\u00edtica\u00a0do Canal Rural<\/em><\/p>\n<\/div>\n<\/div>\n<hr class=\"wp-block-separator has-alpha-channel-opacity\"\/>\n<p><em>O\u00a0<strong>Canal Rural<\/strong>\u00a0n\u00e3o se responsabiliza pelas opini\u00f5es e conceitos emitidos nos textos desta sess\u00e3o, sendo os conte\u00fados de inteira responsabilidade de seus autores. A empresa se reserva o direito de fazer ajustes no texto para adequa\u00e7\u00e3o \u00e0s normas de publica\u00e7\u00e3o.<\/em><\/p>\n<\/p><\/div>\n<p><br \/>\n<br \/><a href=\"https:\/\/www.canalrural.com.br\/opiniao-noticias\/a-escolha-de-bolsonaro-por-flavio-pode-unir-a-direita-ou-nao\/\">Source link <\/a><\/p>\n","protected":false},"excerpt":{"rendered":"<p>A decis\u00e3o de Jair Bolsonaro de indicar seu filho Fl\u00e1vio como candidato da direita \u00e0 Presid\u00eancia em 2026 \u00e9 um<\/p>\n","protected":false},"author":1,"featured_media":25273,"comment_status":"open","ping_status":"open","sticky":false,"template":"","format":"standard","meta":{"_monsterinsights_skip_tracking":false,"_monsterinsights_sitenote_active":false,"_monsterinsights_sitenote_note":"","_monsterinsights_sitenote_category":0,"_uf_show_specific_survey":0,"_uf_disable_surveys":false,"footnotes":""},"categories":[1],"tags":[],"class_list":["post-25272","post","type-post","status-publish","format-standard","has-post-thumbnail","hentry","category-news"],"_links":{"self":[{"href":"https:\/\/agromt.news\/index.php?rest_route=\/wp\/v2\/posts\/25272"}],"collection":[{"href":"https:\/\/agromt.news\/index.php?rest_route=\/wp\/v2\/posts"}],"about":[{"href":"https:\/\/agromt.news\/index.php?rest_route=\/wp\/v2\/types\/post"}],"author":[{"embeddable":true,"href":"https:\/\/agromt.news\/index.php?rest_route=\/wp\/v2\/users\/1"}],"replies":[{"embeddable":true,"href":"https:\/\/agromt.news\/index.php?rest_route=%2Fwp%2Fv2%2Fcomments&post=25272"}],"version-history":[{"count":0,"href":"https:\/\/agromt.news\/index.php?rest_route=\/wp\/v2\/posts\/25272\/revisions"}],"wp:featuredmedia":[{"embeddable":true,"href":"https:\/\/agromt.news\/index.php?rest_route=\/wp\/v2\/media\/25273"}],"wp:attachment":[{"href":"https:\/\/agromt.news\/index.php?rest_route=%2Fwp%2Fv2%2Fmedia&parent=25272"}],"wp:term":[{"taxonomy":"category","embeddable":true,"href":"https:\/\/agromt.news\/index.php?rest_route=%2Fwp%2Fv2%2Fcategories&post=25272"},{"taxonomy":"post_tag","embeddable":true,"href":"https:\/\/agromt.news\/index.php?rest_route=%2Fwp%2Fv2%2Ftags&post=25272"}],"curies":[{"name":"wp","href":"https:\/\/api.w.org\/{rel}","templated":true}]}}