{"id":25271,"date":"2025-12-05T18:53:35","date_gmt":"2025-12-05T22:53:35","guid":{"rendered":"https:\/\/agromt.news\/?p=25271"},"modified":"2025-12-05T18:53:35","modified_gmt":"2025-12-05T22:53:35","slug":"preco-do-arroz-cai-no-rs-com-baixa-demanda-e-exportacao","status":"publish","type":"post","link":"https:\/\/agromt.news\/?p=25271","title":{"rendered":"Pre\u00e7o do arroz cai no RS com baixa demanda e exporta\u00e7\u00e3o"},"content":{"rendered":"<p> <br \/>\n<\/p>\n<div>\n<div class=\"row\">\n<div class=\"col-lg col-infos mt-0 mt-lg-0\">\n<div class=\"section-sub-title\">\n<p itemprop=\"description\">&#13;<br \/>\n                                Pre\u00e7os do arroz atingem m\u00ednima de quatro anos com baixa demanda e exporta\u00e7\u00e3o&#13;\n                            <\/p>\n<\/p><\/div>\n<div class=\"container\">\n<div class=\"row\">\n<div class=\"col-lg p-0 text-lg-end\">\n<div>\n<div id=\"mdEnviarPagina\" class=\"modal fade\" role=\"dialog\">\n<div class=\"modal-dialog\">\n<div class=\"modal-content\">\n<div class=\"modal-body\">\n<p><strong>Estimado usu\u00e1rio.<\/strong><br \/>Preencha o formul\u00e1rio abaixo para remeter a p\u00e1gina.<\/p>\n<\/p><\/div>\n<\/p><\/div>\n<\/p><\/div>\n<\/div><\/div>\n<\/p><\/div>\n<\/p><\/div>\n<\/p><\/div>\n<\/p><\/div>\n<\/p><\/div>\n<div class=\"row justify-content-md-center mt-3\">\n<div class=\"col-lg-auto col-image block-news-main-image\">\n<p>                                <img decoding=\"async\" src=\"https:\/\/www.agrolink.com.br\/upload\/imagens-resizes\/8eb0017e635c4b66a5fe4ac93593caa6_858x483.jpg\" class=\"lazyload img-fluid\"\/><br \/>\n                                                <span class=\"publicity-photo d-block mt-1\">Foto: Divulga\u00e7\u00e3o <\/span><\/p><\/div>\n<\/p><\/div>\n<div class=\"section-description section-description-noticias mt-3\">\n<p style=\"text-align:justify\">Diante da baixa necessidade de compras no spot por parte da ind\u00fastria e do enfraquecimento das exporta\u00e7\u00f5es, o mercado de <a href=\"https:\/\/www.agrolink.com.br\/culturas\/arroz\/?utm_source=agrolink-detalhe-noticia&amp;utm_medium=detalhe-noticia&amp;utm_campaign=links-internos\" target=\"_blank\" rel=\"noopener\">arroz<\/a> em casca no Rio Grande do Sul permaneceu sob forte press\u00e3o baixista ao longo de novembro.\u00a0Segundo pesquisadores do Cepea, esse cen\u00e1rio, aliado ao avan\u00e7o da semeadura e ao escoamento lento, levou as cota\u00e7\u00f5es aos menores patamares em mais de quatro anos.\u00a0&#13;\n<\/p>\n<p style=\"text-align:justify\">O Indicador CEPEA\/IRGA-RS (58% de gr\u00e3os inteiros, pagamento \u00e0 vista) encerrou novembro a R$ 53,28\/saca, o mais baixo desde a primeira semana de abril de 2020 e acumulando quedas de 5,4% no m\u00eas e de 46,27% no ano.\u00a0No campo, o cultivo da safra 2025\/26 se aproxima do fim no Rio Grande do Sul, principal estado produtor.&#13;\n<\/p>\n<p style=\"text-align:justify\">O clima tem favorecido o desenvolvimento das lavouras, sustentando a expectativa de maior produtividade nesta temporada. Segundo o Irga, at\u00e9 o dia 27, a semeadura havia atingido 92% da \u00e1rea prevista, avan\u00e7o de 2,8 pontos percentuais em uma semana.<\/p>\n<\/p><\/div>\n<\/p><\/div>\n<p><script data-cfasync=\"false\">\n    !function (f, b, e, v, n, t, s) {\n        if (f.fbq) return; n = f.fbq = function () {\n            n.callMethod ?\n                n.callMethod.apply(n, arguments) : n.queue.push(arguments)\n        };\n        if (!f._fbq) f._fbq = n; n.push = n; n.loaded = !0; n.version = '2.0';\n        n.queue = []; t = b.createElement(e); t.async = !0;\n        t.src = v; s = b.getElementsByTagName(e)[0];\n        s.parentNode.insertBefore(t, s)\n    }(window, document, 'script',\n        'https:\/\/connect.facebook.net\/en_US\/fbevents.js');\n    fbq('init', '522546078623747');\n    fbq('track', 'PageView');\n<\/script><br \/>\n<br \/><br \/>\n<br \/><a href=\"https:\/\/www.agrolink.com.br\/noticias\/arroz-cepea--industria-retraida-e-exportacoes-fracas-mantem-pressao_508682.html\">Source link <\/a><\/p>\n","protected":false},"excerpt":{"rendered":"<p>&#13; Pre\u00e7os do arroz atingem m\u00ednima de quatro anos com baixa demanda e exporta\u00e7\u00e3o&#13; Estimado usu\u00e1rio.Preencha o formul\u00e1rio abaixo para<\/p>\n","protected":false},"author":1,"featured_media":3259,"comment_status":"open","ping_status":"open","sticky":false,"template":"","format":"standard","meta":{"_monsterinsights_skip_tracking":false,"_monsterinsights_sitenote_active":false,"_monsterinsights_sitenote_note":"","_monsterinsights_sitenote_category":0,"_uf_show_specific_survey":0,"_uf_disable_surveys":false,"footnotes":""},"categories":[8,1,14],"tags":[],"class_list":["post-25271","post","type-post","status-publish","format-standard","has-post-thumbnail","hentry","category-agro","category-news","category-politica-agro"],"_links":{"self":[{"href":"https:\/\/agromt.news\/index.php?rest_route=\/wp\/v2\/posts\/25271"}],"collection":[{"href":"https:\/\/agromt.news\/index.php?rest_route=\/wp\/v2\/posts"}],"about":[{"href":"https:\/\/agromt.news\/index.php?rest_route=\/wp\/v2\/types\/post"}],"author":[{"embeddable":true,"href":"https:\/\/agromt.news\/index.php?rest_route=\/wp\/v2\/users\/1"}],"replies":[{"embeddable":true,"href":"https:\/\/agromt.news\/index.php?rest_route=%2Fwp%2Fv2%2Fcomments&post=25271"}],"version-history":[{"count":0,"href":"https:\/\/agromt.news\/index.php?rest_route=\/wp\/v2\/posts\/25271\/revisions"}],"wp:featuredmedia":[{"embeddable":true,"href":"https:\/\/agromt.news\/index.php?rest_route=\/wp\/v2\/media\/3259"}],"wp:attachment":[{"href":"https:\/\/agromt.news\/index.php?rest_route=%2Fwp%2Fv2%2Fmedia&parent=25271"}],"wp:term":[{"taxonomy":"category","embeddable":true,"href":"https:\/\/agromt.news\/index.php?rest_route=%2Fwp%2Fv2%2Fcategories&post=25271"},{"taxonomy":"post_tag","embeddable":true,"href":"https:\/\/agromt.news\/index.php?rest_route=%2Fwp%2Fv2%2Ftags&post=25271"}],"curies":[{"name":"wp","href":"https:\/\/api.w.org\/{rel}","templated":true}]}}