{"id":25263,"date":"2025-12-05T16:52:05","date_gmt":"2025-12-05T20:52:05","guid":{"rendered":"https:\/\/agromt.news\/?p=25263"},"modified":"2025-12-05T16:52:05","modified_gmt":"2025-12-05T20:52:05","slug":"leilao-de-gado-nelore-movimenta-a-regiao-da-faria-lima-em-sao-paulo","status":"publish","type":"post","link":"https:\/\/agromt.news\/?p=25263","title":{"rendered":"Leil\u00e3o de gado Nelore movimenta a regi\u00e3o da Faria Lima, em S\u00e3o Paulo"},"content":{"rendered":"<p> <br \/>\n<\/p>\n<div>\n<p>Pela primeira vez, a regi\u00e3o da Faria Lima, um dos endere\u00e7os mais movimentados do centro financeiro de S\u00e3o Paulo, recebeu um importante evento da pecu\u00e1ria nacional. O 2\u00b0 Leil\u00e3o Nelore da M\u00f4nica levou exemplares de alto padr\u00e3o gen\u00e9tico ao Teatro B32 na noite desta quarta-feira (4), reunindo criadores e investidores de diversas regi\u00f5es do pa\u00eds.<\/p>\n<p>Segundo o gerente do grupo M\u00f4nica Brasil\/Bol\u00edvia, Pedro Marchett, para que os animais chegassem \u00e0 capital paulista, foi necess\u00e1rio um planejamento log\u00edstico. A sele\u00e7\u00e3o do criat\u00f3rio de Uberaba, Minas Gerais, foi deslocada para o Jockey Club antes de seguir para o teatro.<\/p>\n<p>De acordo com o superintendente de pecu\u00e1ria do grupo M\u00f4nica, os cuidados com os animais s\u00e3o di\u00e1rios, tratamentos como: banhos, escova\u00e7\u00e3o, cuidados com o pelo e casqueamento para garantir bem-estar adequados. \u201cS\u00e3o animais que exigem uma aten\u00e7\u00e3o di\u00e1ria\u201d, destaca.<\/p>\n<figure class=\"wp-block-image size-large\"><img fetchpriority=\"high\" decoding=\"async\" width=\"1024\" height=\"576\" src=\"https:\/\/agromt.news\/wp-content\/uploads\/2025\/12\/Leilao-de-gado-Nelore-movimenta-a-regiao-da-Faria-Lima.jpeg\" alt=\"Gado Nelore\" class=\"wp-image-4143906\"  \/><figcaption class=\"wp-element-caption\">Foto: reprodu\u00e7\u00e3o\/Mercado &amp; Companhia<\/figcaption><\/figure>\n<h3 class=\"wp-block-heading\" id=\"h-genetica-de-destaque\"><strong>Gen\u00e9tica de destaque<\/strong><\/h3>\n<p>No total, foram ofertados 27 lotes, incluindo animais, prenhezes e aspira\u00e7\u00f5es. O leil\u00e3o marca quase tr\u00eas d\u00e9cadas desde o primeiro evento promovido pela empresaria do agro, M\u00f4nica Marquett, hoje refer\u00eancia na ra\u00e7a.<\/p>\n<p>\u201cEu tenho uma paix\u00e3o pelo Nelore, por essa ra\u00e7a que \u00e9 maravilhosa, que \u00e9 a mais sustent\u00e1vel do Brasil e qui\u00e7\u00e1 do mundo\u201d, destacou M\u00f4nica Marquett.\u00a0<\/p>\n<p>Entre os destaques est\u00e1 Mira, do grupo M\u00f4nica em parceria com a Casa Branca Agropastoril. A f\u00eamea foi reservada grande campe\u00e3 da ExpoZebu 2024, e teve 33% de sua propriedade colocada \u00e0 venda durante o evento.<\/p>\n<p>\u201cTrouxemos um pouco dos nossos animais para que as pessoas entendam o trabalho de gen\u00e9tica que desenvolvemos. O Nelore chegou onde chegou gra\u00e7as ao empenho de criadores, pecuaristas e empres\u00e1rios que se dedicaram para o melhoramento\u201d, afirmou M\u00f4nica Marquett.<\/p>\n<h3 class=\"wp-block-heading\" id=\"h-encerramento-do-calendario-e-tradicao-na-faria-lima\"><strong>Encerramento do calend\u00e1rio e tradi\u00e7\u00e3o na Faria Lima<\/strong><\/h3>\n<p>O Leil\u00e3o Nelore da M\u00f4nica encerra o calend\u00e1rio anual da ra\u00e7a e se consolida como um dos eventos mais prestigiados do setor.<\/p>\n<p>O encontro refor\u00e7a a for\u00e7a do Nelore no pa\u00eds, movimentando investimentos, estimulando o interc\u00e2mbio gen\u00e9tico e aproximando o setor produtivo do centro econ\u00f4mico brasileiro.<\/p>\n<\/p><\/div>\n<p><br \/>\n<br \/><a href=\"https:\/\/www.canalrural.com.br\/pecuaria\/leilao-de-gado-nelore-movimenta-a-regiao-da-faria-lima-em-sao-paulo\/\">Source link <\/a><\/p>\n","protected":false},"excerpt":{"rendered":"<p>Pela primeira vez, a regi\u00e3o da Faria Lima, um dos endere\u00e7os mais movimentados do centro financeiro de S\u00e3o Paulo, recebeu<\/p>\n","protected":false},"author":1,"featured_media":25264,"comment_status":"open","ping_status":"open","sticky":false,"template":"","format":"standard","meta":{"_monsterinsights_skip_tracking":false,"_monsterinsights_sitenote_active":false,"_monsterinsights_sitenote_note":"","_monsterinsights_sitenote_category":0,"_uf_show_specific_survey":0,"_uf_disable_surveys":false,"footnotes":""},"categories":[1],"tags":[],"class_list":["post-25263","post","type-post","status-publish","format-standard","has-post-thumbnail","hentry","category-news"],"_links":{"self":[{"href":"https:\/\/agromt.news\/index.php?rest_route=\/wp\/v2\/posts\/25263"}],"collection":[{"href":"https:\/\/agromt.news\/index.php?rest_route=\/wp\/v2\/posts"}],"about":[{"href":"https:\/\/agromt.news\/index.php?rest_route=\/wp\/v2\/types\/post"}],"author":[{"embeddable":true,"href":"https:\/\/agromt.news\/index.php?rest_route=\/wp\/v2\/users\/1"}],"replies":[{"embeddable":true,"href":"https:\/\/agromt.news\/index.php?rest_route=%2Fwp%2Fv2%2Fcomments&post=25263"}],"version-history":[{"count":0,"href":"https:\/\/agromt.news\/index.php?rest_route=\/wp\/v2\/posts\/25263\/revisions"}],"wp:featuredmedia":[{"embeddable":true,"href":"https:\/\/agromt.news\/index.php?rest_route=\/wp\/v2\/media\/25264"}],"wp:attachment":[{"href":"https:\/\/agromt.news\/index.php?rest_route=%2Fwp%2Fv2%2Fmedia&parent=25263"}],"wp:term":[{"taxonomy":"category","embeddable":true,"href":"https:\/\/agromt.news\/index.php?rest_route=%2Fwp%2Fv2%2Fcategories&post=25263"},{"taxonomy":"post_tag","embeddable":true,"href":"https:\/\/agromt.news\/index.php?rest_route=%2Fwp%2Fv2%2Ftags&post=25263"}],"curies":[{"name":"wp","href":"https:\/\/api.w.org\/{rel}","templated":true}]}}