{"id":25261,"date":"2025-12-05T16:50:20","date_gmt":"2025-12-05T20:50:20","guid":{"rendered":"https:\/\/agromt.news\/?p=25261"},"modified":"2025-12-05T16:50:20","modified_gmt":"2025-12-05T20:50:20","slug":"mg-enfrenta-falta-de-29-milhoes-de-toneladas-de-capacidade-de-armazenamento","status":"publish","type":"post","link":"https:\/\/agromt.news\/?p=25261","title":{"rendered":"MG enfrenta falta de 2,9 milh\u00f5es de toneladas de capacidade de armazenamento"},"content":{"rendered":"<p> <br \/>\n<\/p>\n<div>\n<div class=\"row\">\n<div class=\"col-lg col-infos mt-0 mt-lg-0\">\n<div class=\"section-sub-title\">\n<p itemprop=\"description\">&#13;<br \/>\n                                D\u00e9ficit de armazenagem em Minas Gerais refor\u00e7a papel das estruturas modulares&#13;\n                            <\/p>\n<\/p><\/div>\n<div class=\"container\">\n<div class=\"row\">\n<div class=\"col-lg p-0 text-lg-end\">\n<div>\n<div id=\"mdEnviarPagina\" class=\"modal fade\" role=\"dialog\">\n<div class=\"modal-dialog\">\n<div class=\"modal-content\">\n<div class=\"modal-body\">\n<p><strong>Estimado usu\u00e1rio.<\/strong><br \/>Preencha o formul\u00e1rio abaixo para remeter a p\u00e1gina.<\/p>\n<\/p><\/div>\n<\/p><\/div>\n<\/p><\/div>\n<\/div><\/div>\n<\/p><\/div>\n<\/p><\/div>\n<\/p><\/div>\n<\/p><\/div>\n<\/p><\/div>\n<div class=\"row justify-content-md-center mt-3\">\n<div class=\"col-lg-auto col-image block-news-main-image\">\n<p>                                <img decoding=\"async\" src=\"https:\/\/www.agrolink.com.br\/upload\/imagens-resizes\/a1cbbc6ce85548c2b0ad9ee761f6c1d4_858x483.jpg\" class=\"lazyload img-fluid\"\/><br \/>\n                                                <span class=\"publicity-photo d-block mt-1\">Foto: Divulga\u00e7\u00e3o<\/span><\/p><\/div>\n<\/p><\/div>\n<div class=\"section-description section-description-noticias mt-3\">\n<p style=\"text-align:justify\">A infraestrutura log\u00edstica de Minas Gerais, importante polo industrial do pa\u00eds, voltou ao centro do debate ap\u00f3s o Sindicato das Empresas de Transportes e Cargas Log\u00edsticas de Minas Gerais (SETCEMG) apontar recentemente um d\u00e9ficit de 2,9 milh\u00f5es de toneladas de produtos que deixam de ser armazenados por falta de armaz\u00e9ns e terminais log\u00edsticos. O cen\u00e1rio, al\u00e9m de evidenciar gargalos que afetam diretamente a competitividade das atividades locais, refor\u00e7a a urg\u00eancia por solu\u00e7\u00f5es de implanta\u00e7\u00e3o r\u00e1pida.<br \/>&#13;<br \/>\n\u00a0<br \/>&#13;<br \/>\nEnquanto estruturas de alvenaria podem levar meses ou at\u00e9 anos para serem constru\u00eddas, considerando as etapas de projeto, obras e execu\u00e7\u00e3o, os galp\u00f5es modulares se apresentam como alternativas eficazes e que podem ser instalados em poucas semanas, em qualquer tipo de solo, com possibilidade de expans\u00e3o, \u00a0redu\u00e7\u00e3o ou reloca\u00e7\u00e3o conforme a demanda. Para um estado cuja produ\u00e7\u00e3o cresce mais r\u00e1pido do que a infraestrutura dispon\u00edvel, a modularidade passa a ser um fator decisivo.<br \/>&#13;<br \/>\n\u00a0<br \/>&#13;<br \/>\n&#8220;As empresas mineiras vivem uma press\u00e3o imediata: precisam escoar, estocar e proteger seus produtos agora e n\u00e3o em um ou dois anos. A log\u00edstica n\u00e3o pode parar \u00e0 espera da infraestrutura&#8221;, afirma Sergio Gallucci, diretor Comercial e de Marketing da T\u00f3pico. &#8220;A solu\u00e7\u00e3o modular n\u00e3o substitui investimentos estruturais, mas os complementa e funciona como um \u2018oxig\u00eanio log\u00edstico\u2019, garantindo capacidade de armazenagem no curto, m\u00e9dio e longo prazo, evitando perdas, filas e custos adicionais&#8221;.<br \/>&#13;<br \/>\n\u00a0<br \/>&#13;<br \/>\nAs restri\u00e7\u00f5es de armazenagem tamb\u00e9m se somam aos desafios de transporte, integra\u00e7\u00e3o entre modais e satura\u00e7\u00e3o da infraestrutura rodovi\u00e1ria, o que exige dos setores produtivos estrat\u00e9gias que reduzam o impacto dos gargalos sem comprometer a expans\u00e3o, escoamento e atendimento aos clientes.<br \/>&#13;<br \/>\n\u00a0<br \/>&#13;<br \/>\n&#8220;Cada dia com produto parado por falta de espa\u00e7o representa perda. Por isso, estruturas de montagem r\u00e1pida passaram a integrar de forma estruturada o planejamento log\u00edstico das empresas, especialmente em regi\u00f5es estrat\u00e9gicas como Minas Gerais&#8221;, completa Gallucci.<br \/>&#13;<br \/>\n\u00a0<br \/>&#13;<br \/>\nRegi\u00e3o Estrat\u00e9gica &#8211; Considerando a relev\u00e2ncia log\u00edstica da regi\u00e3o, a T\u00f3pico conta com uma filial em Belo Horizonte para atuar no r\u00e1pido atendimento de parceiros mineiros e em localidades pr\u00f3ximas.<br \/>&#13;<br \/>\n\u00a0<br \/>&#13;<br \/>\n&#8220;Esse ano realizamos um aporte de cerca de R$ 6 milh\u00f5es da unidade por considerarmos a regi\u00e3o estrat\u00e9gica e diversa economicamente, ent\u00e3o segmentos como agroneg\u00f3cio, minera\u00e7\u00e3o, siderurgia, ind\u00fastria e log\u00edstica est\u00e3o presentes em Minas Gerais &#8211; e isso j\u00e1 representa mais de 10% dos novos neg\u00f3cios da empresa&#8221;, pontua o diretor.<br \/>&#13;<br \/>\n\u00a0<br \/>&#13;<br \/>\nHoje, a T\u00f3pico conta com mais de 3 milh\u00f5es de m\u00b2 de galp\u00f5es instalados no pa\u00eds e 200 mil m\u00b2 de estruturas dispon\u00edveis em estoque para pronta entrega.&#13;\n<\/p>\n<\/p><\/div>\n<\/p><\/div>\n<p><script data-cfasync=\"false\">\n    !function (f, b, e, v, n, t, s) {\n        if (f.fbq) return; n = f.fbq = function () {\n            n.callMethod ?\n                n.callMethod.apply(n, arguments) : n.queue.push(arguments)\n        };\n        if (!f._fbq) f._fbq = n; n.push = n; n.loaded = !0; n.version = '2.0';\n        n.queue = []; t = b.createElement(e); t.async = !0;\n        t.src = v; s = b.getElementsByTagName(e)[0];\n        s.parentNode.insertBefore(t, s)\n    }(window, document, 'script',\n        'https:\/\/connect.facebook.net\/en_US\/fbevents.js');\n    fbq('init', '522546078623747');\n    fbq('track', 'PageView');\n<\/script><br \/>\n<br \/><br \/>\n<br \/><a href=\"https:\/\/www.agrolink.com.br\/noticias\/mg-enfrenta-falta-de-2-9-milhoes-de-toneladas-de-capacidade-de-armazenamento_508683.html\">Source link <\/a><\/p>\n","protected":false},"excerpt":{"rendered":"<p>&#13; D\u00e9ficit de armazenagem em Minas Gerais refor\u00e7a papel das estruturas modulares&#13; Estimado usu\u00e1rio.Preencha o formul\u00e1rio abaixo para remeter a<\/p>\n","protected":false},"author":1,"featured_media":25262,"comment_status":"open","ping_status":"open","sticky":false,"template":"","format":"standard","meta":{"_monsterinsights_skip_tracking":false,"_monsterinsights_sitenote_active":false,"_monsterinsights_sitenote_note":"","_monsterinsights_sitenote_category":0,"_uf_show_specific_survey":0,"_uf_disable_surveys":false,"footnotes":""},"categories":[8,1,14],"tags":[],"class_list":["post-25261","post","type-post","status-publish","format-standard","has-post-thumbnail","hentry","category-agro","category-news","category-politica-agro"],"_links":{"self":[{"href":"https:\/\/agromt.news\/index.php?rest_route=\/wp\/v2\/posts\/25261"}],"collection":[{"href":"https:\/\/agromt.news\/index.php?rest_route=\/wp\/v2\/posts"}],"about":[{"href":"https:\/\/agromt.news\/index.php?rest_route=\/wp\/v2\/types\/post"}],"author":[{"embeddable":true,"href":"https:\/\/agromt.news\/index.php?rest_route=\/wp\/v2\/users\/1"}],"replies":[{"embeddable":true,"href":"https:\/\/agromt.news\/index.php?rest_route=%2Fwp%2Fv2%2Fcomments&post=25261"}],"version-history":[{"count":0,"href":"https:\/\/agromt.news\/index.php?rest_route=\/wp\/v2\/posts\/25261\/revisions"}],"wp:featuredmedia":[{"embeddable":true,"href":"https:\/\/agromt.news\/index.php?rest_route=\/wp\/v2\/media\/25262"}],"wp:attachment":[{"href":"https:\/\/agromt.news\/index.php?rest_route=%2Fwp%2Fv2%2Fmedia&parent=25261"}],"wp:term":[{"taxonomy":"category","embeddable":true,"href":"https:\/\/agromt.news\/index.php?rest_route=%2Fwp%2Fv2%2Fcategories&post=25261"},{"taxonomy":"post_tag","embeddable":true,"href":"https:\/\/agromt.news\/index.php?rest_route=%2Fwp%2Fv2%2Ftags&post=25261"}],"curies":[{"name":"wp","href":"https:\/\/api.w.org\/{rel}","templated":true}]}}