{"id":25212,"date":"2025-12-05T00:46:08","date_gmt":"2025-12-05T04:46:08","guid":{"rendered":"https:\/\/agromt.news\/?p=25212"},"modified":"2025-12-05T00:46:08","modified_gmt":"2025-12-05T04:46:08","slug":"brasil-reforca-alerta-apos-psa-em-javalis-na-espanha","status":"publish","type":"post","link":"https:\/\/agromt.news\/?p=25212","title":{"rendered":"Brasil refor\u00e7a alerta ap\u00f3s PSA em javalis na Espanha"},"content":{"rendered":"<p> <br \/>\n<\/p>\n<div>\n<div class=\"row\">\n<div class=\"col-lg col-infos mt-0 mt-lg-0\">\n<div class=\"section-sub-title\">\n<p itemprop=\"description\">&#13;<br \/>\n                                Trata-se do primeiro epis\u00f3dio da doen\u00e7a na Espanha desde 1994.&#13;\n                            <\/p>\n<\/p><\/div>\n<div class=\"container\">\n<div class=\"row\">\n<div class=\"col-lg p-0\">\n<div>\n<div class=\"block-news-main-infos mt-3 text-start\">\n<p>                                            <strong class=\"fn\" itemprop=\"author\" style=\"color: rgb(112, 112, 112); \">&#13;<br \/>\n                                                <a href=\"https:\/\/www.agrolink.com.br\/noticias\/javascript:;\" class=\"text-uppercase\" target=\"_blank\" style=\"color: rgb(112, 112, 112); \" rel=\"noopener\">Agrolink<\/a>&#13;<br \/>\n&#13;<br \/>\n                                                    &#8211; Seane Lennon&#13;<br \/>\n&#13;<br \/>\n                                            <\/strong><br \/>\n                                        <\/p>\n<p>                                            <abbr><time datetime=\"2025 - 12 - 04T18:44\" itemprop=\"datePublished dateModified\"> Publicado em 04\/12\/2025 \u00e0s 18:44h.<\/time><\/abbr>\n                                    <\/div>\n<\/p><\/div>\n<\/p><\/div>\n<div class=\"col-lg p-0 text-lg-end\">\n<div>\n<div id=\"mdEnviarPagina\" class=\"modal fade\" role=\"dialog\">\n<div class=\"modal-dialog\">\n<div class=\"modal-content\">\n<div class=\"modal-body\">\n<p><strong>Estimado usu\u00e1rio.<\/strong><br \/>Preencha o formul\u00e1rio abaixo para remeter a p\u00e1gina.<\/p>\n<\/p><\/div>\n<\/p><\/div>\n<\/p><\/div>\n<\/div><\/div>\n<\/p><\/div>\n<\/p><\/div>\n<\/p><\/div>\n<\/p><\/div>\n<\/p><\/div>\n<div class=\"row justify-content-md-center mt-3\">\n<div class=\"col-lg-auto col-image block-news-main-image\">\n<p>                                <img decoding=\"async\" src=\"https:\/\/www.agrolink.com.br\/upload\/imagens-resizes\/ffcd07626245464882b127bb1d9f54fe_858x483.jpg\" class=\"lazyload img-fluid\"\/><br \/>\n                                                <span class=\"publicity-photo d-block mt-1\">Foto: Pixabay<\/span><\/p><\/div>\n<\/p><\/div>\n<div class=\"section-description section-description-noticias mt-3\">\n<p style=\"text-align:justify\">O Minist\u00e9rio da Agricultura e Pecu\u00e1ria (Mapa) comunicou que a Organiza\u00e7\u00e3o Mundial de Sa\u00fade Animal (OMSA) foi informada sobre a detec\u00e7\u00e3o de peste su\u00edna africana (PSA) em javalis na prov\u00edncia de Barcelona, na Catalunha, em 26 de novembro. Segundo o \u00f3rg\u00e3o, \u201cat\u00e9 2 de dezembro, nove casos foram confirmados, todos restritos a javalis\u201d, sem registros da enfermidade em su\u00ednos dom\u00e9sticos. Trata-se do primeiro epis\u00f3dio da doen\u00e7a na Espanha desde 1994.&#13;\n<\/p>\n<p style=\"text-align:justify\">A PSA \u00e9 uma infec\u00e7\u00e3o viral que atinge su\u00ednos dom\u00e9sticos, asselvajados e javalis. O Mapa destacou que, embora n\u00e3o represente risco \u00e0 sa\u00fade humana, \u201c\u00e9 de notifica\u00e7\u00e3o obrigat\u00f3ria devido ao seu alto poder de dissemina\u00e7\u00e3o e ao impacto potencial para os sistemas de produ\u00e7\u00e3o\u201d. A presen\u00e7a de carrapatos do g\u00eanero Ornithodoros, que podem atuar como vetores, amplia a dificuldade de controle da doen\u00e7a em ambientes silvestres.<\/p>\n<p style=\"text-align:justify\">O v\u00edrus possui elevada resist\u00eancia no ambiente e pode permanecer ativo por longos per\u00edodos em roupas, cal\u00e7ados, ve\u00edculos, equipamentos e produtos de origem su\u00edna que n\u00e3o passam por tratamento t\u00e9rmico. Conforme o Mapa, as formas mais comuns de introdu\u00e7\u00e3o do v\u00edrus em \u00e1reas livres incluem o contato de animais suscet\u00edveis com materiais contaminados ou a ingest\u00e3o de produtos su\u00ednos infectados.&#13;\n<\/p>\n<p style=\"text-align:justify\">O Brasil mant\u00e9m o status de pa\u00eds livre de PSA desde 1984. O minist\u00e9rio afirmou que a preserva\u00e7\u00e3o dessa condi\u00e7\u00e3o depende do cumprimento das normas sanit\u00e1rias e da aten\u00e7\u00e3o a pessoas, produtos e materiais provenientes de locais afetados. Para o \u00f3rg\u00e3o, a entrada da doen\u00e7a no pa\u00eds \u201ctraria impactos significativos para a cadeia suin\u00edcola\u201d, motivo pelo qual a vigil\u00e2ncia e os protocolos de preven\u00e7\u00e3o continuam refor\u00e7ados.<\/p>\n<\/p><\/div>\n<\/p><\/div>\n<p><script data-cfasync=\"false\">\n    !function (f, b, e, v, n, t, s) {\n        if (f.fbq) return; n = f.fbq = function () {\n            n.callMethod ?\n                n.callMethod.apply(n, arguments) : n.queue.push(arguments)\n        };\n        if (!f._fbq) f._fbq = n; n.push = n; n.loaded = !0; n.version = '2.0';\n        n.queue = []; t = b.createElement(e); t.async = !0;\n        t.src = v; s = b.getElementsByTagName(e)[0];\n        s.parentNode.insertBefore(t, s)\n    }(window, document, 'script',\n        'https:\/\/connect.facebook.net\/en_US\/fbevents.js');\n    fbq('init', '522546078623747');\n    fbq('track', 'PageView');\n<\/script><br \/>\n<br \/><br \/>\n<br \/><a href=\"https:\/\/www.agrolink.com.br\/noticias\/brasil-reforca-alerta-apos-psa-em-javalis-na-espanha_508696.html\">Source link <\/a><\/p>\n","protected":false},"excerpt":{"rendered":"<p>&#13; Trata-se do primeiro epis\u00f3dio da doen\u00e7a na Espanha desde 1994.&#13; &#13; Agrolink&#13; &#13; &#8211; Seane Lennon&#13; &#13; Publicado em<\/p>\n","protected":false},"author":1,"featured_media":25213,"comment_status":"open","ping_status":"open","sticky":false,"template":"","format":"standard","meta":{"_monsterinsights_skip_tracking":false,"_monsterinsights_sitenote_active":false,"_monsterinsights_sitenote_note":"","_monsterinsights_sitenote_category":0,"_uf_show_specific_survey":0,"_uf_disable_surveys":false,"footnotes":""},"categories":[8,1,14],"tags":[],"class_list":["post-25212","post","type-post","status-publish","format-standard","has-post-thumbnail","hentry","category-agro","category-news","category-politica-agro"],"_links":{"self":[{"href":"https:\/\/agromt.news\/index.php?rest_route=\/wp\/v2\/posts\/25212"}],"collection":[{"href":"https:\/\/agromt.news\/index.php?rest_route=\/wp\/v2\/posts"}],"about":[{"href":"https:\/\/agromt.news\/index.php?rest_route=\/wp\/v2\/types\/post"}],"author":[{"embeddable":true,"href":"https:\/\/agromt.news\/index.php?rest_route=\/wp\/v2\/users\/1"}],"replies":[{"embeddable":true,"href":"https:\/\/agromt.news\/index.php?rest_route=%2Fwp%2Fv2%2Fcomments&post=25212"}],"version-history":[{"count":0,"href":"https:\/\/agromt.news\/index.php?rest_route=\/wp\/v2\/posts\/25212\/revisions"}],"wp:featuredmedia":[{"embeddable":true,"href":"https:\/\/agromt.news\/index.php?rest_route=\/wp\/v2\/media\/25213"}],"wp:attachment":[{"href":"https:\/\/agromt.news\/index.php?rest_route=%2Fwp%2Fv2%2Fmedia&parent=25212"}],"wp:term":[{"taxonomy":"category","embeddable":true,"href":"https:\/\/agromt.news\/index.php?rest_route=%2Fwp%2Fv2%2Fcategories&post=25212"},{"taxonomy":"post_tag","embeddable":true,"href":"https:\/\/agromt.news\/index.php?rest_route=%2Fwp%2Fv2%2Ftags&post=25212"}],"curies":[{"name":"wp","href":"https:\/\/api.w.org\/{rel}","templated":true}]}}