{"id":25183,"date":"2025-12-04T11:33:08","date_gmt":"2025-12-04T15:33:08","guid":{"rendered":"https:\/\/agromt.news\/?p=25183"},"modified":"2025-12-04T11:33:08","modified_gmt":"2025-12-04T15:33:08","slug":"producao-de-cafe-cresce-43-em-2025-e-exportacoes-batem-recorde","status":"publish","type":"post","link":"https:\/\/agromt.news\/?p=25183","title":{"rendered":"Produ\u00e7\u00e3o de caf\u00e9 cresce 4,3% em 2025 e exporta\u00e7\u00f5es batem recorde"},"content":{"rendered":"<p> <br \/>\n<br \/><img decoding=\"async\" src=\"https:\/\/agromt.news\/wp-content\/uploads\/2025\/12\/Producao-de-cafe-cresce-43-em-2025-e-exportacoes-batem.jpg\" \/><\/p>\n<div>\n<p>A produ\u00e7\u00e3o brasileira de caf\u00e9 em 2025 est\u00e1 estimada em 56,5 milh\u00f5es de sacas de 60 quilos, segundo o 4\u00ba Levantamento da Companhia Nacional de Abastecimento (Conab) divulgado nesta quinta-feira (4). Mesmo sendo um ano de bienalidade negativa, o volume projetado \u00e9 o terceiro maior da s\u00e9rie hist\u00f3rica, atr\u00e1s apenas das safras de 2018 e 2020, ambas de bienalidade positiva. O n\u00famero representa ainda alta de 4,3% em rela\u00e7\u00e3o \u00e0 produ\u00e7\u00e3o de 2024.<\/p>\n<p>O resultado combina uma leve redu\u00e7\u00e3o de 1,2% na \u00e1rea em produ\u00e7\u00e3o, estimada em 1,85 milh\u00e3o de hectares, com melhora na produtividade m\u00e9dia nacional, projetada em 30,4 sacas por hectare. O avan\u00e7o \u00e9 impulsionado principalmente pelo desempenho das lavouras de conilon.<\/p>\n<h3 class=\"wp-block-heading\" id=\"h-conilon-bate-recorde-historico-e-cresce-42\">Conilon bate recorde hist\u00f3rico e cresce 42%<\/h3>\n<p>Com menor influ\u00eancia da bienalidade, a produ\u00e7\u00e3o de conilon deve alcan\u00e7ar 20,8 milh\u00f5es de sacas, o maior volume j\u00e1 registrado pela Conab. Isso supera o recorde anterior, de 2022, quando foram colhidas 18,2 milh\u00f5es de sacas. A alta \u00e9 de 42,1% frente \u00e0 safra passada, favorecida pela regularidade clim\u00e1tica, que garantiu maior vigor \u00e0s plantas.<\/p>\n<p>Entre os estados:<\/p>\n<ul class=\"wp-block-list\">\n<li>Esp\u00edrito Santo: 14,2 milh\u00f5es de sacas (+43,8%)<\/li>\n<li>Bahia: 3,29 milh\u00f5es de sacas (+68,7%)<\/li>\n<li>Rond\u00f4nia: 2,32 milh\u00f5es de sacas (+10,8%)<\/li>\n<\/ul>\n<h3 class=\"wp-block-heading\" id=\"h-arabica-recua-9-7-com-bienalidade-negativa-e-seca\">Ar\u00e1bica recua 9,7% com bienalidade negativa e seca<\/h3>\n<p>J\u00e1 o caf\u00e9 ar\u00e1bica registra retra\u00e7\u00e3o. A Conab estima 35,76 milh\u00f5es de sacas, queda de 9,7% em rela\u00e7\u00e3o a 2024. A redu\u00e7\u00e3o \u00e9 explicada pelo ciclo de bienalidade negativa e por per\u00edodos de escassez h\u00eddrica, que prejudicaram o potencial produtivo.<\/p>\n<p>A \u00e1rea de ar\u00e1bica teve redu\u00e7\u00e3o de 1,5%, totalizando 1,49 milh\u00e3o de hectares, enquanto a produtividade caiu 8,4%, para 24,1 sacas por hectare.<\/p>\n<p>Nos estados produtores:<\/p>\n<ul class=\"wp-block-list\">\n<li>Minas Gerais: 25,17 milh\u00f5es de sacas (-9,2%)<\/li>\n<li>S\u00e3o Paulo: 4,7 milh\u00f5es de sacas (-12,9%)<\/li>\n<li>Bahia: 1,14 milh\u00e3o de sacas (+2,5%), com destaque para o Cerrado baiano (+18,5%)<\/li>\n<\/ul>\n<h3 class=\"wp-block-heading\" id=\"h-exportacoes-caem-em-volume-mas-valor-bate-recorde\">Exporta\u00e7\u00f5es caem em volume, mas valor bate recorde<\/h3>\n<p>De janeiro a outubro de 2025, o Brasil exportou 34,2 milh\u00f5es de sacas, queda de 17,8% ante o mesmo per\u00edodo de 2024, segundo o Minist\u00e9rio do Desenvolvimento, Ind\u00fastria, Com\u00e9rcio e Servi\u00e7os (MDIC). A redu\u00e7\u00e3o \u00e9 consequ\u00eancia dos estoques internos menores, ap\u00f3s o embarque recorde de 50,5 milh\u00f5es de sacas em 2024.<\/p>\n<p>Apesar disso, o valor exportado atingiu US$ 12,9 bilh\u00f5es, superando todo o faturamento de 2024 e j\u00e1 configurando um novo recorde anual, mesmo faltando dois meses para o encerramento do ano. O desempenho \u00e9 explicado pela alta dos pre\u00e7os internacionais do caf\u00e9 em 2025.<\/p>\n<h3 class=\"wp-block-heading\" id=\"h-estoques-mundiais-apertados-sustentam-precos\">Estoques mundiais apertados sustentam pre\u00e7os<\/h3>\n<p>Segundo o USDA, mesmo com previs\u00e3o de aumento na produ\u00e7\u00e3o global em 2025\/26, os pre\u00e7os devem seguir firmes. O motivo \u00e9 o estoque mundial extremamente baixo, estimado em 21,8 milh\u00f5es de sacas, o menor n\u00edvel em 25 anos.<\/p>\n<p>O boletim completo e as tabelas detalhadas do levantamento est\u00e3o dispon\u00edveis no site da Conab.<\/p>\n<\/p><\/div>\n<p><br \/>\n<br \/><a href=\"https:\/\/www.canalrural.com.br\/agricultura\/cafe\/producao-de-cafe-cresce-43-em-2025-e-exportacoes-batem-recorde\/\">Source link <\/a><\/p>\n","protected":false},"excerpt":{"rendered":"<p>A produ\u00e7\u00e3o brasileira de caf\u00e9 em 2025 est\u00e1 estimada em 56,5 milh\u00f5es de sacas de 60 quilos, segundo o 4\u00ba<\/p>\n","protected":false},"author":1,"featured_media":25184,"comment_status":"open","ping_status":"open","sticky":false,"template":"","format":"standard","meta":{"_monsterinsights_skip_tracking":false,"_monsterinsights_sitenote_active":false,"_monsterinsights_sitenote_note":"","_monsterinsights_sitenote_category":0,"_uf_show_specific_survey":0,"_uf_disable_surveys":false,"footnotes":""},"categories":[1],"tags":[],"class_list":["post-25183","post","type-post","status-publish","format-standard","has-post-thumbnail","hentry","category-news"],"_links":{"self":[{"href":"https:\/\/agromt.news\/index.php?rest_route=\/wp\/v2\/posts\/25183"}],"collection":[{"href":"https:\/\/agromt.news\/index.php?rest_route=\/wp\/v2\/posts"}],"about":[{"href":"https:\/\/agromt.news\/index.php?rest_route=\/wp\/v2\/types\/post"}],"author":[{"embeddable":true,"href":"https:\/\/agromt.news\/index.php?rest_route=\/wp\/v2\/users\/1"}],"replies":[{"embeddable":true,"href":"https:\/\/agromt.news\/index.php?rest_route=%2Fwp%2Fv2%2Fcomments&post=25183"}],"version-history":[{"count":0,"href":"https:\/\/agromt.news\/index.php?rest_route=\/wp\/v2\/posts\/25183\/revisions"}],"wp:featuredmedia":[{"embeddable":true,"href":"https:\/\/agromt.news\/index.php?rest_route=\/wp\/v2\/media\/25184"}],"wp:attachment":[{"href":"https:\/\/agromt.news\/index.php?rest_route=%2Fwp%2Fv2%2Fmedia&parent=25183"}],"wp:term":[{"taxonomy":"category","embeddable":true,"href":"https:\/\/agromt.news\/index.php?rest_route=%2Fwp%2Fv2%2Fcategories&post=25183"},{"taxonomy":"post_tag","embeddable":true,"href":"https:\/\/agromt.news\/index.php?rest_route=%2Fwp%2Fv2%2Ftags&post=25183"}],"curies":[{"name":"wp","href":"https:\/\/api.w.org\/{rel}","templated":true}]}}