{"id":25123,"date":"2025-12-03T10:24:54","date_gmt":"2025-12-03T14:24:54","guid":{"rendered":"https:\/\/agromt.news\/?p=25123"},"modified":"2025-12-03T10:24:54","modified_gmt":"2025-12-03T14:24:54","slug":"o-leite-brasileiro-esta-morrendo","status":"publish","type":"post","link":"https:\/\/agromt.news\/?p=25123","title":{"rendered":"o leite brasileiro est\u00e1 morrendo"},"content":{"rendered":"<p> <br \/>\n<\/p>\n<div>\n<p>Senhor presidente, <\/p>\n<p>Escrevo em nome de mais de 1 milh\u00e3o de fam\u00edlias brasileiras que acordam \u00e0s 4 horas da manh\u00e3 para tirar o leite que chega \u00e0 mesa do senhor, dos seus netos e de todos os brasileiros. Escrevo com o peso de quem j\u00e1 viu v\u00e1rios pequenos produtores venderem as vacas para o abate porque n\u00e3o conseguem mais pagar a ra\u00e7\u00e3o, a energia e o rem\u00e9dio da crian\u00e7a.<\/p>\n<p>O leite brasileiro est\u00e1 morrendo e o senhor est\u00e1 assistindo essa morte.<\/p>\n<p>Em 2025, at\u00e9 outubro, j\u00e1 entraram no Brasil 1,2 bilh\u00e3o de litros-equivalentes de leite em p\u00f3 pelo Mercosul, volume suficiente para abastecer S\u00e3o Paulo por quase quatro meses. Grande parte desse p\u00f3 n\u00e3o \u00e9 argentino nem uruguaio: vem de outros pa\u00edses, entra nos vizinhos, ganha carimbo do Mercosul e chega aqui com tarifa zero, enquanto o produtor brasileiro recebe em torno de R$ 2,20 por litro, o pior pre\u00e7o real em duas d\u00e9cadas.<\/p>\n<p>Em dois anos, 120 mil produtores j\u00e1 largaram a atividade. S\u00e3o 120 mil fam\u00edlias que o Brasil perdeu. Em Minas Gerais, no Vale do Para\u00edba, no Rio Grande do Sul, em Goi\u00e1s, no Agreste de Pernambuco, estamos vendo o mesmo filme: vacas indo para o frigor\u00edfico, tanques de leite sendo desmontados, jovens desistindo do campo e cidades inteiras perdendo o movimento que girava em torno da bacia leiteira.<\/p>\n<p>O senhor conhece o interior como poucos. Sabe que, para a maioria dessas fam\u00edlias, o leite \u00e9 a \u00fanica renda fixa que entra todo m\u00eas. \u00c9 com ela que se paga a escola, a luz, o mercado, o plano de sa\u00fade. Quando o pre\u00e7o desaba, n\u00e3o h\u00e1 reserva, n\u00e3o h\u00e1 plano B. H\u00e1 fome, h\u00e1 migra\u00e7\u00e3o, h\u00e1 cidade pequena virando cidade-fantasma.<\/p>\n<p>N\u00e3o estamos pedindo esmola. Estamos pedindo o uso de instrumentos que j\u00e1 existem e que o pr\u00f3prio Mercosul prev\u00ea:<\/p>\n<ul class=\"wp-block-list\">\n<li>Acionamento imediato da cl\u00e1usula de salvaguarda para leite em p\u00f3<\/li>\n<li>Exig\u00eancia de certificado de origem real, com fiscaliza\u00e7\u00e3o efetiva nas fronteiras<\/li>\n<li>Cota emergencial de importa\u00e7\u00e3o at\u00e9 que a triangula\u00e7\u00e3o seja investigada e punida<\/li>\n<li>Medidas antidumping contra leite subsidiado que entra disfar\u00e7ado de Mercosul<\/li>\n<\/ul>\n<p>Argentina e Uruguai j\u00e1 usaram essas ferramentas dezenas de vezes para proteger seus produtores. Por que o Brasil n\u00e3o pode proteger os seus?<\/p>\n<p>Presidente Lula, o senhor sempre disse que seu governo seria o governo dos mais pobres, dos que nunca tiveram voz. Hoje, essas fam\u00edlias est\u00e3o gritando, e ningu\u00e9m no Pal\u00e1cio do Planalto parece ouvir.<\/p>\n<p>N\u00e3o deixe o Brasil repetir o que j\u00e1 fez com o arroz, o trigo, a ma\u00e7\u00e3 e o alho: destruir a produ\u00e7\u00e3o nacional em nome de um \u201clivre mercado\u201d que s\u00f3 \u00e9 livre para quem tem subs\u00eddio europeu ou escala neozelandesa.<\/p>\n<p>O senhor tem o poder de salvar um milh\u00e3o de fam\u00edlias. Tem o poder de evitar que o interior brasileiro vire um deserto de soja e sil\u00eancio.<\/p>\n<p>Fa\u00e7a isso agora, enquanto ainda h\u00e1 vacas para ordenhar e crian\u00e7as que acreditam que podem ficar no campo.<\/p>\n<p>Com respeito e urg\u00eancia,<\/p>\n<p>Mais de um milh\u00e3o de fam\u00edlias de produtores de leite do Brasil (e os que ainda n\u00e3o desistiram)<\/p>\n<div class=\"wp-block-media-text is-stacked-on-mobile\">\n<figure class=\"wp-block-media-text__media\"><img fetchpriority=\"high\" decoding=\"async\" width=\"683\" height=\"1024\" alt=\"Miguel Daoud\" class=\"wp-image-4095706 size-full\"  data-lazy- src=\"https:\/\/agromt.news\/wp-content\/uploads\/2025\/09\/Programa-de-compra-de-arroz-do-governo-nao-atende-as.jpg\"\/><img decoding=\"async\" width=\"683\" height=\"1024\" src=\"https:\/\/agromt.news\/wp-content\/uploads\/2025\/09\/Programa-de-compra-de-arroz-do-governo-nao-atende-as.jpg\" alt=\"Miguel Daoud\" class=\"wp-image-4095706 size-full\"  \/><\/figure>\n<div class=\"wp-block-media-text__content\">\n<p class=\"has-text-align-center\">*<em><strong>Miguel Daoud<\/strong>\u00a0\u00e9 comentarista de Economia e Pol\u00edtica\u00a0do Canal Rural<\/em><\/p>\n<\/div>\n<\/div>\n<hr class=\"wp-block-separator has-alpha-channel-opacity\"\/>\n<p><em>O\u00a0<strong>Canal Rural<\/strong>\u00a0n\u00e3o se responsabiliza pelas opini\u00f5es e conceitos emitidos nos textos desta sess\u00e3o, sendo os conte\u00fados de inteira responsabilidade de seus autores. A empresa se reserva o direito de fazer ajustes no texto para adequa\u00e7\u00e3o \u00e0s normas de publica\u00e7\u00e3o.<\/em><\/p>\n<\/p><\/div>\n<p><br \/>\n<br \/><a href=\"https:\/\/www.canalrural.com.br\/opiniao-noticias\/carta-aberta-ao-presidente-luiz-inacio-lula-da-silva-o-leite-brasileiro-esta-morrendo\/\">Source link <\/a><\/p>\n","protected":false},"excerpt":{"rendered":"<p>Senhor presidente, Escrevo em nome de mais de 1 milh\u00e3o de fam\u00edlias brasileiras que acordam \u00e0s 4 horas da manh\u00e3<\/p>\n","protected":false},"author":1,"featured_media":25017,"comment_status":"open","ping_status":"open","sticky":false,"template":"","format":"standard","meta":{"_monsterinsights_skip_tracking":false,"_monsterinsights_sitenote_active":false,"_monsterinsights_sitenote_note":"","_monsterinsights_sitenote_category":0,"_uf_show_specific_survey":0,"_uf_disable_surveys":false,"footnotes":""},"categories":[1],"tags":[],"class_list":["post-25123","post","type-post","status-publish","format-standard","has-post-thumbnail","hentry","category-news"],"_links":{"self":[{"href":"https:\/\/agromt.news\/index.php?rest_route=\/wp\/v2\/posts\/25123"}],"collection":[{"href":"https:\/\/agromt.news\/index.php?rest_route=\/wp\/v2\/posts"}],"about":[{"href":"https:\/\/agromt.news\/index.php?rest_route=\/wp\/v2\/types\/post"}],"author":[{"embeddable":true,"href":"https:\/\/agromt.news\/index.php?rest_route=\/wp\/v2\/users\/1"}],"replies":[{"embeddable":true,"href":"https:\/\/agromt.news\/index.php?rest_route=%2Fwp%2Fv2%2Fcomments&post=25123"}],"version-history":[{"count":0,"href":"https:\/\/agromt.news\/index.php?rest_route=\/wp\/v2\/posts\/25123\/revisions"}],"wp:featuredmedia":[{"embeddable":true,"href":"https:\/\/agromt.news\/index.php?rest_route=\/wp\/v2\/media\/25017"}],"wp:attachment":[{"href":"https:\/\/agromt.news\/index.php?rest_route=%2Fwp%2Fv2%2Fmedia&parent=25123"}],"wp:term":[{"taxonomy":"category","embeddable":true,"href":"https:\/\/agromt.news\/index.php?rest_route=%2Fwp%2Fv2%2Fcategories&post=25123"},{"taxonomy":"post_tag","embeddable":true,"href":"https:\/\/agromt.news\/index.php?rest_route=%2Fwp%2Fv2%2Ftags&post=25123"}],"curies":[{"name":"wp","href":"https:\/\/api.w.org\/{rel}","templated":true}]}}