{"id":25119,"date":"2025-12-03T08:43:46","date_gmt":"2025-12-03T12:43:46","guid":{"rendered":"https:\/\/agromt.news\/?p=25119"},"modified":"2025-12-03T08:43:46","modified_gmt":"2025-12-03T12:43:46","slug":"falta-de-seguro-para-eventos-climaticos-sao-entraves-para-portos-brasileiros-aponta-estudo","status":"publish","type":"post","link":"https:\/\/agromt.news\/?p=25119","title":{"rendered":"Falta de seguro para eventos clim\u00e1ticos s\u00e3o entraves para portos brasileiros, aponta estudo"},"content":{"rendered":"<p> <br \/>\n<br \/><img decoding=\"async\" src=\"https:\/\/agromt.news\/wp-content\/uploads\/2024\/12\/Porto-de-Santos-movimenta-167-milhoes-de-t-de-janeiro.jpg\" \/><\/p>\n<div>\n<p>A Associa\u00e7\u00e3o de Terminais Portu\u00e1rios Privados (ATP), em parceria com o Minist\u00e9rio de Portos e Aeroportos (MPor), lan\u00e7ou na ter\u00e7a-feira (2), em Bras\u00edlia, um estudo in\u00e9dito sobre um dos temas mais sens\u00edveis para a opera\u00e7\u00e3o dos Terminais de Uso Privado (TUP): a fragilidade das coberturas de seguro diante do avan\u00e7o dos riscos clim\u00e1ticos.<\/p>\n<p>O levantamento  Diagn\u00f3stico de Seguros em Terminais Portu\u00e1rios Autorizados re\u00fane dados, entrevistas e relatos de operadores que enfrentam dificuldades pr\u00e1ticas, jur\u00eddicas e financeiras para contratar, manter e acionar ap\u00f3lices obrigat\u00f3rias. O estudo alerta para um quadro preocupante: eventos clim\u00e1ticos extremos est\u00e3o aumentando, mas n\u00e3o s\u00e3o plenamente cobertos pelo mercado segurador brasileiro.<\/p>\n<p>O lan\u00e7amento contou com um painel que reuniu representantes de TUPs, seguradoras, resseguradoras e corretores.<\/p>\n<h2 class=\"wp-block-heading\" id=\"h-riscos-crescentes-protecao-insuficiente\">Riscos crescentes, prote\u00e7\u00e3o insuficiente<\/h2>\n<p>O diagn\u00f3stico mostra que os terminais privados convivem com uma combina\u00e7\u00e3o de riscos regulat\u00f3rios, ambientais, operacionais e econ\u00f4micos e, sobretudo, riscos clim\u00e1ticos, como:<\/p>\n<ul class=\"wp-block-list\">\n<li>enchentes<\/li>\n<li>vendavais<\/li>\n<li>granizo<\/li>\n<li>mar\u00e9s de tempestade<\/li>\n<li>secas<\/li>\n<li>ondas de calor<\/li>\n<\/ul>\n<p>Desde fevereiro de 2024, a Antaq tornou obrigat\u00f3ria a contrata\u00e7\u00e3o de seguros pelos TUPs. No entanto, a natureza desses terminais, instalados fora do porto organizado, faz com que assumam responsabilidades adicionais, como a gest\u00e3o de acessos terrestres, aumentando a exposi\u00e7\u00e3o e a complexidade das ap\u00f3lices.<\/p>\n<p>O estudo apresenta obst\u00e1culos que encarecem e dificultam as ap\u00f3lices:<\/p>\n<ul class=\"wp-block-list\">\n<li>baixa concorr\u00eancia entre seguradoras;<\/li>\n<li>pr\u00e1ticas conservadoras de precifica\u00e7\u00e3o;<\/li>\n<li>falta de conhecimento t\u00e9cnico sobre opera\u00e7\u00f5es portu\u00e1rias;<\/li>\n<li>franquias elevadas, muitas vezes dolarizadas;<\/li>\n<li>exposi\u00e7\u00e3o cambial devido ao uso de equipamentos importados;<\/li>\n<li>estruturas complexas de cosseguro e resseguro ligadas ao \u201cRisco Brasil\u201d.<\/li>\n<\/ul>\n<p>Com pouca disponibilidade de dados t\u00e9cnicos, seguradoras recorrem a modelos gen\u00e9ricos, o que eleva custos e limita personaliza\u00e7\u00e3o das coberturas.<\/p>\n<h2 class=\"wp-block-heading\" id=\"h-clima-a-nova-fronteira-do-risco-portuario\">Clima: a nova fronteira do risco portu\u00e1rio<\/h2>\n<p>Um dos cap\u00edtulos mais cr\u00edticos do diagn\u00f3stico trata das lacunas nos seguros clim\u00e1ticos. Hoje, o mercado brasileiro n\u00e3o cobre eventos como:<\/p>\n<ul class=\"wp-block-list\">\n<li>excesso de calor;<\/li>\n<li>seca;<\/li>\n<li>Tamb\u00e9m h\u00e1 limita\u00e7\u00f5es para riscos sist\u00eamicos, como eleva\u00e7\u00e3o do n\u00edvel do mar e enchentes severas em bacias de drenagem.<\/li>\n<\/ul>\n<p>Com isso, parte dos terminais busca programas globais de seguro, enquanto outros optam por investir mais em adapta\u00e7\u00e3o do que na transfer\u00eancia dos riscos, seja pela escassez de produtos, seja pelos custos elevados.<\/p>\n<h2 class=\"wp-block-heading\" id=\"h-agenda-para-reduzir-custos-e-dar-seguranca-juridica\">Agenda para reduzir custos e dar seguran\u00e7a jur\u00eddica<\/h2>\n<p>Ao tra\u00e7ar recomenda\u00e7\u00f5es, o estudo sugere um caminho para modernizar o ambiente regulat\u00f3rio e fortalecer a competitividade dos terminais privados, respons\u00e1veis por 64% da carga movimentada no pa\u00eds. Entre as medidas destacadas est\u00e3o:<\/p>\n<ul class=\"wp-block-list\">\n<li>ampliar o di\u00e1logo entre terminais e seguradoras;<\/li>\n<li>aprimorar regras para coberturas clim\u00e1ticas;<\/li>\n<li>reduzir incertezas regulat\u00f3rias;<\/li>\n<li>ajustar modelos de precifica\u00e7\u00e3o;<\/li>\n<li>fomentar produtos com matrizes de risco mais adequadas \u00e0 realidade portu\u00e1ria.<\/li>\n<\/ul>\n<p>Para o presidente da ATP, Murillo Barbosa, a evolu\u00e7\u00e3o dessa agenda \u00e9 fundamental.\u201c\u00c9 essencial aprimorar o di\u00e1logo entre os terminais e seguradoras e incentivar solu\u00e7\u00f5es que garantam mais previsibilidade, seguran\u00e7a jur\u00eddica e efici\u00eancia aos terminais privados.\u201d<\/p>\n<p>O secret\u00e1rio-executivo do MPor, Tom\u00e9 Fran\u00e7a, refor\u00e7a a import\u00e2ncia de modernizar o arcabou\u00e7o de seguros diante das mudan\u00e7as clim\u00e1ticas:<\/p>\n<p>\u201cPrecisamos de regras modernas que tragam maior equil\u00edbrio e rela\u00e7\u00f5es mais justas entre contratantes e contratados, especialmente com os eventos clim\u00e1ticos se intensificando.\u201d<\/p>\n<p>A diretora de Assuntos Econ\u00f4micos do minist\u00e9rio, Helena Venceslau, destacou que o governo busca produtos mais eficientes e com melhor precifica\u00e7\u00e3o:<\/p>\n<p>\u201cTemos tratado o tema como prioridade e estamos trabalhando com o setor segurador e a CNseg para desenvolver solu\u00e7\u00f5es adequadas \u00e0s necessidades dos terminais.\u201d<\/p>\n<p>O diagn\u00f3stico aponta que superar os gargalos identificados exige uma governan\u00e7a integrada entre setor privado, seguradoras e governo, capaz de reduzir custos, aumentar a seguran\u00e7a jur\u00eddica e fortalecer o sistema de seguros portu\u00e1rios, especialmente os clim\u00e1ticos.<\/p>\n<\/p><\/div>\n<p><br \/>\n<br \/><a href=\"https:\/\/www.canalrural.com.br\/diversos\/falta-de-seguro-para-eventos-climaticos-sao-entraves-para-portos-brasileiros-aponta-estudo\/\">Source link <\/a><\/p>\n","protected":false},"excerpt":{"rendered":"<p>A Associa\u00e7\u00e3o de Terminais Portu\u00e1rios Privados (ATP), em parceria com o Minist\u00e9rio de Portos e Aeroportos (MPor), lan\u00e7ou na ter\u00e7a-feira<\/p>\n","protected":false},"author":1,"featured_media":25120,"comment_status":"open","ping_status":"open","sticky":false,"template":"","format":"standard","meta":{"_monsterinsights_skip_tracking":false,"_monsterinsights_sitenote_active":false,"_monsterinsights_sitenote_note":"","_monsterinsights_sitenote_category":0,"_uf_show_specific_survey":0,"_uf_disable_surveys":false,"footnotes":""},"categories":[1],"tags":[],"class_list":["post-25119","post","type-post","status-publish","format-standard","has-post-thumbnail","hentry","category-news"],"_links":{"self":[{"href":"https:\/\/agromt.news\/index.php?rest_route=\/wp\/v2\/posts\/25119"}],"collection":[{"href":"https:\/\/agromt.news\/index.php?rest_route=\/wp\/v2\/posts"}],"about":[{"href":"https:\/\/agromt.news\/index.php?rest_route=\/wp\/v2\/types\/post"}],"author":[{"embeddable":true,"href":"https:\/\/agromt.news\/index.php?rest_route=\/wp\/v2\/users\/1"}],"replies":[{"embeddable":true,"href":"https:\/\/agromt.news\/index.php?rest_route=%2Fwp%2Fv2%2Fcomments&post=25119"}],"version-history":[{"count":0,"href":"https:\/\/agromt.news\/index.php?rest_route=\/wp\/v2\/posts\/25119\/revisions"}],"wp:featuredmedia":[{"embeddable":true,"href":"https:\/\/agromt.news\/index.php?rest_route=\/wp\/v2\/media\/25120"}],"wp:attachment":[{"href":"https:\/\/agromt.news\/index.php?rest_route=%2Fwp%2Fv2%2Fmedia&parent=25119"}],"wp:term":[{"taxonomy":"category","embeddable":true,"href":"https:\/\/agromt.news\/index.php?rest_route=%2Fwp%2Fv2%2Fcategories&post=25119"},{"taxonomy":"post_tag","embeddable":true,"href":"https:\/\/agromt.news\/index.php?rest_route=%2Fwp%2Fv2%2Ftags&post=25119"}],"curies":[{"name":"wp","href":"https:\/\/api.w.org\/{rel}","templated":true}]}}