{"id":25115,"date":"2025-12-03T08:12:06","date_gmt":"2025-12-03T12:12:06","guid":{"rendered":"https:\/\/agromt.news\/?p=25115"},"modified":"2025-12-03T08:12:06","modified_gmt":"2025-12-03T12:12:06","slug":"camara-aprova-mp-que-cria-licenca-ambiental-especial-para-obras-estrategicas","status":"publish","type":"post","link":"https:\/\/agromt.news\/?p=25115","title":{"rendered":"C\u00e2mara aprova MP que cria licen\u00e7a ambiental especial para obras estrat\u00e9gicas"},"content":{"rendered":"<p> <br \/>\n<br \/><img decoding=\"async\" src=\"https:\/\/agromt.news\/wp-content\/uploads\/2025\/11\/Congresso-derruba-24-vetos-presidenciais-a-Lei-Geral-do-Licenciamento.jpg\" \/><\/p>\n<div>\n<p>A C\u00e2mara dos Deputados concluiu, na ter\u00e7a-feira (2), a vota\u00e7\u00e3o da Medida Provis\u00f3ria 1.308\/25, que cria a Licen\u00e7a Ambiental Especial (LAE) para empreendimentos classificados como estrat\u00e9gicos pelo governo federal. A proposta agora segue para an\u00e1lise do Senado.<\/p>\n<p>A MP substitui trechos vetados da Lei Geral do Licenciamento Ambiental (PL 2.159\/21), que previa uma licen\u00e7a de an\u00e1lise \u00fanica (monof\u00e1sica). O relator, deputado Z\u00e9 Vitor (PL-MG), tamb\u00e9m aproveitou o texto para ajustar pontos da legisla\u00e7\u00e3o recente e ampliar situa\u00e7\u00f5es nas quais n\u00e3o ser\u00e1 permitido o uso da Licen\u00e7a por Ades\u00e3o e Compromisso (LAC).<\/p>\n<p>O texto aprovado define que a LAE ser\u00e1 aplicada a atividades e obras consideradas estrat\u00e9gicas por decreto presidencial, ap\u00f3s recomenda\u00e7\u00e3o bianual do Conselho de Governo. Entre as situa\u00e7\u00f5es explicitamente inclu\u00eddas est\u00e1 a reconstru\u00e7\u00e3o e repavimenta\u00e7\u00e3o de rodovias preexistentes que conectem estados, classificadas como de interesse nacional.<\/p>\n<p>Um exemplo \u00e9 a BR-319, que liga Porto Velho (RO) a Manaus (AM). A rodovia enfrenta pend\u00eancias no Ibama para emiss\u00e3o da licen\u00e7a de instala\u00e7\u00e3o \u2014 processo que exige cumprimento de condicionantes, como consultas a comunidades ind\u00edgenas, estudos complementares e medidas de governan\u00e7a socioambiental envolvendo diversos \u00f3rg\u00e3os federais.<\/p>\n<h2 class=\"wp-block-heading\" id=\"h-prazos-para-projetos-em-andamento\">Prazos para projetos em andamento<\/h2>\n<p>A MP estabelece prazos r\u00edgidos para acelerar an\u00e1lises:<\/p>\n<ul class=\"wp-block-list\">\n<li>90 dias para que o empreendedor apresente estudos adicionais, caso j\u00e1 tenha licen\u00e7a pr\u00e9via;<\/li>\n<li>30 dias para emiss\u00e3o da licen\u00e7a de instala\u00e7\u00e3o, ap\u00f3s a entrega dos estudos;<\/li>\n<li>90 dias para conclus\u00e3o da an\u00e1lise conclusiva das obras;<\/li>\n<li>12 meses como prazo m\u00e1ximo para encerrar todo o processo da LAE.<\/li>\n<\/ul>\n<p>Se os prazos n\u00e3o forem cumpridos, \u00f3rg\u00e3os ambientais poder\u00e3o adotar dados secund\u00e1rios mais recentes para avan\u00e7ar na an\u00e1lise.<\/p>\n<h2 class=\"wp-block-heading\" id=\"h-prioridade-em-todos-os-niveis-de-governo\">Prioridade em todos os n\u00edveis de governo<\/h2>\n<p>O texto determina que \u00f3rg\u00e3os licenciadores, federais, estaduais e municipais, devem priorizar a tramita\u00e7\u00e3o da LAE e de todas as anu\u00eancias necess\u00e1rias ao processo, como outorgas, autoriza\u00e7\u00f5es, certid\u00f5es e pareceres t\u00e9cnicos.<\/p>\n<h2 class=\"wp-block-heading\" id=\"h-condicionantes-e-regras-para-empreendimentos-estrategicos\">Condicionantes e regras para empreendimentos estrat\u00e9gicos<\/h2>\n<p>Assim como qualquer licen\u00e7a ambiental, a LAE estabelecer\u00e1 condicionantes obrigat\u00f3rias para instala\u00e7\u00e3o e opera\u00e7\u00e3o das atividades. Ela poder\u00e1 ser concedida mesmo para empreendimentos com alto potencial de impacto ambiental, incluindo petr\u00f3leo e outras atividades que demandem uso intensivo de recursos naturais.<\/p>\n<p>A MP detalha os procedimentos: o processo come\u00e7a pela elabora\u00e7\u00e3o de um termo de refer\u00eancia pela autoridade licenciadora e exige apresenta\u00e7\u00e3o de projetos, cronogramas e estudos ambientais, al\u00e9m de anu\u00eancias de outros \u00f3rg\u00e3os quando aplic\u00e1vel.<\/p>\n<p>O EIA\/Rima continua obrigat\u00f3rio.<\/p>\n<p>O \u00f3rg\u00e3o ambiental poder\u00e1 solicitar informa\u00e7\u00f5es complementares apenas uma \u00fanica vez, para evitar atrasos sucessivos.<\/p>\n<h2 class=\"wp-block-heading\" id=\"h-audiencia-publica-obrigatoria\">Audi\u00eancia p\u00fablica obrigat\u00f3ria<\/h2>\n<p>Uma das novidades em rela\u00e7\u00e3o ao trecho anteriormente vetado \u00e9 a obrigatoriedade de audi\u00eancia p\u00fablica durante a fase de an\u00e1lise da LAE.<\/p>\n<p>Essa audi\u00eancia, por\u00e9m, n\u00e3o substitui a consulta pr\u00e9via, livre e informada \u00e0s comunidades ind\u00edgenas e tradicionais potencialmente afetadas pelo empreendimento.<\/p>\n<h2 class=\"wp-block-heading\" id=\"h-destaque-aprovado-retirou-apoio-tecnico-as-comunidades\">Destaque aprovado retirou apoio t\u00e9cnico \u00e0s comunidades<\/h2>\n<p>No plen\u00e1rio, os deputados aprovaram um destaque do MDB retirando do texto a previs\u00e3o de financiamento, pelo empreendedor, de assessoria t\u00e9cnica independente \u00e0s comunidades atingidas durante todas as fases do licenciamento especial.<\/p>\n<\/p><\/div>\n<p><br \/>\n<br \/><a href=\"https:\/\/www.canalrural.com.br\/politica\/camara-aprova-mp-que-cria-licenca-ambiental-especial-para-obras-estrategicas\/\">Source link <\/a><\/p>\n","protected":false},"excerpt":{"rendered":"<p>A C\u00e2mara dos Deputados concluiu, na ter\u00e7a-feira (2), a vota\u00e7\u00e3o da Medida Provis\u00f3ria 1.308\/25, que cria a Licen\u00e7a Ambiental Especial<\/p>\n","protected":false},"author":1,"featured_media":24807,"comment_status":"open","ping_status":"open","sticky":false,"template":"","format":"standard","meta":{"_monsterinsights_skip_tracking":false,"_monsterinsights_sitenote_active":false,"_monsterinsights_sitenote_note":"","_monsterinsights_sitenote_category":0,"_uf_show_specific_survey":0,"_uf_disable_surveys":false,"footnotes":""},"categories":[1],"tags":[],"class_list":["post-25115","post","type-post","status-publish","format-standard","has-post-thumbnail","hentry","category-news"],"_links":{"self":[{"href":"https:\/\/agromt.news\/index.php?rest_route=\/wp\/v2\/posts\/25115"}],"collection":[{"href":"https:\/\/agromt.news\/index.php?rest_route=\/wp\/v2\/posts"}],"about":[{"href":"https:\/\/agromt.news\/index.php?rest_route=\/wp\/v2\/types\/post"}],"author":[{"embeddable":true,"href":"https:\/\/agromt.news\/index.php?rest_route=\/wp\/v2\/users\/1"}],"replies":[{"embeddable":true,"href":"https:\/\/agromt.news\/index.php?rest_route=%2Fwp%2Fv2%2Fcomments&post=25115"}],"version-history":[{"count":0,"href":"https:\/\/agromt.news\/index.php?rest_route=\/wp\/v2\/posts\/25115\/revisions"}],"wp:featuredmedia":[{"embeddable":true,"href":"https:\/\/agromt.news\/index.php?rest_route=\/wp\/v2\/media\/24807"}],"wp:attachment":[{"href":"https:\/\/agromt.news\/index.php?rest_route=%2Fwp%2Fv2%2Fmedia&parent=25115"}],"wp:term":[{"taxonomy":"category","embeddable":true,"href":"https:\/\/agromt.news\/index.php?rest_route=%2Fwp%2Fv2%2Fcategories&post=25115"},{"taxonomy":"post_tag","embeddable":true,"href":"https:\/\/agromt.news\/index.php?rest_route=%2Fwp%2Fv2%2Ftags&post=25115"}],"curies":[{"name":"wp","href":"https:\/\/api.w.org\/{rel}","templated":true}]}}