{"id":25104,"date":"2025-12-03T02:30:11","date_gmt":"2025-12-03T06:30:11","guid":{"rendered":"https:\/\/agromt.news\/?p=25104"},"modified":"2025-12-03T02:30:11","modified_gmt":"2025-12-03T06:30:11","slug":"crescimento-moderado-marca-inicio-da-semana-economica","status":"publish","type":"post","link":"https:\/\/agromt.news\/?p=25104","title":{"rendered":"Crescimento moderado marca in\u00edcio da semana econ\u00f4mica"},"content":{"rendered":"<p> <br \/>\n<\/p>\n<div>\n<div class=\"row\">\n<div class=\"col-lg col-infos mt-0 mt-lg-0\">\n<div class=\"section-sub-title\">\n<p itemprop=\"description\">&#13;<br \/>\n                                No cen\u00e1rio dom\u00e9stico, a nova bateria de indicadores trouxe o IPCA-15 como indicador&#13;\n                            <\/p>\n<\/p><\/div>\n<div class=\"container\">\n<div class=\"row\">\n<div class=\"col-lg p-0\">\n<div>\n<div class=\"block-news-main-infos mt-3 text-start\">\n<p>                                            <strong class=\"fn\" itemprop=\"author\" style=\"color: rgb(112, 112, 112); \">&#13;<br \/>\n                                                <a href=\"https:\/\/www.agrolink.com.br\/noticias\/javascript:;\" class=\"text-uppercase\" target=\"_blank\" style=\"color: rgb(112, 112, 112); \" rel=\"noopener\">Agrolink<\/a>&#13;<br \/>\n&#13;<br \/>\n                                                    &#8211; Leonardo Gottems&#13;<br \/>\n&#13;<br \/>\n                                            <\/strong><br \/>\n                                        <\/p>\n<p>                                            <abbr><time datetime=\"2025 - 12 - 02T14:24\" itemprop=\"datePublished dateModified\"> Publicado em 02\/12\/2025 \u00e0s 14:24h.<\/time><\/abbr>\n                                    <\/div>\n<\/p><\/div>\n<\/p><\/div>\n<div class=\"col-lg p-0 text-lg-end\">\n<div>\n<div id=\"mdEnviarPagina\" class=\"modal fade\" role=\"dialog\">\n<div class=\"modal-dialog\">\n<div class=\"modal-content\">\n<div class=\"modal-body\">\n<p><strong>Estimado usu\u00e1rio.<\/strong><br \/>Preencha o formul\u00e1rio abaixo para remeter a p\u00e1gina.<\/p>\n<\/p><\/div>\n<\/p><\/div>\n<\/p><\/div>\n<\/div><\/div>\n<\/p><\/div>\n<\/p><\/div>\n<\/p><\/div>\n<\/p><\/div>\n<\/p><\/div>\n<div class=\"row justify-content-md-center mt-3\">\n<div class=\"col-lg-auto col-image block-news-main-image\">\n<p>                                <img decoding=\"async\" src=\"https:\/\/www.agrolink.com.br\/upload\/imagens-resizes\/e60ecb11d0e3456c9edfbd9a84c96fa0_858x483.jpg\" class=\"lazyload img-fluid\" alt=\"No cen\u00e1rio dom\u00e9stico, a nova bateria de indicadores trouxe o IPCA-15 como principal refer\u00eancia\"\/><br \/>\n                                                <span class=\"d-block mt-1\">No cen\u00e1rio dom\u00e9stico, a nova bateria de indicadores trouxe o IPCA-15 como principal refer\u00eancia &#8211; Foto: Pixabay<\/span><\/p><\/div>\n<\/p><\/div>\n<div class=\"section-description section-description-noticias mt-3\">\n<p>O ambiente internacional come\u00e7ou a semana com liquidez reduzida pelo feriado de Thanksgiving nos Estados Unidos, mas ainda assim as bolsas avan\u00e7aram de forma leve e o d\u00f3lar perdeu for\u00e7a ante outras moedas. As expectativas de cortes de juros pelo banco central americano sustentaram esse movimento, enquanto dados represados pelo shutdown sinalizaram arrefecimento da atividade, segundo informa\u00e7\u00f5es do Rabobank.&#13;\n<\/p>\n<p>No cen\u00e1rio dom\u00e9stico, a nova bateria de indicadores trouxe o IPCA-15 como principal refer\u00eancia, com alta ligeiramente acima do esperado. Antes da divulga\u00e7\u00e3o, a presid\u00eancia do Banco Central manteve tom cauteloso ao mencionar a expans\u00e3o do cr\u00e9dito e a influ\u00eancia da volatilidade eleitoral sobre o comportamento dos pre\u00e7os. A situa\u00e7\u00e3o pol\u00edtica ganhou sensibilidade adicional ap\u00f3s a pris\u00e3o do ex-presidente, fato que elevou a tens\u00e3o entre Congresso e governo diante da aus\u00eancia de indica\u00e7\u00e3o ao Supremo.<\/p>\n<p>O Rabobank avaliou que a incerteza tarif\u00e1ria e geopol\u00edtica permanece elevada. O d\u00f3lar encerrou a semana anterior em R$ 5,3349, refletindo aprecia\u00e7\u00e3o de 1,3% do real e desempenho superior ao de grande parte das moedas emergentes. A combina\u00e7\u00e3o entre diferencial de juros e enfraquecimento global da moeda americana sustenta a proje\u00e7\u00e3o de R$ 5,50 para o fim do ano.&#13;\n<\/p>\n<p>O IPCA-15 mostrou leve acelera\u00e7\u00e3o, influenciado por itens pontuais de Transporte e Despesas pessoais. O IGP-M tamb\u00e9m subiu na margem, mas voltou ao campo negativo em 12 meses, com avan\u00e7o do IPA agropecu\u00e1rio e industrial. Nas contas p\u00fablicas, o d\u00e9ficit de R$ 36,5 bilh\u00f5es em outubro resultou do aumento das despesas discricion\u00e1rias. No setor externo, o d\u00e9ficit em transa\u00e7\u00f5es correntes diminuiu com a melhora da balan\u00e7a comercial, enquanto o investimento direto somou US$ 10,9 bilh\u00f5es.<\/p>\n<\/p><\/div>\n<\/p><\/div>\n<p><script data-cfasync=\"false\">\n    !function (f, b, e, v, n, t, s) {\n        if (f.fbq) return; n = f.fbq = function () {\n            n.callMethod ?\n                n.callMethod.apply(n, arguments) : n.queue.push(arguments)\n        };\n        if (!f._fbq) f._fbq = n; n.push = n; n.loaded = !0; n.version = '2.0';\n        n.queue = []; t = b.createElement(e); t.async = !0;\n        t.src = v; s = b.getElementsByTagName(e)[0];\n        s.parentNode.insertBefore(t, s)\n    }(window, document, 'script',\n        'https:\/\/connect.facebook.net\/en_US\/fbevents.js');\n    fbq('init', '522546078623747');\n    fbq('track', 'PageView');\n<\/script><br \/>\n<br \/><br \/>\n<br \/><a href=\"https:\/\/www.agrolink.com.br\/noticias\/crescimento-moderado-marca-inicio-da-semana-economica_508596.html\">Source link <\/a><\/p>\n","protected":false},"excerpt":{"rendered":"<p>&#13; No cen\u00e1rio dom\u00e9stico, a nova bateria de indicadores trouxe o IPCA-15 como indicador&#13; &#13; Agrolink&#13; &#13; &#8211; Leonardo Gottems&#13;<\/p>\n","protected":false},"author":1,"featured_media":1304,"comment_status":"open","ping_status":"open","sticky":false,"template":"","format":"standard","meta":{"_monsterinsights_skip_tracking":false,"_monsterinsights_sitenote_active":false,"_monsterinsights_sitenote_note":"","_monsterinsights_sitenote_category":0,"_uf_show_specific_survey":0,"_uf_disable_surveys":false,"footnotes":""},"categories":[8,1,14],"tags":[],"class_list":["post-25104","post","type-post","status-publish","format-standard","has-post-thumbnail","hentry","category-agro","category-news","category-politica-agro"],"_links":{"self":[{"href":"https:\/\/agromt.news\/index.php?rest_route=\/wp\/v2\/posts\/25104"}],"collection":[{"href":"https:\/\/agromt.news\/index.php?rest_route=\/wp\/v2\/posts"}],"about":[{"href":"https:\/\/agromt.news\/index.php?rest_route=\/wp\/v2\/types\/post"}],"author":[{"embeddable":true,"href":"https:\/\/agromt.news\/index.php?rest_route=\/wp\/v2\/users\/1"}],"replies":[{"embeddable":true,"href":"https:\/\/agromt.news\/index.php?rest_route=%2Fwp%2Fv2%2Fcomments&post=25104"}],"version-history":[{"count":0,"href":"https:\/\/agromt.news\/index.php?rest_route=\/wp\/v2\/posts\/25104\/revisions"}],"wp:featuredmedia":[{"embeddable":true,"href":"https:\/\/agromt.news\/index.php?rest_route=\/wp\/v2\/media\/1304"}],"wp:attachment":[{"href":"https:\/\/agromt.news\/index.php?rest_route=%2Fwp%2Fv2%2Fmedia&parent=25104"}],"wp:term":[{"taxonomy":"category","embeddable":true,"href":"https:\/\/agromt.news\/index.php?rest_route=%2Fwp%2Fv2%2Fcategories&post=25104"},{"taxonomy":"post_tag","embeddable":true,"href":"https:\/\/agromt.news\/index.php?rest_route=%2Fwp%2Fv2%2Ftags&post=25104"}],"curies":[{"name":"wp","href":"https:\/\/api.w.org\/{rel}","templated":true}]}}