{"id":25101,"date":"2025-12-02T22:16:10","date_gmt":"2025-12-03T02:16:10","guid":{"rendered":"https:\/\/agromt.news\/?p=25101"},"modified":"2025-12-02T22:16:10","modified_gmt":"2025-12-03T02:16:10","slug":"farelo-de-soja-cai-no-ano-apesar-de-leve-alta-semanal","status":"publish","type":"post","link":"https:\/\/agromt.news\/?p=25101","title":{"rendered":"Farelo de soja cai no ano, apesar de leve alta semanal"},"content":{"rendered":"<p> <br \/>\n<\/p>\n<div>\n<div class=\"row\">\n<div class=\"col-lg col-infos mt-0 mt-lg-0\">\n<div class=\"section-sub-title\">\n<p itemprop=\"description\">&#13;<br \/>\n                                Pre\u00e7os da soja divergem entre MT e mercado internacional&#13;\n                            <\/p>\n<\/p><\/div>\n<div class=\"container\">\n<div class=\"row\">\n<div class=\"col-lg p-0\">\n<div>\n<div class=\"block-news-main-infos mt-3 text-start\">\n<p>                                            <strong class=\"fn\" itemprop=\"author\" style=\"color: rgb(112, 112, 112); \">&#13;<br \/>\n                                                <a href=\"https:\/\/www.agrolink.com.br\/noticias\/javascript:;\" class=\"text-uppercase\" target=\"_blank\" style=\"color: rgb(112, 112, 112); \" rel=\"noopener\">Agrolink<\/a>&#13;<br \/>\n&#13;<br \/>\n                                                    &#8211; Seane Lennon&#13;<br \/>\n&#13;<br \/>\n                                            <\/strong><br \/>\n                                        <\/p>\n<p>                                            <abbr><time datetime=\"2025 - 12 - 02T14:37\" itemprop=\"datePublished dateModified\"> Publicado em 02\/12\/2025 \u00e0s 14:37h.<\/time><\/abbr>\n                                    <\/div>\n<\/p><\/div>\n<\/p><\/div>\n<div class=\"col-lg p-0 text-lg-end\">\n<div>\n<div id=\"mdEnviarPagina\" class=\"modal fade\" role=\"dialog\">\n<div class=\"modal-dialog\">\n<div class=\"modal-content\">\n<div class=\"modal-body\">\n<p><strong>Estimado usu\u00e1rio.<\/strong><br \/>Preencha o formul\u00e1rio abaixo para remeter a p\u00e1gina.<\/p>\n<\/p><\/div>\n<\/p><\/div>\n<\/p><\/div>\n<\/div><\/div>\n<\/p><\/div>\n<\/p><\/div>\n<\/p><\/div>\n<\/p><\/div>\n<\/p><\/div>\n<div class=\"row justify-content-md-center mt-3\">\n<div class=\"col-lg-auto col-image block-news-main-image\">\n<p>                                <img decoding=\"async\" src=\"https:\/\/www.agrolink.com.br\/upload\/imagens-resizes\/8ad5d2e0e76d4e6ba970901316a0f59b_858x483.jpg\" class=\"lazyload img-fluid\"\/><br \/>\n                                                <span class=\"publicity-photo d-block mt-1\">Foto: Canva<\/span><\/p><\/div>\n<\/p><\/div>\n<div class=\"section-description section-description-noticias mt-3\">\n<p style=\"text-align:justify\">Segundo an\u00e1lise semanal do Instituto Mato-Grossense de Economia Agropecu\u00e1ria (Imea), divulgada na segunda-feira (1\u00ba), as cota\u00e7\u00f5es do \u00f3leo de <a href=\"https:\/\/www.agrolink.com.br\/culturas\/soja?utm_source=agrolink-detalhe-noticia&amp;utm_medium=detalhe-noticia&amp;utm_campaign=links-internos\" target=\"_blank\" rel=\"noopener\">soja<\/a> na CME-Group registraram na semana de 24 a 28 de novembro uma queda de 1,21%, com m\u00e9dia final de US$ 50,45\/lb. De acordo com o instituto, o recuo est\u00e1 associado \u00e0 redu\u00e7\u00e3o de 1,40% no pre\u00e7o do petr\u00f3leo Brent, influenciada pela expectativa de um poss\u00edvel acordo entre R\u00fassia e Ucr\u00e2nia, fator que poderia reduzir a demanda pelo coproduto utilizado como mat\u00e9ria-prima na produ\u00e7\u00e3o de biodiesel.&#13;\n<\/p>\n<p style=\"text-align:justify\">O Imea informou que o farelo de soja tamb\u00e9m acompanhou o movimento de baixa, com recuo de 1,38% no per\u00edodo e negocia\u00e7\u00f5es na m\u00e9dia de US$ 316,73\/t. No mercado mato-grossense, entretanto, o comportamento foi distinto. O pre\u00e7o do \u00f3leo de soja registrou alta de 0,43% em rela\u00e7\u00e3o \u00e0 semana anterior, com m\u00e9dia de R$ 6.290,33\/t. Segundo o instituto, a eleva\u00e7\u00e3o \u00e9 sustentada pela \u201cdemanda aquecida do setor de biodiesel em 2025\u201d, o que mant\u00e9m os pre\u00e7os 2,89% acima do observado no mesmo per\u00edodo do ano passado.&#13;\n<\/p>\n<p style=\"text-align:justify\">Ainda conforme a an\u00e1lise, o farelo de soja no estado teve acr\u00e9scimo de 0,30% na semana, sendo cotado em m\u00e9dia a R$ 1.615,80\/t. Apesar disso, o produto apresenta queda de 17,43% em compara\u00e7\u00e3o com 2024, reflexo da menor demanda pelo coproduto no mercado mato-grossense diante da elevada oferta global.&#13;\n<\/p>\n<\/p><\/div>\n<\/p><\/div>\n<p><script data-cfasync=\"false\">\n    !function (f, b, e, v, n, t, s) {\n        if (f.fbq) return; n = f.fbq = function () {\n            n.callMethod ?\n                n.callMethod.apply(n, arguments) : n.queue.push(arguments)\n        };\n        if (!f._fbq) f._fbq = n; n.push = n; n.loaded = !0; n.version = '2.0';\n        n.queue = []; t = b.createElement(e); t.async = !0;\n        t.src = v; s = b.getElementsByTagName(e)[0];\n        s.parentNode.insertBefore(t, s)\n    }(window, document, 'script',\n        'https:\/\/connect.facebook.net\/en_US\/fbevents.js');\n    fbq('init', '522546078623747');\n    fbq('track', 'PageView');\n<\/script><br \/>\n<br \/><br \/>\n<br \/><a href=\"https:\/\/www.agrolink.com.br\/noticias\/farelo-de-soja-cai-no-ano--apesar-de-leve-alta-semanal_508597.html\">Source link <\/a><\/p>\n","protected":false},"excerpt":{"rendered":"<p>&#13; Pre\u00e7os da soja divergem entre MT e mercado internacional&#13; &#13; Agrolink&#13; &#13; &#8211; Seane Lennon&#13; &#13; Publicado em 02\/12\/2025<\/p>\n","protected":false},"author":1,"featured_media":2040,"comment_status":"open","ping_status":"open","sticky":false,"template":"","format":"standard","meta":{"_monsterinsights_skip_tracking":false,"_monsterinsights_sitenote_active":false,"_monsterinsights_sitenote_note":"","_monsterinsights_sitenote_category":0,"_uf_show_specific_survey":0,"_uf_disable_surveys":false,"footnotes":""},"categories":[8,1,14],"tags":[],"class_list":["post-25101","post","type-post","status-publish","format-standard","has-post-thumbnail","hentry","category-agro","category-news","category-politica-agro"],"_links":{"self":[{"href":"https:\/\/agromt.news\/index.php?rest_route=\/wp\/v2\/posts\/25101"}],"collection":[{"href":"https:\/\/agromt.news\/index.php?rest_route=\/wp\/v2\/posts"}],"about":[{"href":"https:\/\/agromt.news\/index.php?rest_route=\/wp\/v2\/types\/post"}],"author":[{"embeddable":true,"href":"https:\/\/agromt.news\/index.php?rest_route=\/wp\/v2\/users\/1"}],"replies":[{"embeddable":true,"href":"https:\/\/agromt.news\/index.php?rest_route=%2Fwp%2Fv2%2Fcomments&post=25101"}],"version-history":[{"count":0,"href":"https:\/\/agromt.news\/index.php?rest_route=\/wp\/v2\/posts\/25101\/revisions"}],"wp:featuredmedia":[{"embeddable":true,"href":"https:\/\/agromt.news\/index.php?rest_route=\/wp\/v2\/media\/2040"}],"wp:attachment":[{"href":"https:\/\/agromt.news\/index.php?rest_route=%2Fwp%2Fv2%2Fmedia&parent=25101"}],"wp:term":[{"taxonomy":"category","embeddable":true,"href":"https:\/\/agromt.news\/index.php?rest_route=%2Fwp%2Fv2%2Fcategories&post=25101"},{"taxonomy":"post_tag","embeddable":true,"href":"https:\/\/agromt.news\/index.php?rest_route=%2Fwp%2Fv2%2Ftags&post=25101"}],"curies":[{"name":"wp","href":"https:\/\/api.w.org\/{rel}","templated":true}]}}