{"id":25097,"date":"2025-12-02T20:12:37","date_gmt":"2025-12-03T00:12:37","guid":{"rendered":"https:\/\/agromt.news\/?p=25097"},"modified":"2025-12-02T20:12:37","modified_gmt":"2025-12-03T00:12:37","slug":"argentina-semeia-36-da-soja-mas-excesso-de-chuvas-preocupa-produtores","status":"publish","type":"post","link":"https:\/\/agromt.news\/?p=25097","title":{"rendered":"Argentina semeia 36% da soja, mas excesso de chuvas preocupa produtores"},"content":{"rendered":"<p> <br \/>\n<\/p>\n<div>\n<p style=\"text-align:justify\">Segundo informa\u00e7\u00f5es divulgadas pelo Instituto Mato-grossense de Economia Agropecu\u00e1ria (Imea), com base em relat\u00f3rio da Bolsa de Cereais de Buenos Aires de 27 de novembro, a semeadura da <a href=\"https:\/\/www.agrolink.com.br\/culturas\/soja?utm_source=agrolink-detalhe-noticia&amp;utm_medium=detalhe-noticia&amp;utm_campaign=links-internos\" target=\"_blank\" rel=\"noopener\">soja<\/a> da safra 2025\/26 na Argentina alcan\u00e7ou 36% da \u00e1rea total estimada em 17,6 milh\u00f5es de hectares. O avan\u00e7o semanal foi de 11 pontos percentuais, mas o ritmo segue abaixo do esperado.&#13;\n<\/p>\n<p style=\"text-align:justify\">Apesar da acelera\u00e7\u00e3o recente, o plantio ainda est\u00e1 9 pontos percentuais atr\u00e1s do mesmo per\u00edodo da safra passada e 1 ponto abaixo da m\u00e9dia dos \u00faltimos cinco anos. O principal entrave, segundo o relat\u00f3rio, \u00e9 o excesso de chuvas em importantes regi\u00f5es produtoras, o que tem dificultado a opera\u00e7\u00e3o de maquin\u00e1rios agr\u00edcolas e limitado o progresso da semeadura.<\/p>\n<p style=\"text-align:justify\">As \u00e1reas com maior percentual de avan\u00e7o no plantio s\u00e3o o Sul de C\u00f3rdoba (66,5%), o N\u00facleo Norte (63,3%) e o Noroeste de La Pampa (56,5%). Em contrapartida, o Centro-Norte de C\u00f3rdoba, N\u00facleo Sul e Centro-Leste de Entre R\u00edos apresentam atrasos consider\u00e1veis, com apenas 27,1%, 49,4% e 34,5% das \u00e1reas semeadas, respectivamente \u2014 todos com desempenho inferior ao padr\u00e3o para o per\u00edodo.&#13;\n<\/p>\n<p style=\"text-align:justify\">Segundo o Imea, esse cen\u00e1rio reflete os impactos dos volumes excessivos de precipita\u00e7\u00e3o registrados em diversas prov\u00edncias argentinas, que j\u00e1 vinham afetando o calend\u00e1rio agr\u00edcola desde o in\u00edcio da safra.<\/p>\n<p style=\"text-align:justify\">A lentid\u00e3o no plantio argentino preocupa o mercado internacional e pode influenciar o comportamento dos pre\u00e7os da soja, especialmente no Brasil. Como segundo maior produtor mundial da oleaginosa, a Argentina tem papel estrat\u00e9gico na oferta global. Qualquer atraso significativo pode gerar volatilidade nas cota\u00e7\u00f5es futuras, impactando decis\u00f5es de comercializa\u00e7\u00e3o e log\u00edstica no Brasil.<\/p>\n<p style=\"text-align:justify\">A expectativa \u00e9 que o avan\u00e7o do plantio retome ritmo mais intenso com a redu\u00e7\u00e3o das chuvas nas pr\u00f3ximas semanas. No entanto, o sinal de alerta est\u00e1 aceso: caso o clima siga inst\u00e1vel, o calend\u00e1rio da soja poder\u00e1 ser comprometido, o que refletiria diretamente na produtividade potencial da safra argentina e, por consequ\u00eancia, nos estoques globais do gr\u00e3o.&#13;\n<\/p>\n<\/p><\/div>\n<p><script data-cfasync=\"false\">\n    !function (f, b, e, v, n, t, s) {\n        if (f.fbq) return; n = f.fbq = function () {\n            n.callMethod ?\n                n.callMethod.apply(n, arguments) : n.queue.push(arguments)\n        };\n        if (!f._fbq) f._fbq = n; n.push = n; n.loaded = !0; n.version = '2.0';\n        n.queue = []; t = b.createElement(e); t.async = !0;\n        t.src = v; s = b.getElementsByTagName(e)[0];\n        s.parentNode.insertBefore(t, s)\n    }(window, document, 'script',\n        'https:\/\/connect.facebook.net\/en_US\/fbevents.js');\n    fbq('init', '522546078623747');\n    fbq('track', 'PageView');\n<\/script><br \/>\n<br \/><br \/>\n<br \/><a href=\"https:\/\/www.agrolink.com.br\/noticias\/argentina-semeia-36--da-soja--mas-excesso-de-chuvas-preocupa-produtores_508598.html\">Source link <\/a><\/p>\n","protected":false},"excerpt":{"rendered":"<p>Segundo informa\u00e7\u00f5es divulgadas pelo Instituto Mato-grossense de Economia Agropecu\u00e1ria (Imea), com base em relat\u00f3rio da Bolsa de Cereais de Buenos<\/p>\n","protected":false},"author":1,"featured_media":25098,"comment_status":"open","ping_status":"open","sticky":false,"template":"","format":"standard","meta":{"_monsterinsights_skip_tracking":false,"_monsterinsights_sitenote_active":false,"_monsterinsights_sitenote_note":"","_monsterinsights_sitenote_category":0,"_uf_show_specific_survey":0,"_uf_disable_surveys":false,"footnotes":""},"categories":[8,1,14],"tags":[],"class_list":["post-25097","post","type-post","status-publish","format-standard","has-post-thumbnail","hentry","category-agro","category-news","category-politica-agro"],"_links":{"self":[{"href":"https:\/\/agromt.news\/index.php?rest_route=\/wp\/v2\/posts\/25097"}],"collection":[{"href":"https:\/\/agromt.news\/index.php?rest_route=\/wp\/v2\/posts"}],"about":[{"href":"https:\/\/agromt.news\/index.php?rest_route=\/wp\/v2\/types\/post"}],"author":[{"embeddable":true,"href":"https:\/\/agromt.news\/index.php?rest_route=\/wp\/v2\/users\/1"}],"replies":[{"embeddable":true,"href":"https:\/\/agromt.news\/index.php?rest_route=%2Fwp%2Fv2%2Fcomments&post=25097"}],"version-history":[{"count":0,"href":"https:\/\/agromt.news\/index.php?rest_route=\/wp\/v2\/posts\/25097\/revisions"}],"wp:featuredmedia":[{"embeddable":true,"href":"https:\/\/agromt.news\/index.php?rest_route=\/wp\/v2\/media\/25098"}],"wp:attachment":[{"href":"https:\/\/agromt.news\/index.php?rest_route=%2Fwp%2Fv2%2Fmedia&parent=25097"}],"wp:term":[{"taxonomy":"category","embeddable":true,"href":"https:\/\/agromt.news\/index.php?rest_route=%2Fwp%2Fv2%2Fcategories&post=25097"},{"taxonomy":"post_tag","embeddable":true,"href":"https:\/\/agromt.news\/index.php?rest_route=%2Fwp%2Fv2%2Ftags&post=25097"}],"curies":[{"name":"wp","href":"https:\/\/api.w.org\/{rel}","templated":true}]}}