{"id":25095,"date":"2025-12-02T18:41:33","date_gmt":"2025-12-02T22:41:33","guid":{"rendered":"https:\/\/agromt.news\/?p=25095"},"modified":"2025-12-02T18:41:33","modified_gmt":"2025-12-02T22:41:33","slug":"cotacao-do-boi-gordo-segue-tendencia-de-alta-veja-os-precos-da-arroba","status":"publish","type":"post","link":"https:\/\/agromt.news\/?p=25095","title":{"rendered":"Cota\u00e7\u00e3o do boi gordo segue tend\u00eancia de alta; veja os pre\u00e7os da arroba"},"content":{"rendered":"<p> <br \/>\n<br \/><img decoding=\"async\" src=\"https:\/\/agromt.news\/wp-content\/uploads\/2025\/11\/Arroba-do-boi-gordo-sobe-R-5-em-apenas-um.jpg\" \/><\/p>\n<div>\n<p>O mercado f\u00edsico do boi gordo apresenta acomoda\u00e7\u00e3o em seus pre\u00e7os em grande parte do pa\u00eds, com um ou outro neg\u00f3cio realizado acima da refer\u00eancia m\u00e9dia. <\/p>\n<p>De acordo com o analista da Consultoria Safras &amp; Mercado Fernando Henrique Iglesias, a demanda \u00e9 vari\u00e1vel importante para que haja retomada do movimento de alta para o mercado do boi, considerando a expectativa de bom ritmo de vendas para os <strong><a href=\"https:\/\/www.canalrural.com.br\/tag\/estados-unidos\/\">Estados Unidos<\/a><\/strong>, mercado que se depara com grande necessidade de compra. <\/p>\n<p>\u201cAl\u00e9m disso, a demanda dom\u00e9stica est\u00e1 aquecida porque dezembro \u00e9 o m\u00eas de melhor consumo de carne bovina no ano\u201d, disse.<\/p>\n<h2 class=\"wp-block-heading\" id=\"h-precos-medios-do-boi-gordo\">Pre\u00e7os m\u00e9dios do boi gordo<\/h2>\n<ul class=\"wp-block-list\">\n<li><strong>S\u00e3o Paulo:<\/strong> R$ 322,92 \u2014 ontem: R$ 322,33<\/li>\n<li><strong>Goi\u00e1s: <\/strong>R$ 315,54 \u2014 R$ 314,11<\/li>\n<li><strong>Minas Gerais:<\/strong> R$ 319,41 \u2014 R$ 317,35<\/li>\n<li><strong>Mato Grosso do Sul: <\/strong>R$ 319,32 \u2014 R$ 318,52<\/li>\n<li><strong>Mato Grosso: <\/strong>R$ 301,15 \u2014 R$ 299,73<\/li>\n<\/ul>\n<h2 class=\"wp-block-heading\" id=\"h-mercado-atacadista\">Mercado atacadista<\/h2>\n<p>O mercado atacadista ainda apresenta acomoda\u00e7\u00e3o em seus pre\u00e7os no decorrer da semana. Segundo Iglesias, o ambiente de neg\u00f3cios ainda sugere pela alta dos pre\u00e7os no curto prazo, em linha com o \u00f3timo potencial de consumo durante o \u00faltimo bimestre. <\/p>\n<p>Ele salienta que os cortes do traseiro apresentam maior potencial de valoriza\u00e7\u00e3o nesse per\u00edodo do ano pelo perfil de consumo.<\/p>\n<ul class=\"wp-block-list\">\n<li><strong>Quarto traseiro:<\/strong> ainda \u00e9 precificado a R$ 25,50 por quilo;<\/li>\n<li><strong>Quarto dianteiro: <\/strong>segue cotado a R$ 19,00 por quilo;<\/li>\n<li><strong>Ponta de agulha: <\/strong>se mant\u00e9m a R$ 18,50, por quilo.<\/li>\n<\/ul>\n<h2 class=\"wp-block-heading\" id=\"h-cambio\">C\u00e2mbio<\/h2>\n<p>O d\u00f3lar comercial encerrou a sess\u00e3o em queda de 0,53%, sendo negociado a R$ 5,3296 para venda e a R$ 5,3276 para compra. Durante o dia, a moeda norte-americana oscilou entre a m\u00ednima de R$ 5,3291 e a m\u00e1xima de R$ 5,3626.<\/p>\n<\/p><\/div>\n<p><br \/>\n<br \/><a href=\"https:\/\/www.canalrural.com.br\/pecuaria\/cotacao-do-boi-gordo-segue-tendencia-de-alta-veja-os-precos-da-arroba\/\">Source link <\/a><\/p>\n","protected":false},"excerpt":{"rendered":"<p>O mercado f\u00edsico do boi gordo apresenta acomoda\u00e7\u00e3o em seus pre\u00e7os em grande parte do pa\u00eds, com um ou outro<\/p>\n","protected":false},"author":1,"featured_media":23550,"comment_status":"open","ping_status":"open","sticky":false,"template":"","format":"standard","meta":{"_monsterinsights_skip_tracking":false,"_monsterinsights_sitenote_active":false,"_monsterinsights_sitenote_note":"","_monsterinsights_sitenote_category":0,"_uf_show_specific_survey":0,"_uf_disable_surveys":false,"footnotes":""},"categories":[1],"tags":[],"class_list":["post-25095","post","type-post","status-publish","format-standard","has-post-thumbnail","hentry","category-news"],"_links":{"self":[{"href":"https:\/\/agromt.news\/index.php?rest_route=\/wp\/v2\/posts\/25095"}],"collection":[{"href":"https:\/\/agromt.news\/index.php?rest_route=\/wp\/v2\/posts"}],"about":[{"href":"https:\/\/agromt.news\/index.php?rest_route=\/wp\/v2\/types\/post"}],"author":[{"embeddable":true,"href":"https:\/\/agromt.news\/index.php?rest_route=\/wp\/v2\/users\/1"}],"replies":[{"embeddable":true,"href":"https:\/\/agromt.news\/index.php?rest_route=%2Fwp%2Fv2%2Fcomments&post=25095"}],"version-history":[{"count":0,"href":"https:\/\/agromt.news\/index.php?rest_route=\/wp\/v2\/posts\/25095\/revisions"}],"wp:featuredmedia":[{"embeddable":true,"href":"https:\/\/agromt.news\/index.php?rest_route=\/wp\/v2\/media\/23550"}],"wp:attachment":[{"href":"https:\/\/agromt.news\/index.php?rest_route=%2Fwp%2Fv2%2Fmedia&parent=25095"}],"wp:term":[{"taxonomy":"category","embeddable":true,"href":"https:\/\/agromt.news\/index.php?rest_route=%2Fwp%2Fv2%2Fcategories&post=25095"},{"taxonomy":"post_tag","embeddable":true,"href":"https:\/\/agromt.news\/index.php?rest_route=%2Fwp%2Fv2%2Ftags&post=25095"}],"curies":[{"name":"wp","href":"https:\/\/api.w.org\/{rel}","templated":true}]}}