{"id":25092,"date":"2025-12-02T17:49:06","date_gmt":"2025-12-02T21:49:06","guid":{"rendered":"https:\/\/agromt.news\/?p=25092"},"modified":"2025-12-02T17:49:06","modified_gmt":"2025-12-02T21:49:06","slug":"ministerio-retoma-investigacoes-para-proteger-produtor-de-leite-contra-importacoes-desleais","status":"publish","type":"post","link":"https:\/\/agromt.news\/?p=25092","title":{"rendered":"Minist\u00e9rio retoma investiga\u00e7\u00f5es para proteger produtor de leite contra importa\u00e7\u00f5es &#8216;desleais&#8217;"},"content":{"rendered":"<p> <br \/>\n<br \/><img decoding=\"async\" src=\"https:\/\/agromt.news\/wp-content\/uploads\/2025\/12\/Ministerio-retoma-investigacoes-para-proteger-produtor-de-leite-contra-importacoes.png\" \/><\/p>\n<div>\n<p>As investiga\u00e7\u00f5es antidumping nas importa\u00e7\u00f5es de leite em p\u00f3 provenientes de Argentina e Uruguai ser\u00e3o retomadas pelo Minist\u00e9rio do Desenvolvimento, Ind\u00fastria, Com\u00e9rcio e Servi\u00e7os (MDIC), anunciou o vice-presidente e titular da pasta, <strong><a href=\"https:\/\/www.canalrural.com.br\/tag\/geraldo-alckmin\/\">Geraldo Alckmin<\/a><\/strong>, nesta ter\u00e7a-feira (2). <\/p>\n<p>Desde agosto deste ano o processo estava parado por conta de medida preliminar que apontava problemas t\u00e9cnicos na origem da peti\u00e7\u00e3o, como a necessidade de diferencia\u00e7\u00e3o do produto <em>in natura<\/em> da vers\u00e3o em p\u00f3,mas, agora, a pedido da Confedera\u00e7\u00e3o da Agricultura e Pecu\u00e1ria do Brasil (CNA), os trabalhos devem seguir at\u00e9 junho de 2026.<\/p>\n<p>Contudo, representantes da entidade dizem esperar que medidas, como a antecipa\u00e7\u00e3o de uma tarifa adicional ao produto importado, sejam colocadas em pr\u00e1tica antes desse per\u00edodo. De acordo com o assessor t\u00e9cnico da entidade, Guilherme Sousa Dias, foi constatado que entre 2021 e 2023, que abrange o per\u00edodo investigado, a Argentina exportou leite em p\u00f3 ao Brasil a um pre\u00e7o 53% menor do que custava em seu mercado interno.<\/p>\n<p>O vice-presidente da Comiss\u00e3o Nacional de Pecu\u00e1ria de Leite da CNA, J\u00f4nadan Ma, destacou a import\u00e2ncia da decis\u00e3o como \u201cuma a\u00e7\u00e3o concreta de defesa ao produtor e \u00e0 ind\u00fastria nacional\u201d, diante dos preju\u00edzos causados pelas importa\u00e7\u00f5es aos pecuaristas de leite no pa\u00eds, principalmente os pequenos, que j\u00e1 enfrentam uma crise de baixos pre\u00e7os e alta dos custos de produ\u00e7\u00e3o.<\/p>\n<p>\u201cO importante \u00e9 garantir a sobreviv\u00eancia do produtor e amenizar o cen\u00e1rio cr\u00edtico pela cadeia leiteira\u201d, acrescentou. \u201cO ministro reconheceu o peso social, pol\u00edtico e estrat\u00e9gico da cadeia do leite. O Brasil re\u00fane mais de 1,1 milh\u00e3o de produtores, respons\u00e1veis pelo sustento direto de 5 a 6 milh\u00f5es de pessoas\u201d, completou.<\/p>\n<p>Segundo ele, com a decis\u00e3o, a produ\u00e7\u00e3o nacional poder\u00e1 ser preservada de pr\u00e1ticas desleais de com\u00e9rcio e evita-se a depend\u00eancia do mercado externo no m\u00e9dio e no longo prazo.<\/p>\n<p>Ma disse, ainda, que o setor leiteiro enfrentou um ano particularmente desafiador em 2025 e que a expectativa \u00e9 encerrar o ano com algum al\u00edvio e iniciar 2026 em condi\u00e7\u00f5es mais favor\u00e1veis, abrindo novas perspectivas para os produtores e para toda a cadeia produtiva.<\/p>\n<p>O deputado Domingos S\u00e1vio, da Frente Parlamentar da Agropecu\u00e1ria (FPA), lembrou que esse entendimento \u00e9 reconhecido pela Organiza\u00e7\u00e3o Mundial do Com\u00e9rcio (OMC) de que o leite em p\u00f3 \u00e9 similar ao leite in natura, fator que, na sua avalia\u00e7\u00e3o, pesou para que a equipe t\u00e9cnica do MDIC revisse sua posi\u00e7\u00e3o, que foi respaldada pelo ministro e vice-presidente Geraldo Alckmin.<\/p>\n<p>J\u00e1 a deputada Ana Paula Le\u00e3o, presidente da FPPL, disse que os pr\u00f3ximos passos, al\u00e9m das tarifas antidumping provis\u00f3rias, \u00e9 tratar de a\u00e7\u00f5es estruturantes para a cadeia produtiva para melhorar a rentabilidade do produtor.<\/p>\n<p>O assessor t\u00e9cnico da CNA, Guilherme Dias, pontuou que as pr\u00f3ximas etapas envolvem a publica\u00e7\u00e3o, no processo, do deferimento do pedido de reconsidera\u00e7\u00e3o da CNA e a retomada da investiga\u00e7\u00e3o de dumping.<\/p>\n<p>A Confedera\u00e7\u00e3o tamb\u00e9m aguarda a determina\u00e7\u00e3o preliminar positiva de dumping, dano e nexo causal para aplica\u00e7\u00e3o de direitos antidumping provis\u00f3rios t\u00e3o logo seja poss\u00edvel. A entidade segue articulando junto ao MDIC e lutando pela defesa dos produtores rurais.<\/p>\n<\/p><\/div>\n<p><br \/>\n<br \/><a href=\"https:\/\/www.canalrural.com.br\/economia\/ministerio-retoma-investigacoes-para-proteger-produtor-de-leite-contra-importacoes-desleais\/\">Source link <\/a><\/p>\n","protected":false},"excerpt":{"rendered":"<p>As investiga\u00e7\u00f5es antidumping nas importa\u00e7\u00f5es de leite em p\u00f3 provenientes de Argentina e Uruguai ser\u00e3o retomadas pelo Minist\u00e9rio do Desenvolvimento,<\/p>\n","protected":false},"author":1,"featured_media":25093,"comment_status":"open","ping_status":"open","sticky":false,"template":"","format":"standard","meta":{"_monsterinsights_skip_tracking":false,"_monsterinsights_sitenote_active":false,"_monsterinsights_sitenote_note":"","_monsterinsights_sitenote_category":0,"_uf_show_specific_survey":0,"_uf_disable_surveys":false,"footnotes":""},"categories":[1],"tags":[],"class_list":["post-25092","post","type-post","status-publish","format-standard","has-post-thumbnail","hentry","category-news"],"_links":{"self":[{"href":"https:\/\/agromt.news\/index.php?rest_route=\/wp\/v2\/posts\/25092"}],"collection":[{"href":"https:\/\/agromt.news\/index.php?rest_route=\/wp\/v2\/posts"}],"about":[{"href":"https:\/\/agromt.news\/index.php?rest_route=\/wp\/v2\/types\/post"}],"author":[{"embeddable":true,"href":"https:\/\/agromt.news\/index.php?rest_route=\/wp\/v2\/users\/1"}],"replies":[{"embeddable":true,"href":"https:\/\/agromt.news\/index.php?rest_route=%2Fwp%2Fv2%2Fcomments&post=25092"}],"version-history":[{"count":0,"href":"https:\/\/agromt.news\/index.php?rest_route=\/wp\/v2\/posts\/25092\/revisions"}],"wp:featuredmedia":[{"embeddable":true,"href":"https:\/\/agromt.news\/index.php?rest_route=\/wp\/v2\/media\/25093"}],"wp:attachment":[{"href":"https:\/\/agromt.news\/index.php?rest_route=%2Fwp%2Fv2%2Fmedia&parent=25092"}],"wp:term":[{"taxonomy":"category","embeddable":true,"href":"https:\/\/agromt.news\/index.php?rest_route=%2Fwp%2Fv2%2Fcategories&post=25092"},{"taxonomy":"post_tag","embeddable":true,"href":"https:\/\/agromt.news\/index.php?rest_route=%2Fwp%2Fv2%2Ftags&post=25092"}],"curies":[{"name":"wp","href":"https:\/\/api.w.org\/{rel}","templated":true}]}}