{"id":25088,"date":"2025-12-02T17:20:16","date_gmt":"2025-12-02T21:20:16","guid":{"rendered":"https:\/\/agromt.news\/?p=25088"},"modified":"2025-12-02T17:20:16","modified_gmt":"2025-12-02T21:20:16","slug":"especialistas-discutem-agenda-agroambiental-e-desafios-pos-cop30-em-encontro-em-sp","status":"publish","type":"post","link":"https:\/\/agromt.news\/?p=25088","title":{"rendered":"Especialistas discutem agenda agroambiental e desafios p\u00f3s-COP30 em encontro em SP"},"content":{"rendered":"<p> <br \/>\n<br \/><img decoding=\"async\" src=\"https:\/\/agromt.news\/wp-content\/uploads\/2025\/12\/Especialistas-discutem-agenda-agroambiental-e-desafios-pos-COP30-em-encontro-em.png\" \/><\/p>\n<div>\n<p>Ap\u00f3s o encerramento da COP30, realizada em Bel\u00e9m, especialistas se reuniram em S\u00e3o Paulo para analisar o papel do Brasil na agenda clim\u00e1tica global e os caminhos da nova pauta agroambiental at\u00e9 2026. <\/p>\n<p>O debate destacou que o agro voltou ao centro das discuss\u00f5es internacionais e que a agricultura tropical passou a ser reconhecida como parte da solu\u00e7\u00e3o clim\u00e1tica,e n\u00e3o apenas como fonte de emiss\u00f5es.<\/p>\n<p>De acordo com o head de sustentabilidade do Ita\u00fa BBA, Jo\u00e3o Adrien, embora a COP nem sempre entregue avan\u00e7os concretos nas negocia\u00e7\u00f5es formais, o evento vem ganhando for\u00e7a.<\/p>\n<p>\u201cSe pensarmos somente na parte da negocia\u00e7\u00e3o, ela acaba frustrando, mas a COP, vista sobre a perspectiva de relacionamento, novos neg\u00f3cios sendo gerados, fundos sendo apresentados, e assim por diante. Isso tem trazido para discuss\u00e3o uma grande esperan\u00e7a e tamb\u00e9m grandes oportunidades\u201d, afirma.<\/p>\n<p><iframe title=\"Especialistas se re\u00fanem para discutir a nova agenda agroambiental em encontro p\u00f3s COP\" width=\"800\" height=\"450\" src=\"https:\/\/www.youtube.com\/embed\/NgaqOZhe-Bw?feature=oembed\" frameborder=\"0\" allow=\"accelerometer; autoplay; clipboard-write; encrypted-media; gyroscope; picture-in-picture; web-share\" referrerpolicy=\"strict-origin-when-cross-origin\" allowfullscreen><\/iframe><\/p>\n<p>Segundo Leonardo Munhoz, as regras obrigat\u00f3rias est\u00e3o cedendo espa\u00e7o para declara\u00e7\u00f5es pol\u00edticas, o que amplia o papel do <em>soft power<\/em> (capacidade de influenciar por meio de di\u00e1logo e parcerias). \u201cGrandes decis\u00f5es e tratados ambientais vieram de <em>soft power<\/em>. A declara\u00e7\u00e3o de 92 era isso, o Acordo de Paris e Protocolo de Kyoto. Ent\u00e3o est\u00e1 acontecendo uma transforma\u00e7\u00e3o do direito internacional para algo novo e o agro aqui ganha protagonismo\u201d, conta. <\/p>\n<p>Outro tema central foi a transi\u00e7\u00e3o energ\u00e9tica, o texto final da COP30 n\u00e3o mencionou a redu\u00e7\u00e3o do uso de combust\u00edveis f\u00f3sseis, o que gerou cr\u00edticas. Para o diretor da Associa\u00e7\u00e3o Brasileira do Agroneg\u00f3cio (<a href=\"https:\/\/www.canalrural.com.br\/tag\/abag\/\">Abag<\/a>), Eduardo Bastos, a transforma\u00e7\u00e3o do setor \u00e9 lenta e complexa, e n\u00e3o pode ser tratada como uma mudan\u00e7a imediata. <\/p>\n<p>\u201cBiocombust\u00edvel \u00e9 super importante, mas biocombust\u00edvel hoje 3% da matriz global de combust\u00edvel. Ent\u00e3o, assim, achar que 3% vai virar 100 em um ano, n\u00e3o vai. Em lugar nenhum do mundo viraria\u201d, afirma.<\/p>\n<p>Ele lembrou que biocombust\u00edveis representam apenas 3% da matriz global de energia e que n\u00e3o existe um \u201cplano B\u201d escal\u00e1vel para substituir petr\u00f3leo, diesel, gasolina e derivados no curto prazo.<\/p>\n<p>\u201cSe a partir de amanh\u00e3 n\u00e3o houver mais petr\u00f3leo, gasolina, diesel e pl\u00e1stico, o que n\u00f3s vamos fazer? A COP \u00e9 constru\u00e7\u00e3o de consenso. E constru\u00e7\u00e3o de consenso d\u00e1 trabalho\u201d, conclui. <\/p>\n<p>Com o Brasil em posi\u00e7\u00e3o estrat\u00e9gica nas negocia\u00e7\u00f5es clim\u00e1ticas e no fornecimento de alimentos ao mundo, o encontro refor\u00e7ou que o pa\u00eds ter\u00e1 papel decisivo na constru\u00e7\u00e3o da agenda agroambiental dos pr\u00f3ximos anos, combinando produ\u00e7\u00e3o, sustentabilidade e protagonismo diplom\u00e1tico.<\/p>\n<\/p><\/div>\n<p><br \/>\n<br \/><a href=\"https:\/\/www.canalrural.com.br\/cop30\/especialistas-discutem-agenda-agroambiental-e-desafios-pos-cop30-em-encontro-em-sp\/\">Source link <\/a><\/p>\n","protected":false},"excerpt":{"rendered":"<p>Ap\u00f3s o encerramento da COP30, realizada em Bel\u00e9m, especialistas se reuniram em S\u00e3o Paulo para analisar o papel do Brasil<\/p>\n","protected":false},"author":1,"featured_media":25089,"comment_status":"open","ping_status":"open","sticky":false,"template":"","format":"standard","meta":{"_monsterinsights_skip_tracking":false,"_monsterinsights_sitenote_active":false,"_monsterinsights_sitenote_note":"","_monsterinsights_sitenote_category":0,"_uf_show_specific_survey":0,"_uf_disable_surveys":false,"footnotes":""},"categories":[1],"tags":[],"class_list":["post-25088","post","type-post","status-publish","format-standard","has-post-thumbnail","hentry","category-news"],"_links":{"self":[{"href":"https:\/\/agromt.news\/index.php?rest_route=\/wp\/v2\/posts\/25088"}],"collection":[{"href":"https:\/\/agromt.news\/index.php?rest_route=\/wp\/v2\/posts"}],"about":[{"href":"https:\/\/agromt.news\/index.php?rest_route=\/wp\/v2\/types\/post"}],"author":[{"embeddable":true,"href":"https:\/\/agromt.news\/index.php?rest_route=\/wp\/v2\/users\/1"}],"replies":[{"embeddable":true,"href":"https:\/\/agromt.news\/index.php?rest_route=%2Fwp%2Fv2%2Fcomments&post=25088"}],"version-history":[{"count":0,"href":"https:\/\/agromt.news\/index.php?rest_route=\/wp\/v2\/posts\/25088\/revisions"}],"wp:featuredmedia":[{"embeddable":true,"href":"https:\/\/agromt.news\/index.php?rest_route=\/wp\/v2\/media\/25089"}],"wp:attachment":[{"href":"https:\/\/agromt.news\/index.php?rest_route=%2Fwp%2Fv2%2Fmedia&parent=25088"}],"wp:term":[{"taxonomy":"category","embeddable":true,"href":"https:\/\/agromt.news\/index.php?rest_route=%2Fwp%2Fv2%2Fcategories&post=25088"},{"taxonomy":"post_tag","embeddable":true,"href":"https:\/\/agromt.news\/index.php?rest_route=%2Fwp%2Fv2%2Ftags&post=25088"}],"curies":[{"name":"wp","href":"https:\/\/api.w.org\/{rel}","templated":true}]}}