{"id":25083,"date":"2025-12-02T16:32:22","date_gmt":"2025-12-02T20:32:22","guid":{"rendered":"https:\/\/agromt.news\/?p=25083"},"modified":"2025-12-02T16:32:22","modified_gmt":"2025-12-02T20:32:22","slug":"derrubada-de-vetos-traz-licenciamento-ambiental-para-seculo-21-diz-faesp","status":"publish","type":"post","link":"https:\/\/agromt.news\/?p=25083","title":{"rendered":"Derrubada de vetos traz licenciamento ambiental para s\u00e9culo 21, diz Faesp"},"content":{"rendered":"<p> <br \/>\n<br \/><img decoding=\"async\" src=\"https:\/\/agromt.news\/wp-content\/uploads\/2025\/12\/Derrubada-de-vetos-traz-licenciamento-ambiental-para-seculo-21-diz.png\" \/><\/p>\n<div>\n<p>A Federa\u00e7\u00e3o da Agricultura e Pecu\u00e1ria do Estado de S\u00e3o Paulo (Faesp) divulgou nota nesta ter\u00e7a-feira (2) em que considera a derrubada dos vetos presidenciais ao novo marco do licenciamento ambiental um passo essencial para recolocar o pa\u00eds diante de uma de suas discuss\u00f5es mais estrat\u00e9gicas: como conciliar crescimento econ\u00f4mico, responsabilidade ambiental e seguran\u00e7a jur\u00eddica. <\/p>\n<p>\u201cAo restabelecer dispositivos que haviam sido bloqueados, o Congresso reafirma a necessidade de atualizar um sistema que, por d\u00e9cadas, n\u00e3o acompanhou a velocidade das transforma\u00e7\u00f5es produtivas e tecnol\u00f3gicas\u201d, observa o texto.<\/p>\n<p>Para a entidade, o Brasil do s\u00e9culo 21 exige marcos regulat\u00f3rios mais claros, eficientes e capazes de responder a desafios que v\u00e3o da infraestrutura \u00e0 produ\u00e7\u00e3o de alimentos em larga escala.<\/p>\n<p>Nesse contexto, para o presidente da da Faesp, Tirso Meirelles, o setor agropecu\u00e1rio emerge como protagonista de uma agenda que combina produtividade e sustentabilidade. <\/p>\n<p>Segundo ele, nos \u00faltimos anos, produtores incorporaram pr\u00e1ticas modernas de manejo, integra\u00e7\u00e3o lavoura-pecu\u00e1ria-floresta, recupera\u00e7\u00e3o de \u00e1reas degradadas e uso intensivo de tecnologia para reduzir impactos ambientais.<\/p>\n<p>\u201cA comemora\u00e7\u00e3o do setor produtivo reflete a convic\u00e7\u00e3o de que um licenciamento mais moderno permitir\u00e1 reconhecer e valorizar essas evolu\u00e7\u00f5es, al\u00e9m de facilitar investimentos que sigam padr\u00f5es socioambientais adequados\u201d, afirmou Meirelles.<\/p>\n<h2 class=\"wp-block-heading\" id=\"h-protecao-dos-biomas-nao-sera-flexibilizada\">\u2018Prote\u00e7\u00e3o dos biomas n\u00e3o ser\u00e1 flexibilizada\u2019<\/h2>\n<p>A nota da entidade continua ressaltando que atualizar o processo de licenciamento ambiental n\u00e3o significa flexibilizar a prote\u00e7\u00e3o dos biomas. \u201cPelo contr\u00e1rio: significa substituir procedimentos morosos e desarticulados por instrumentos t\u00e9cnicos mais inteligentes, digitais e alinhados \u00e0 ci\u00eancia.\u201d <\/p>\n<p>Meirelles considera que um licenciamento do s\u00e9culo 21 deve ser mais \u00e1gil, reduzindo a burocracia que n\u00e3o agrega seguran\u00e7a ambiental e fortalecendo a capacidade de monitoramento, transpar\u00eancia e responsabiliza\u00e7\u00e3o. \u201cAssim, cria-se um ambiente em que bons empreendedores s\u00e3o estimulados e maus atores encontram menos brechas para se esconder\u201d, acredita.<\/p>\n<h2 class=\"wp-block-heading\" id=\"h-proximo-desafio\">Pr\u00f3ximo desafio<\/h2>\n<p>A nota da Faesp destaca que o desafio agora \u00e9 transformar o novo marco legal em pol\u00edtica p\u00fablica efetiva, que una inova\u00e7\u00e3o, sustentabilidade e competitividade. \u201cA derrubada dos vetos abre uma oportunidade hist\u00f3rica: alinhar o pa\u00eds \u00e0s melhores pr\u00e1ticas internacionais e consolidar um modelo em que desenvolvimento e prote\u00e7\u00e3o ambiental caminhem juntos.\u201d <\/p>\n<p>Para a entidade, se bem implementado, o novo licenciamento poder\u00e1 dar ao Brasil o impulso necess\u00e1rio para avan\u00e7ar com responsabilidade \u2014 honrando sua voca\u00e7\u00e3o produtiva e, ao mesmo tempo, preservando o patrim\u00f4nio natural que sustenta sua economia e sua proje\u00e7\u00e3o global.<\/p>\n<\/p><\/div>\n<p><br \/>\n<br \/><a href=\"https:\/\/www.canalrural.com.br\/agricultura\/derrubada-de-vetos-traz-licenciamento-ambiental-para-seculo-21-diz-faesp\/\">Source link <\/a><\/p>\n","protected":false},"excerpt":{"rendered":"<p>A Federa\u00e7\u00e3o da Agricultura e Pecu\u00e1ria do Estado de S\u00e3o Paulo (Faesp) divulgou nota nesta ter\u00e7a-feira (2) em que considera<\/p>\n","protected":false},"author":1,"featured_media":25084,"comment_status":"open","ping_status":"open","sticky":false,"template":"","format":"standard","meta":{"_monsterinsights_skip_tracking":false,"_monsterinsights_sitenote_active":false,"_monsterinsights_sitenote_note":"","_monsterinsights_sitenote_category":0,"_uf_show_specific_survey":0,"_uf_disable_surveys":false,"footnotes":""},"categories":[1],"tags":[],"class_list":["post-25083","post","type-post","status-publish","format-standard","has-post-thumbnail","hentry","category-news"],"_links":{"self":[{"href":"https:\/\/agromt.news\/index.php?rest_route=\/wp\/v2\/posts\/25083"}],"collection":[{"href":"https:\/\/agromt.news\/index.php?rest_route=\/wp\/v2\/posts"}],"about":[{"href":"https:\/\/agromt.news\/index.php?rest_route=\/wp\/v2\/types\/post"}],"author":[{"embeddable":true,"href":"https:\/\/agromt.news\/index.php?rest_route=\/wp\/v2\/users\/1"}],"replies":[{"embeddable":true,"href":"https:\/\/agromt.news\/index.php?rest_route=%2Fwp%2Fv2%2Fcomments&post=25083"}],"version-history":[{"count":0,"href":"https:\/\/agromt.news\/index.php?rest_route=\/wp\/v2\/posts\/25083\/revisions"}],"wp:featuredmedia":[{"embeddable":true,"href":"https:\/\/agromt.news\/index.php?rest_route=\/wp\/v2\/media\/25084"}],"wp:attachment":[{"href":"https:\/\/agromt.news\/index.php?rest_route=%2Fwp%2Fv2%2Fmedia&parent=25083"}],"wp:term":[{"taxonomy":"category","embeddable":true,"href":"https:\/\/agromt.news\/index.php?rest_route=%2Fwp%2Fv2%2Fcategories&post=25083"},{"taxonomy":"post_tag","embeddable":true,"href":"https:\/\/agromt.news\/index.php?rest_route=%2Fwp%2Fv2%2Ftags&post=25083"}],"curies":[{"name":"wp","href":"https:\/\/api.w.org\/{rel}","templated":true}]}}