{"id":25068,"date":"2025-12-02T11:53:59","date_gmt":"2025-12-02T15:53:59","guid":{"rendered":"https:\/\/agromt.news\/?p=25068"},"modified":"2025-12-02T11:53:59","modified_gmt":"2025-12-02T15:53:59","slug":"semeadura-do-milho-avanca-e-mantem-projecao-produtiva","status":"publish","type":"post","link":"https:\/\/agromt.news\/?p=25068","title":{"rendered":"Semeadura do milho avan\u00e7a e mant\u00e9m proje\u00e7\u00e3o produtiva"},"content":{"rendered":"<p> <br \/>\n<\/p>\n<div>\n<p style=\"text-align:justify\">O Informativo Conjuntural divulgado pela Emater\/RS-Ascar na quinta-feira (27) aponta que a semeadura do <a href=\"https:\/\/www.agrolink.com.br\/culturas\/milho?utm_source=agrolink-detalhe-noticia&amp;utm_medium=detalhe-noticia&amp;utm_campaign=links-internos&#9;\" target=\"_blank\" rel=\"noopener\">milho<\/a> no Rio Grande do Sul atingiu 85% da \u00e1rea prevista, com 58% das lavouras em desenvolvimento vegetativo, 29% em flora\u00e7\u00e3o e 13% em enchimento de gr\u00e3os. Segundo o documento, \u201ca cultura apresenta boas condi\u00e7\u00f5es de desenvolvimento, e o potencial produtivo se mant\u00e9m\u201d. A entidade registra, por\u00e9m, a ocorr\u00eancia de leve estresse h\u00eddrico em algumas \u00e1reas de sequeiro.&#13;\n<\/p>\n<p style=\"text-align:justify\">Nas regi\u00f5es irrigadas, o desempenho \u00e9 descrito como \u201cexcelente\u201d, mas a falta de chuvas preocupa produtores da Fronteira Oeste. Em lavouras com maior n\u00edvel tecnol\u00f3gico, a expectativa \u00e9 de produtividades superiores \u00e0s iniciais, variando entre 6.000 e 10.000 kg\/ha. A regi\u00e3o Norte registrou queda de rendimento ap\u00f3s epis\u00f3dios de granizo.<\/p>\n<p style=\"text-align:justify\">Apesar da ocorr\u00eancia pontual de <a href=\"https:\/\/www.agrolink.com.br\/agrolinkfito\/manejo-integrado\/manejo-integrado-de-pragas\/controle--manejo-integrado--da-cigarrinha-do-milho--dalbulus-maidis-_485243.html\" target=\"_blank\" rel=\"noopener\">cigarrinha-do-milho<\/a>, a Emater informa que a praga est\u00e1 sob controle. A estimativa estadual aponta 785.030 hectares cultivados e produtividade m\u00e9dia de 7.370 kg\/ha.<\/p>\n<p style=\"text-align:justify\">Na regional de Bag\u00e9, lavouras em plena flora\u00e7\u00e3o e in\u00edcio do enchimento de gr\u00e3os avan\u00e7am sob preocupa\u00e7\u00e3o com a aus\u00eancia de chuva durante o pendoamento. Na Campanha, o plantio prossegue, com \u00e1reas semeadas no in\u00edcio de novembro apresentando bom desenvolvimento, embora haja grande varia\u00e7\u00e3o no rendimento devido ao manejo e \u00e0 tecnologia empregada.<\/p>\n<p style=\"text-align:justify\">Em Caxias do Sul, a Emater afirma que \u201cas lavouras se desenvolvem bem\u201d e projeta boa safra. \u00c1reas mais baixas iniciam a flora\u00e7\u00e3o, enquanto a maior parte segue em desenvolvimento vegetativo. Na regional de Erechim, o plantio est\u00e1 conclu\u00eddo e 80% das \u00e1reas j\u00e1 est\u00e3o em pendoamento. Os produtores reduziram o uso de adubos em rela\u00e7\u00e3o ao ano passado, mas a produtividade pode superar 9.000 kg\/ha, caso o clima permane\u00e7a regular. O granizo recente pode limitar essa proje\u00e7\u00e3o em \u00e1reas atingidas.&#13;\n<\/p>\n<p style=\"text-align:justify\">Em Frederico Westphalen, 30% das lavouras est\u00e3o em desenvolvimento vegetativo, 36% em flora\u00e7\u00e3o e 33% em enchimento. A presen\u00e7a de cigarrinha \u00e9 baixa e o estado fitossanit\u00e1rio \u00e9 considerado adequado. No munic\u00edpio de Iju\u00ed, 25% das \u00e1reas est\u00e3o na fase reprodutiva e 35% em pr\u00e9-pendoamento. A falta de umidade em hor\u00e1rios quentes provoca sinais de d\u00e9ficit h\u00eddrico, mas as espigas em forma\u00e7\u00e3o apresentam alto potencial produtivo.<\/p>\n<p style=\"text-align:justify\">Na regional de Passo Fundo, 70% das lavouras permanecem em desenvolvimento vegetativo, favorecidas pelo clima. Em Pelotas, as chuvas foram insuficientes para recompor a umidade do solo, atrasando semeaduras e mantendo o plantio em 41% da \u00e1rea prevista. A aduba\u00e7\u00e3o de cobertura j\u00e1 foi realizada.<\/p>\n<p style=\"text-align:justify\">Em Santa Maria, 58% da \u00e1rea est\u00e1 plantada, com avan\u00e7o previsto ap\u00f3s a colheita do tabaco. Em Santa Rosa, a semeadura alcan\u00e7a 89%, e o restante ser\u00e1 destinado \u00e0 safrinha. H\u00e1 17% das lavouras em vegetativo, 52% em flora\u00e7\u00e3o e 31% em enchimento, com baixa presen\u00e7a de cigarrinha. J\u00e1 em Soledade, 68% da \u00e1rea est\u00e1 semeada, e as condi\u00e7\u00f5es de temperatura, umidade e luminosidade impulsionam o desenvolvimento. Em \u00e1reas mais baixas, pendoamento e enchimento j\u00e1 se iniciam em cerca de 5% das lavouras.&#13;\n<\/p>\n<\/p><\/div>\n<p><script data-cfasync=\"false\">\n    !function (f, b, e, v, n, t, s) {\n        if (f.fbq) return; n = f.fbq = function () {\n            n.callMethod ?\n                n.callMethod.apply(n, arguments) : n.queue.push(arguments)\n        };\n        if (!f._fbq) f._fbq = n; n.push = n; n.loaded = !0; n.version = '2.0';\n        n.queue = []; t = b.createElement(e); t.async = !0;\n        t.src = v; s = b.getElementsByTagName(e)[0];\n        s.parentNode.insertBefore(t, s)\n    }(window, document, 'script',\n        'https:\/\/connect.facebook.net\/en_US\/fbevents.js');\n    fbq('init', '522546078623747');\n    fbq('track', 'PageView');\n<\/script><br \/>\n<br \/><br \/>\n<br \/><a href=\"https:\/\/www.agrolink.com.br\/noticias\/semeadura-do-milho-avanca-e-mantem-projecao-produtiva_508516.html\">Source link <\/a><\/p>\n","protected":false},"excerpt":{"rendered":"<p>O Informativo Conjuntural divulgado pela Emater\/RS-Ascar na quinta-feira (27) aponta que a semeadura do milho no Rio Grande do Sul<\/p>\n","protected":false},"author":1,"featured_media":2361,"comment_status":"open","ping_status":"open","sticky":false,"template":"","format":"standard","meta":{"_monsterinsights_skip_tracking":false,"_monsterinsights_sitenote_active":false,"_monsterinsights_sitenote_note":"","_monsterinsights_sitenote_category":0,"_uf_show_specific_survey":0,"_uf_disable_surveys":false,"footnotes":""},"categories":[8,1,14],"tags":[],"class_list":["post-25068","post","type-post","status-publish","format-standard","has-post-thumbnail","hentry","category-agro","category-news","category-politica-agro"],"_links":{"self":[{"href":"https:\/\/agromt.news\/index.php?rest_route=\/wp\/v2\/posts\/25068"}],"collection":[{"href":"https:\/\/agromt.news\/index.php?rest_route=\/wp\/v2\/posts"}],"about":[{"href":"https:\/\/agromt.news\/index.php?rest_route=\/wp\/v2\/types\/post"}],"author":[{"embeddable":true,"href":"https:\/\/agromt.news\/index.php?rest_route=\/wp\/v2\/users\/1"}],"replies":[{"embeddable":true,"href":"https:\/\/agromt.news\/index.php?rest_route=%2Fwp%2Fv2%2Fcomments&post=25068"}],"version-history":[{"count":0,"href":"https:\/\/agromt.news\/index.php?rest_route=\/wp\/v2\/posts\/25068\/revisions"}],"wp:featuredmedia":[{"embeddable":true,"href":"https:\/\/agromt.news\/index.php?rest_route=\/wp\/v2\/media\/2361"}],"wp:attachment":[{"href":"https:\/\/agromt.news\/index.php?rest_route=%2Fwp%2Fv2%2Fmedia&parent=25068"}],"wp:term":[{"taxonomy":"category","embeddable":true,"href":"https:\/\/agromt.news\/index.php?rest_route=%2Fwp%2Fv2%2Fcategories&post=25068"},{"taxonomy":"post_tag","embeddable":true,"href":"https:\/\/agromt.news\/index.php?rest_route=%2Fwp%2Fv2%2Ftags&post=25068"}],"curies":[{"name":"wp","href":"https:\/\/api.w.org\/{rel}","templated":true}]}}