{"id":25001,"date":"2025-12-01T14:11:54","date_gmt":"2025-12-01T18:11:54","guid":{"rendered":"https:\/\/agromt.news\/?p=25001"},"modified":"2025-12-01T14:11:54","modified_gmt":"2025-12-01T18:11:54","slug":"producao-de-soja-recua-09-na-safra-25-26-aponta-stonex","status":"publish","type":"post","link":"https:\/\/agromt.news\/?p=25001","title":{"rendered":"Produ\u00e7\u00e3o de soja recua 0,9% na safra 25\/26, aponta StoneX"},"content":{"rendered":"<p> <br \/>\n<br \/><img decoding=\"async\" src=\"https:\/\/agromt.news\/wp-content\/uploads\/2025\/12\/Producao-de-soja-recua-09-na-safra-2526-aponta-StoneX.jpg\" \/><\/p>\n<div>\n<p>A <a href=\"https:\/\/www.stonex.com\/pt-br\/lp\/stonex-gives-you-more\/?kw=stonex&amp;gclsrc=aw.ds&amp;gad_source=1&amp;gad_campaignid=22198819670&amp;gbraid=0AAAAA9fkX19olfn9ouY5ak_3os1j7UA0x&amp;gclid=CjwKCAiAlrXJBhBAEiwA-5pgwqWCh9Egjx7nqAmqVxvpiOlI0XCGUSe7R_2uXT4Qm4iGvqGM3i--2RoCwb0QAvD_BwE\">StoneX<\/a>, empresa global de servi\u00e7os financeiros, apresentou novos dados para a safra de soja 2025\/26. Na atualiza\u00e7\u00e3o de dezembro, a consultoria ajustou para baixo a estimativa de produ\u00e7\u00e3o nacional, agora projetada em 177,2 milh\u00f5es de toneladas, ainda um recorde hist\u00f3rico, por\u00e9m 0,9% inferior ao previsto no relat\u00f3rio anterior.<\/p>\n<ul class=\"wp-block-list\">\n<li><strong><em>Fique por dentro das novidades e not\u00edcias recentes sobre a soja! Participe da nossa comunidade atrav\u00e9s do\u00a0<a href=\"https:\/\/chat.whatsapp.com\/BmMRwA0TZ2DHGyhzoaVEWu\">link<\/a>! \ud83c\udf31<\/em><\/strong><\/li>\n<\/ul>\n<p>A redu\u00e7\u00e3o decorre principalmente de uma menor produtividade, apesar do leve aumento da \u00e1rea plantada. As irregularidades das precipita\u00e7\u00f5es, especialmente em regi\u00f5es de grande peso na produ\u00e7\u00e3o brasileira, continuam impactando o potencial produtivo.<\/p>\n<p>De acordo com Ana Luiza Lodi, especialista de Intelig\u00eancia de Mercado da StoneX, os estados de Mato Grosso e Goi\u00e1s apresentaram cortes na produtividade estimada. \u201cNo maior produtor do pa\u00eds, Mato Grosso, houve ainda um leve recuo na \u00e1rea plantada, devido a atrasos no plantio e \u00e0 necessidade de replantio em algumas localidades\u201d, explica.<\/p>\n<p>Embora estados das regi\u00f5es Norte e Nordeste tenham registrado expans\u00e3o de \u00e1rea, esse avan\u00e7o n\u00e3o compensou as perdas previstas no Centro-Oeste, regi\u00e3o determinante para o desempenho nacional. \u201cA consolida\u00e7\u00e3o do potencial produtivo depender\u00e1 do comportamento das chuvas nos pr\u00f3ximos meses. Uma regulariza\u00e7\u00e3o das precipita\u00e7\u00f5es ser\u00e1 essencial para confirmar as expectativas da safra\u201d, destaca Ana.<\/p>\n<h2 class=\"wp-block-heading\" id=\"h-milho-registra-alta-de-1-9\"><strong>Milho registra alta de 1,9%<\/strong><\/h2>\n<p>A StoneX tamb\u00e9m revisou sua proje\u00e7\u00e3o para o milho ver\u00e3o 2025\/26, elevando a estimativa de produ\u00e7\u00e3o nacional para 26,1 milh\u00f5es de toneladas, aumento de 1,9% em rela\u00e7\u00e3o ao relat\u00f3rio de novembro.<\/p>\n<p>O ajuste reflete o crescimento da \u00e1rea prevista em estados do Norte e Nordeste, onde o plantio da primeira safra ocorre mais tarde. \u201cNa produtividade, o Rio Grande do Sul se destacou pelo bom desenvolvimento das lavouras at\u00e9 o momento, embora a consolida\u00e7\u00e3o desse cen\u00e1rio ainda dependa de chuvas ao longo de dezembro\u201d, comenta Ana.<\/p>\n<h2 class=\"wp-block-heading\" id=\"h-segunda-safra-de-milho-recua-1-1\"><strong>Segunda safra de milho recua 1,1%<\/strong><\/h2>\n<p>J\u00e1 a segunda safra de milho caiu para 105,8 milh\u00f5es de toneladas, recuo de 1,1% em rela\u00e7\u00e3o ao m\u00eas anterior, devido a atrasos no ciclo da soja que podem afetar o plantio da safrinha. Considerando tamb\u00e9m a terceira safra, estimada em 2,5 milh\u00f5es de toneladas, a produ\u00e7\u00e3o total de milho 2025\/26 \u00e9 projetada em 134,4 milh\u00f5es de toneladas, 0,6% abaixo do levantamento de novembro.<\/p>\n<p>\u201cO comportamento clim\u00e1tico seguir\u00e1 central para a defini\u00e7\u00e3o do potencial produtivo do milho nos pr\u00f3ximos meses\u201d, conclui Ana Luiza Lodi.<\/p>\n<\/p><\/div>\n<p><br \/>\n<br \/><a href=\"https:\/\/www.canalrural.com.br\/agricultura\/projeto-soja-brasil\/producao-de-soja-recua-09-na-safra-25-26-aponta-stonex\/\">Source link <\/a><\/p>\n","protected":false},"excerpt":{"rendered":"<p>A StoneX, empresa global de servi\u00e7os financeiros, apresentou novos dados para a safra de soja 2025\/26. Na atualiza\u00e7\u00e3o de dezembro,<\/p>\n","protected":false},"author":1,"featured_media":25002,"comment_status":"open","ping_status":"open","sticky":false,"template":"","format":"standard","meta":{"_monsterinsights_skip_tracking":false,"_monsterinsights_sitenote_active":false,"_monsterinsights_sitenote_note":"","_monsterinsights_sitenote_category":0,"_uf_show_specific_survey":0,"_uf_disable_surveys":false,"footnotes":""},"categories":[1],"tags":[],"class_list":["post-25001","post","type-post","status-publish","format-standard","has-post-thumbnail","hentry","category-news"],"_links":{"self":[{"href":"https:\/\/agromt.news\/index.php?rest_route=\/wp\/v2\/posts\/25001"}],"collection":[{"href":"https:\/\/agromt.news\/index.php?rest_route=\/wp\/v2\/posts"}],"about":[{"href":"https:\/\/agromt.news\/index.php?rest_route=\/wp\/v2\/types\/post"}],"author":[{"embeddable":true,"href":"https:\/\/agromt.news\/index.php?rest_route=\/wp\/v2\/users\/1"}],"replies":[{"embeddable":true,"href":"https:\/\/agromt.news\/index.php?rest_route=%2Fwp%2Fv2%2Fcomments&post=25001"}],"version-history":[{"count":0,"href":"https:\/\/agromt.news\/index.php?rest_route=\/wp\/v2\/posts\/25001\/revisions"}],"wp:featuredmedia":[{"embeddable":true,"href":"https:\/\/agromt.news\/index.php?rest_route=\/wp\/v2\/media\/25002"}],"wp:attachment":[{"href":"https:\/\/agromt.news\/index.php?rest_route=%2Fwp%2Fv2%2Fmedia&parent=25001"}],"wp:term":[{"taxonomy":"category","embeddable":true,"href":"https:\/\/agromt.news\/index.php?rest_route=%2Fwp%2Fv2%2Fcategories&post=25001"},{"taxonomy":"post_tag","embeddable":true,"href":"https:\/\/agromt.news\/index.php?rest_route=%2Fwp%2Fv2%2Ftags&post=25001"}],"curies":[{"name":"wp","href":"https:\/\/api.w.org\/{rel}","templated":true}]}}