{"id":24936,"date":"2025-11-29T16:12:32","date_gmt":"2025-11-29T20:12:32","guid":{"rendered":"https:\/\/agromt.news\/?p=24936"},"modified":"2025-11-29T16:12:32","modified_gmt":"2025-11-29T20:12:32","slug":"pesquisa-identifica-nova-especie-de-praga-da-cana-de-acucar","status":"publish","type":"post","link":"https:\/\/agromt.news\/?p=24936","title":{"rendered":"Pesquisa identifica nova esp\u00e9cie de praga da cana-de-a\u00e7\u00facar"},"content":{"rendered":"<p> <br \/>\n<br \/><img decoding=\"async\" src=\"https:\/\/agromt.news\/wp-content\/uploads\/2025\/11\/Pesquisa-identifica-nova-especie-de-praga-da-cana-de-acucar.jpg\" \/><\/p>\n<div>\n<p>Pesquisadores do Instituto de Bioci\u00eancias (IB) da Unesp e PUC-RS descreveram uma nova esp\u00e9cie da chamada <strong>\u201ccigarrinha\u201d<\/strong>, nome popular para uma das pragas mais relatadas nas planta\u00e7\u00f5es de <strong><a href=\"https:\/\/www.canalrural.com.br\/tag\/cana-de-acucar\/\">cana-de-a\u00e7\u00facar<\/a><\/strong>, atividade agr\u00edcola central para a economia do pa\u00eds.<\/p>\n<p>O novo achado cient\u00edfico foi detalhado em\u00a0artigo publicado no Bulletin of Entomological Research, da Universidade de Cambridge, em outubro deste ano.<\/p>\n<p>Dentre as esp\u00e9cies anteriormente j\u00e1 identificadas como cigarrinha-da-raiz, a\u00a0<em>Mahanarva fimbriolata<\/em>\u00a0e a\u00a0<em>Mahanarva spectabilis<\/em>\u00a0s\u00e3o as mais conhecidas por atacar as planta\u00e7\u00f5es de cana-de-a\u00e7\u00facar. <\/p>\n<p>Os <strong><a href=\"https:\/\/www.canalrural.com.br\/tag\/insetos\/#google_vignette\">insetos<\/a><\/strong>, de colora\u00e7\u00e3o marrom-avermelhada, alimentam-se da seiva da cana e, ao faz\u00ea-lo, transmitem toxinas que causam a queima das folhas e a perda de sacarose. A nova esp\u00e9cie recebeu o nome de\u00a0<em>Mahanarva diakantha<\/em>. <\/p>\n<p>Al\u00e9m disso, estima-se que a infesta\u00e7\u00e3o possa causar preju\u00edzos de at\u00e9 36 toneladas por alqueire.<\/p>\n<p>Docente do IB e um dos autores do artigo, Diogo Cavalcanti Cabral-de-Mello atua h\u00e1 14 anos em um laborat\u00f3rio do Departamento de Biologia Geral e Aplicada dedicado ao estudo da evolu\u00e7\u00e3o gen\u00f4mica de insetos. <\/p>\n<p>O trabalho especializado na investiga\u00e7\u00e3o da diferencia\u00e7\u00e3o gen\u00f4mica de insetos fez com que o professor recebesse o contato de empresas agr\u00edcolas. No entanto, o principal problema era uma resist\u00eancia que a cigarrinha demonstrava \u00e0 a\u00e7\u00e3o de defensivos usados habitualmente.<\/p>\n<p>\u201cAlguns produtores estavam enfrentando dificuldades para controlar a praga por meio de defensivos qu\u00edmicos, por isso, pediram nossa ajuda\u201d, diz o docente.<\/p>\n<h2 class=\"wp-block-heading\" id=\"h-inicio-do-estudo\">In\u00edcio do estudo<\/h2>\n<p>Uma pesquisadora da unidade da Embrapa em Araras formulou a hip\u00f3tese de que talvez se tratasse de uma esp\u00e9cie diferente e enviou amostras para serem analisadas por um grupo de pesquisadores da PUC-RS que atua na \u00e1rea de taxonomia de insetos. <\/p>\n<p>A partir dessa suspeita, os grupos de pesquisadores da Unesp e da PUC-RS come\u00e7aram a trabalhar em conjunto por duas vias: a an\u00e1lise morfol\u00f3gica, feita pelos cientistas Andressa Paladini e Gerv\u00e1sio Silva Carvalho, e a an\u00e1lise gen\u00e9tica, conduzida por Mello.<\/p>\n<p>Cada equipe estudou as amostras fornecidas pela empresa e reuniu as evid\u00eancias que terminaram por confirmar que se tratava de uma nova esp\u00e9cie. <\/p>\n<p>As amostras colhidas junto aos produtores rurais foram comparadas com dados das esp\u00e9cies j\u00e1 catalogadas para identificar semelhan\u00e7as e diferen\u00e7as gen\u00e9ticas. Devido a um marcador de DNA presente nas mitoc\u00f4ndrias, o docente da Unesp conseguiu fazer a distin\u00e7\u00e3o entre as esp\u00e9cies.<\/p>\n<p>\u201cEm uma das esp\u00e9cies, esse marcador gen\u00e9tico apresenta um padr\u00e3o conhecido que \u00e9 conservado, com pequenas varia\u00e7\u00f5es. No caso de esp\u00e9cies diferentes, o marcador sofre varia\u00e7\u00f5es maiores. Isso nos permite dizer que o indiv\u00edduo pertence a uma ou outra esp\u00e9cie\u201d, diz.<\/p>\n<p>Os pesquisadores analisaram mais de 300 indiv\u00edduos coletados entre 2012 e 2015 nas usinas de cana-de-a\u00e7\u00facar. Diogo Mello ainda completa que para estabelecer a diferencia\u00e7\u00e3o entre esp\u00e9cies de insetos, n\u00e3o h\u00e1 um n\u00famero definido.<\/p>\n<p>\u201cIsso vai depender do grupo em quest\u00e3o. No caso dos mam\u00edferos, j\u00e1 est\u00e1 bem estabelecido. Insetos, por\u00e9m, s\u00e3o um grupo muito mais diverso e \u00e9 dif\u00edcil estabelecer os par\u00e2metros\u201d, finaliza.<\/p>\n<h2 class=\"wp-block-heading\" id=\"h-identificacao-e-proximos-passos\">Identifica\u00e7\u00e3o e pr\u00f3ximos passos<\/h2>\n<p>Nesse sentido, surge a necessidade de uma an\u00e1lise morfol\u00f3gica complementar para que se constatasse que o que estava diante dos olhos dos pesquisadores era, efetivamente, uma esp\u00e9cie diferente. <\/p>\n<p>\u201cNa taxonomia integrativa \u00e9 importante adotar v\u00e1rias linhas de evid\u00eancia. Embora a an\u00e1lise gen\u00e9tica sozinha n\u00e3o assegure 100% de seguran\u00e7a para a avalia\u00e7\u00e3o, a uni\u00e3o com outros dados refor\u00e7a o fato de que se trata de uma nova esp\u00e9cie\u201d, afirma o docente.<\/p>\n<p>Na an\u00e1lise morfol\u00f3gica, Andressa Paladini identificou uma diferen\u00e7a sutil, mas marcante, na genit\u00e1lia dos machos. A nova esp\u00e9cie possui uma parte da genit\u00e1lia bifurcada e pontiaguda, enquanto as outras apresentam um formato quadrangular n\u00e3o bifurcado. <\/p>\n<p>Essa caracter\u00edstica inspirou o nome do inseto descoberto: Mahanarva diakantha, termo que significa \u201cdois espinhos\u201d.<\/p>\n<p>A identifica\u00e7\u00e3o da nova esp\u00e9cie \u00e9 o primeiro passo para a elabora\u00e7\u00e3o de estrat\u00e9gias e produtos de controle adequados. <\/p>\n<p>\u201cMesmo que as esp\u00e9cies sejam pr\u00f3ximas, um produto pode ser eficaz contra uma (praga), mas n\u00e3o contra outra. Aparentemente era isso que estava sendo observado nas usinas\u201d, explica Mello.<\/p>\n<p><em>*Com informa\u00e7\u00f5es do Jornal da Unesp\/Nathan Sampaio<\/em><\/p>\n<\/p><\/div>\n<p><br \/>\n<br \/><a href=\"https:\/\/www.canalrural.com.br\/agricultura\/cana\/pesquisa-identifica-nova-especie-de-praga-da-cana-de-acucar\/\">Source link <\/a><\/p>\n","protected":false},"excerpt":{"rendered":"<p>Pesquisadores do Instituto de Bioci\u00eancias (IB) da Unesp e PUC-RS descreveram uma nova esp\u00e9cie da chamada \u201ccigarrinha\u201d, nome popular para<\/p>\n","protected":false},"author":1,"featured_media":24937,"comment_status":"open","ping_status":"open","sticky":false,"template":"","format":"standard","meta":{"_monsterinsights_skip_tracking":false,"_monsterinsights_sitenote_active":false,"_monsterinsights_sitenote_note":"","_monsterinsights_sitenote_category":0,"_uf_show_specific_survey":0,"_uf_disable_surveys":false,"footnotes":""},"categories":[1],"tags":[],"class_list":["post-24936","post","type-post","status-publish","format-standard","has-post-thumbnail","hentry","category-news"],"_links":{"self":[{"href":"https:\/\/agromt.news\/index.php?rest_route=\/wp\/v2\/posts\/24936"}],"collection":[{"href":"https:\/\/agromt.news\/index.php?rest_route=\/wp\/v2\/posts"}],"about":[{"href":"https:\/\/agromt.news\/index.php?rest_route=\/wp\/v2\/types\/post"}],"author":[{"embeddable":true,"href":"https:\/\/agromt.news\/index.php?rest_route=\/wp\/v2\/users\/1"}],"replies":[{"embeddable":true,"href":"https:\/\/agromt.news\/index.php?rest_route=%2Fwp%2Fv2%2Fcomments&post=24936"}],"version-history":[{"count":0,"href":"https:\/\/agromt.news\/index.php?rest_route=\/wp\/v2\/posts\/24936\/revisions"}],"wp:featuredmedia":[{"embeddable":true,"href":"https:\/\/agromt.news\/index.php?rest_route=\/wp\/v2\/media\/24937"}],"wp:attachment":[{"href":"https:\/\/agromt.news\/index.php?rest_route=%2Fwp%2Fv2%2Fmedia&parent=24936"}],"wp:term":[{"taxonomy":"category","embeddable":true,"href":"https:\/\/agromt.news\/index.php?rest_route=%2Fwp%2Fv2%2Fcategories&post=24936"},{"taxonomy":"post_tag","embeddable":true,"href":"https:\/\/agromt.news\/index.php?rest_route=%2Fwp%2Fv2%2Ftags&post=24936"}],"curies":[{"name":"wp","href":"https:\/\/api.w.org\/{rel}","templated":true}]}}