{"id":24909,"date":"2025-11-29T07:21:35","date_gmt":"2025-11-29T11:21:35","guid":{"rendered":"https:\/\/agromt.news\/?p=24909"},"modified":"2025-11-29T07:21:35","modified_gmt":"2025-11-29T11:21:35","slug":"milho-segue-estavel-no-brasil-com-plantio-adiantado","status":"publish","type":"post","link":"https:\/\/agromt.news\/?p=24909","title":{"rendered":"Milho segue est\u00e1vel no Brasil com plantio adiantado"},"content":{"rendered":"<p> <br \/>\n<\/p>\n<div>\n<div class=\"row\">\n<div class=\"col-lg col-infos mt-0 mt-lg-0\">\n<div class=\"section-sub-title\">\n<p itemprop=\"description\">&#13;<br \/>\n                                Mercado segue com vi\u00e9s de estabilidade no curto prazo&#13;\n                            <\/p>\n<\/p><\/div>\n<div class=\"container\">\n<div class=\"row\">\n<div class=\"col-lg p-0\">\n<div>\n<div class=\"block-news-main-infos mt-3 text-start\">\n<p>                                            <strong class=\"fn\" itemprop=\"author\" style=\"color: rgb(112, 112, 112); \">&#13;<br \/>\n                                                <a href=\"https:\/\/www.agrolink.com.br\/noticias\/javascript:;\" class=\"text-uppercase\" target=\"_blank\" style=\"color: rgb(112, 112, 112); \" rel=\"noopener\">Agrolink<\/a>&#13;<br \/>\n&#13;<br \/>\n                                                    &#8211; Aline Merladete&#13;<br \/>\n&#13;<br \/>\n                                            <\/strong><br \/>\n                                        <\/p>\n<p>                                            <abbr><time datetime=\"2025 - 11 - 28T13:48\" itemprop=\"datePublished dateModified\"> Publicado em 28\/11\/2025 \u00e0s 13:48h.<\/time><\/abbr>\n                                    <\/div>\n<\/p><\/div>\n<\/p><\/div>\n<div class=\"col-lg p-0 text-lg-end\">\n<div>\n<div id=\"mdEnviarPagina\" class=\"modal fade\" role=\"dialog\">\n<div class=\"modal-dialog\">\n<div class=\"modal-content\">\n<div class=\"modal-body\">\n<p><strong>Estimado usu\u00e1rio.<\/strong><br \/>Preencha o formul\u00e1rio abaixo para remeter a p\u00e1gina.<\/p>\n<\/p><\/div>\n<\/p><\/div>\n<\/p><\/div>\n<\/div><\/div>\n<\/p><\/div>\n<\/p><\/div>\n<\/p><\/div>\n<\/p><\/div>\n<\/p><\/div>\n<div class=\"row justify-content-md-center mt-3\">\n<div class=\"col-lg-auto col-image block-news-main-image\">\n<p>                                <img decoding=\"async\" src=\"https:\/\/www.agrolink.com.br\/upload\/imagens-resizes\/244acf91e9e64f3f953a79de08a814ea_858x483.jpg\" class=\"lazyload img-fluid\"\/><br \/>\n                                                <span class=\"publicity-photo d-block mt-1\">Foto: USDA<\/span><\/p><\/div>\n<\/p><\/div>\n<div class=\"section-description section-description-noticias mt-3\">\n<p style=\"text-align:justify\">Os pre\u00e7os do <a href=\"https:\/\/www.agrolink.com.br\/culturas\/milho?utm_source=agrolink-detalhe-noticia&amp;utm_medium=detalhe-noticia&amp;utm_campaign=links-internos&#9;\" target=\"_blank\" rel=\"noopener\">milho<\/a> no Brasil mantiveram-se praticamente est\u00e1veis na semana, variando entre R$ 50,00 e R$ 66,00 por saca nas principais pra\u00e7as. No Rio Grande do Sul, o valor m\u00e9dio pago ao produtor ficou em R$ 62,18. Segundo a Central Internacional de An\u00e1lises Econ\u00f4micas e de Estudos de Mercado Agropecu\u00e1rio &#8211; CEEMA, o mercado segue com baixa liquidez, com produtores evitando vendas neste momento.&#13;\n<\/p>\n<p style=\"text-align:justify\">De acordo com levantamento da Conab, o plantio da safra de ver\u00e3o 2025\/26 atingiu 59,3% da \u00e1rea prevista at\u00e9 o dia 22 de novembro, ligeiramente acima da m\u00e9dia hist\u00f3rica (58,7%). Destaque para estados como Santa Catarina, com 98% da \u00e1rea semeada, e o Paran\u00e1, que j\u00e1 concluiu o plantio.<\/p>\n<p style=\"text-align:justify\">A estabilidade dos pre\u00e7os est\u00e1 relacionada \u00e0 postura cautelosa dos vendedores, que mant\u00eam as ofertas limitadas, e a uma demanda interna que atua apenas com compras pontuais. H\u00e1 tamb\u00e9m suporte por parte da ind\u00fastria de etanol, que vem mantendo uma demanda constante pelo cereal.&#13;\n<\/p>\n<p style=\"text-align:justify\">Embora o mercado externo esteja pressionado pela forte concorr\u00eancia dos EUA, que exportaram 17,5 milh\u00f5es de toneladas no atual ano comercial (72% a mais que no mesmo per\u00edodo do ano anterior), os embarques brasileiros de milho melhoraram em novembro. A expectativa \u00e9 de que o m\u00eas feche com 5 milh\u00f5es de toneladas exportadas pelo Brasil.<\/p>\n<p style=\"text-align:justify\">A preocupa\u00e7\u00e3o clim\u00e1tica j\u00e1 come\u00e7a a rondar a pr\u00f3xima safrinha, com previs\u00f5es de clima seco em algumas regi\u00f5es produtoras. Por ora, o mercado segue com vi\u00e9s de estabilidade no curto prazo.<\/p>\n<p>\u00a0<\/p>\n<\/p><\/div>\n<\/p><\/div>\n<p><script data-cfasync=\"false\">\n    !function (f, b, e, v, n, t, s) {\n        if (f.fbq) return; n = f.fbq = function () {\n            n.callMethod ?\n                n.callMethod.apply(n, arguments) : n.queue.push(arguments)\n        };\n        if (!f._fbq) f._fbq = n; n.push = n; n.loaded = !0; n.version = '2.0';\n        n.queue = []; t = b.createElement(e); t.async = !0;\n        t.src = v; s = b.getElementsByTagName(e)[0];\n        s.parentNode.insertBefore(t, s)\n    }(window, document, 'script',\n        'https:\/\/connect.facebook.net\/en_US\/fbevents.js');\n    fbq('init', '522546078623747');\n    fbq('track', 'PageView');\n<\/script><br \/>\n<br \/><br \/>\n<br \/><a href=\"https:\/\/www.agrolink.com.br\/noticias\/milho-segue-estavel-no-brasil-com-plantio-adiantado_508471.html\">Source link <\/a><\/p>\n","protected":false},"excerpt":{"rendered":"<p>&#13; Mercado segue com vi\u00e9s de estabilidade no curto prazo&#13; &#13; Agrolink&#13; &#13; &#8211; Aline Merladete&#13; &#13; Publicado em 28\/11\/2025<\/p>\n","protected":false},"author":1,"featured_media":2148,"comment_status":"open","ping_status":"open","sticky":false,"template":"","format":"standard","meta":{"_monsterinsights_skip_tracking":false,"_monsterinsights_sitenote_active":false,"_monsterinsights_sitenote_note":"","_monsterinsights_sitenote_category":0,"_uf_show_specific_survey":0,"_uf_disable_surveys":false,"footnotes":""},"categories":[8,1,14],"tags":[],"class_list":["post-24909","post","type-post","status-publish","format-standard","has-post-thumbnail","hentry","category-agro","category-news","category-politica-agro"],"_links":{"self":[{"href":"https:\/\/agromt.news\/index.php?rest_route=\/wp\/v2\/posts\/24909"}],"collection":[{"href":"https:\/\/agromt.news\/index.php?rest_route=\/wp\/v2\/posts"}],"about":[{"href":"https:\/\/agromt.news\/index.php?rest_route=\/wp\/v2\/types\/post"}],"author":[{"embeddable":true,"href":"https:\/\/agromt.news\/index.php?rest_route=\/wp\/v2\/users\/1"}],"replies":[{"embeddable":true,"href":"https:\/\/agromt.news\/index.php?rest_route=%2Fwp%2Fv2%2Fcomments&post=24909"}],"version-history":[{"count":0,"href":"https:\/\/agromt.news\/index.php?rest_route=\/wp\/v2\/posts\/24909\/revisions"}],"wp:featuredmedia":[{"embeddable":true,"href":"https:\/\/agromt.news\/index.php?rest_route=\/wp\/v2\/media\/2148"}],"wp:attachment":[{"href":"https:\/\/agromt.news\/index.php?rest_route=%2Fwp%2Fv2%2Fmedia&parent=24909"}],"wp:term":[{"taxonomy":"category","embeddable":true,"href":"https:\/\/agromt.news\/index.php?rest_route=%2Fwp%2Fv2%2Fcategories&post=24909"},{"taxonomy":"post_tag","embeddable":true,"href":"https:\/\/agromt.news\/index.php?rest_route=%2Fwp%2Fv2%2Ftags&post=24909"}],"curies":[{"name":"wp","href":"https:\/\/api.w.org\/{rel}","templated":true}]}}