{"id":24907,"date":"2025-11-29T05:22:49","date_gmt":"2025-11-29T09:22:49","guid":{"rendered":"https:\/\/agromt.news\/?p=24907"},"modified":"2025-11-29T05:22:49","modified_gmt":"2025-11-29T09:22:49","slug":"bom-preparo-impulsiona-formacao-do-cafezal","status":"publish","type":"post","link":"https:\/\/agromt.news\/?p=24907","title":{"rendered":"Bom preparo impulsiona forma\u00e7\u00e3o do cafezal"},"content":{"rendered":"<p> <br \/>\n<\/p>\n<div>\n<div class=\"row\">\n<div class=\"col-lg col-infos mt-0 mt-lg-0\">\n<div class=\"section-sub-title\">\n<p itemprop=\"description\">&#13;<br \/>\n                                A escolha das mudas se torna um ponto central&#13;\n                            <\/p>\n<\/p><\/div>\n<div class=\"container\">\n<div class=\"row\">\n<div class=\"col-lg p-0\">\n<div>\n<div class=\"block-news-main-infos mt-3 text-start\">\n<p>                                            <strong class=\"fn\" itemprop=\"author\" style=\"color: rgb(112, 112, 112); \">&#13;<br \/>\n                                                <a href=\"https:\/\/www.agrolink.com.br\/noticias\/javascript:;\" class=\"text-uppercase\" target=\"_blank\" style=\"color: rgb(112, 112, 112); \" rel=\"noopener\">Agrolink<\/a>&#13;<br \/>\n&#13;<br \/>\n                                                    &#8211; Leonardo Gottems&#13;<br \/>\n&#13;<br \/>\n                                            <\/strong><br \/>\n                                        <\/p>\n<p>                                            <abbr><time datetime=\"2025 - 11 - 28T13:52\" itemprop=\"datePublished dateModified\"> Publicado em 28\/11\/2025 \u00e0s 13:52h.<\/time><\/abbr>\n                                    <\/div>\n<\/p><\/div>\n<\/p><\/div>\n<div class=\"col-lg p-0 text-lg-end\">\n<div>\n<div id=\"mdEnviarPagina\" class=\"modal fade\" role=\"dialog\">\n<div class=\"modal-dialog\">\n<div class=\"modal-content\">\n<div class=\"modal-body\">\n<p><strong>Estimado usu\u00e1rio.<\/strong><br \/>Preencha o formul\u00e1rio abaixo para remeter a p\u00e1gina.<\/p>\n<\/p><\/div>\n<\/p><\/div>\n<\/p><\/div>\n<\/div><\/div>\n<\/p><\/div>\n<\/p><\/div>\n<\/p><\/div>\n<\/p><\/div>\n<\/p><\/div>\n<div class=\"row justify-content-md-center mt-3\">\n<div class=\"col-lg-auto col-image block-news-main-image\">\n<p>                                <img decoding=\"async\" src=\"https:\/\/www.agrolink.com.br\/upload\/imagens-resizes\/06fc521c9f9a4fdc9bafe679f28929a2_858x483.jpg\" class=\"lazyload img-fluid\" alt=\"A escolha das mudas se torna um ponto central\"\/><br \/>\n                                                <span class=\"d-block mt-1\">A escolha das mudas se torna um ponto central &#8211; Foto: Divulga\u00e7\u00e3o<\/span><\/p><\/div>\n<\/p><\/div>\n<div class=\"section-description section-description-noticias mt-3\">\n<p>A forma\u00e7\u00e3o de uma lavoura de caf\u00e9 come\u00e7a muito antes da entrada das mudas no campo e depende de etapas que determinam o resultado do cultivo ao longo dos anos. O planejamento adequado orienta cada decis\u00e3o do produtor e o preparo do solo garante as condi\u00e7\u00f5es f\u00edsicas necess\u00e1rias para que as plantas encontrem ambiente favor\u00e1vel ao enraizamento e ao crescimento inicial. Nessa fase, a escolha das mudas se torna um ponto central, j\u00e1 que esse material define o potencial de desenvolvimento e a longevidade do cafezal.&#13;\n<\/p>\n<p>Mesmo quando apresentam apar\u00eancia saud\u00e1vel, as mudas podem esconder falhas internas que comprometem seu desempenho. Problemas no sistema radicular, como ra\u00edzes tortas, bifurcadas, presen\u00e7a de nematoides e outras deforma\u00e7\u00f5es, dificultam o estabelecimento no campo e reduzem a vitalidade das plantas. Essas limita\u00e7\u00f5es tendem a se refletir em crescimento lento, folhas amareladas ou murchas, queda precoce da folhagem e maior risco de morte, o que compromete o investimento feito no in\u00edcio da lavoura.<\/p>\n<p>Por outro lado, mudas com ra\u00edzes bem formadas garantem melhor absor\u00e7\u00e3o de \u00e1gua e nutrientes, maior resist\u00eancia a pragas e doen\u00e7as e contribuem para lavouras mais est\u00e1veis e dur\u00e1veis. Um sistema radicular estruturado aumenta a capacidade de adapta\u00e7\u00e3o das plantas e sustenta seu desenvolvimento em condi\u00e7\u00f5es variadas de clima e solo, refor\u00e7ando o desempenho produtivo ao longo do ciclo.&#13;\n<\/p>\n<p>Para assegurar esse padr\u00e3o de qualidade, \u00e9 essencial adquirir mudas provenientes de viveiros certificados, pr\u00e1tica que reduz o risco de problemas invis\u00edveis e fortalece a base da produ\u00e7\u00e3o. O planejamento antecipado e o preparo correto do solo completam o conjunto de cuidados que elevam as chances de sucesso da lavoura. As informa\u00e7\u00f5es s\u00e3o de Camila de Resende, auxiliar de compras do agroneg\u00f3cio.<br \/>&#13;<br \/>\n\u00a0<\/p>\n<\/p><\/div>\n<\/p><\/div>\n<p><script data-cfasync=\"false\">\n    !function (f, b, e, v, n, t, s) {\n        if (f.fbq) return; n = f.fbq = function () {\n            n.callMethod ?\n                n.callMethod.apply(n, arguments) : n.queue.push(arguments)\n        };\n        if (!f._fbq) f._fbq = n; n.push = n; n.loaded = !0; n.version = '2.0';\n        n.queue = []; t = b.createElement(e); t.async = !0;\n        t.src = v; s = b.getElementsByTagName(e)[0];\n        s.parentNode.insertBefore(t, s)\n    }(window, document, 'script',\n        'https:\/\/connect.facebook.net\/en_US\/fbevents.js');\n    fbq('init', '522546078623747');\n    fbq('track', 'PageView');\n<\/script><br \/>\n<br \/><br \/>\n<br \/><a href=\"https:\/\/www.agrolink.com.br\/noticias\/bom-preparo-impulsiona-formacao-do-cafezal_508468.html\">Source link <\/a><\/p>\n","protected":false},"excerpt":{"rendered":"<p>&#13; A escolha das mudas se torna um ponto central&#13; &#13; Agrolink&#13; &#13; &#8211; Leonardo Gottems&#13; &#13; Publicado em 28\/11\/2025<\/p>\n","protected":false},"author":1,"featured_media":24908,"comment_status":"open","ping_status":"open","sticky":false,"template":"","format":"standard","meta":{"_monsterinsights_skip_tracking":false,"_monsterinsights_sitenote_active":false,"_monsterinsights_sitenote_note":"","_monsterinsights_sitenote_category":0,"_uf_show_specific_survey":0,"_uf_disable_surveys":false,"footnotes":""},"categories":[8,1,14],"tags":[],"class_list":["post-24907","post","type-post","status-publish","format-standard","has-post-thumbnail","hentry","category-agro","category-news","category-politica-agro"],"_links":{"self":[{"href":"https:\/\/agromt.news\/index.php?rest_route=\/wp\/v2\/posts\/24907"}],"collection":[{"href":"https:\/\/agromt.news\/index.php?rest_route=\/wp\/v2\/posts"}],"about":[{"href":"https:\/\/agromt.news\/index.php?rest_route=\/wp\/v2\/types\/post"}],"author":[{"embeddable":true,"href":"https:\/\/agromt.news\/index.php?rest_route=\/wp\/v2\/users\/1"}],"replies":[{"embeddable":true,"href":"https:\/\/agromt.news\/index.php?rest_route=%2Fwp%2Fv2%2Fcomments&post=24907"}],"version-history":[{"count":0,"href":"https:\/\/agromt.news\/index.php?rest_route=\/wp\/v2\/posts\/24907\/revisions"}],"wp:featuredmedia":[{"embeddable":true,"href":"https:\/\/agromt.news\/index.php?rest_route=\/wp\/v2\/media\/24908"}],"wp:attachment":[{"href":"https:\/\/agromt.news\/index.php?rest_route=%2Fwp%2Fv2%2Fmedia&parent=24907"}],"wp:term":[{"taxonomy":"category","embeddable":true,"href":"https:\/\/agromt.news\/index.php?rest_route=%2Fwp%2Fv2%2Fcategories&post=24907"},{"taxonomy":"post_tag","embeddable":true,"href":"https:\/\/agromt.news\/index.php?rest_route=%2Fwp%2Fv2%2Ftags&post=24907"}],"curies":[{"name":"wp","href":"https:\/\/api.w.org\/{rel}","templated":true}]}}